{"id":14687,"date":"2011-12-06T12:59:10","date_gmt":"2011-12-06T10:59:10","guid":{"rendered":"http:\/\/www.po-L.com\/belogue\/?p=14687"},"modified":"2012-01-17T12:42:02","modified_gmt":"2012-01-17T10:42:02","slug":"black-lips-la-maroquinerie","status":"publish","type":"post","link":"https:\/\/www.wallendorff.com\/belogue\/2011\/12\/06\/black-lips-la-maroquinerie\/","title":{"rendered":"Black Lips @ la Maroquinerie."},"content":{"rendered":"<div id=\"photo\">\n<p><img decoding=\"async\" src=\"https:\/\/www.wallendorff.com\/belogue\/photo\/2011\/12\/20111206.jpg\"><\/p>\n<\/div>\n<p style=\"text-align:right\">BLAAAACK KIDS<sup>1<\/sup><br \/>\nBLA BLABLA BLABLA<br \/>\nBLAAAACK KIDS<br \/>\nBLA BLABLA BLABLA<br \/>\nBLAAAACK KIDS<br \/>\nBLA BLABLA BLABLABLAAAA<br \/>\n[ad lib.]<\/p>\n<p style=\"text-align:right\">Si ma version vous pla&icirc;t pas, essayez la studio, ci-dessous, ou alors celle d&rsquo;hier &ndash;&nbsp;r\u00e9sumant tr\u00e8s bien la soir\u00e9e&nbsp;&ndash; sur ce <a href=\"http:\/\/www.youtube.com\/watch?v=kkUKUs85J-g\">lien-l&agrave;<\/a>.<\/p>\n<div id=\"bandeson\">\n<p><img decoding=\"async\" src=\"https:\/\/www.wallendorff.com\/belogue\/photo\/pochettes\/b\/black_lips-good_bad_not_evil.jpg\" align=\"left\"><a href=\"http:\/\/www.black-lips.com\/\">Black Lips<\/a> &ndash; <em>Bad Kids<\/em><sup>2<\/sup><br \/>\n[youtube]http:\/\/www.youtube.com\/watch?v=lrNSjItTfes[\/youtube]<\/p>\n<\/div>ngg_shortcode_0_placeholder<div id=\"bas_note\">\n<p>_____ <\/p>\n<p>1. Un ami me fait remarquer que \u00ab yo, c&rsquo;est pas \u201cblack kids\u201d mais bien \u201cbad kids\u201d \u00bb, ce qui est tout \u00e0 fait juste. Je vous informe donc que le chant retranscrit ci-dessus est celui que je scandai hier soir en sortant de la Maro et qu&rsquo;hier soir, j&rsquo;avais bu.<\/p>\n<p>2. Je sais que c&rsquo;est la m&ecirc;me bande-son que <a href=\"https:\/\/www.wallendorff.com\/belogue\/2011\/05\/18\/black-lips-le-centquatre-paris\/\">la derni&egrave;re fois<\/a> mais j&rsquo;y peux rien, \u00e0 chaque fois elle me reste dans la t\u00eate trois jours durant.<\/p>\n<\/div>\n","protected":false},"excerpt":{"rendered":"<p>BLAAAACK KIDS1 BLA BLABLA BLABLA BLAAAACK KIDS BLA BLABLA BLABLA BLAAAACK KIDS BLA BLABLA BLABLABLAAAA [ad lib.] Si ma version vous pla&icirc;t pas, essayez la studio, ci-dessous, ou alors celle d&rsquo;hier &ndash;&nbsp;r\u00e9sumant tr\u00e8s bien la soir\u00e9e&nbsp;&ndash; sur ce lien-l&agrave;. Black Lips &ndash; Bad Kids2 [youtube]http:\/\/www.youtube.com\/watch?v=lrNSjItTfes[\/youtube] _____ 1. Un ami me fait remarquer que \u00ab yo,&hellip;<\/p>\n","protected":false},"author":1,"featured_media":26121,"comment_status":"open","ping_status":"open","sticky":false,"template":"","format":"standard","meta":{"_acf_changed":false,"ngg_post_thumbnail":0,"jetpack_post_was_ever_published":false,"_jetpack_newsletter_access":"","_jetpack_dont_email_post_to_subs":false,"_jetpack_newsletter_tier_id":0,"_jetpack_memberships_contains_paywalled_content":false,"_jetpack_memberships_contains_paid_content":false,"footnotes":"","jetpack_publicize_message":"","jetpack_publicize_feature_enabled":true,"jetpack_social_post_already_shared":false,"jetpack_social_options":{"image_generator_settings":{"template":"highway","default_image_id":0,"font":"","enabled":false},"version":2}},"categories":[7],"tags":[10840,10216,10084,4904,10889,2571,196,2615,10120,10121,10290,10098],"class_list":["post-14687","post","type-post","status-publish","format-standard","has-post-thumbnail","hentry","category-alive","tag-10840","tag-10216","tag-alive","tag-bad-kids","tag-black-lips","tag-ef-16-35-mm-f28l-ii-usm","tag-ef-28-70-mm-f28l-usm","tag-eos-5d-mark-ii","tag-france","tag-ile-de-france","tag-la-maroquinerie","tag-paris"],"acf":[],"geo":{"latitude":48.8685608,"longitude":2.3919244,"description":"18-26 Rue Boyer, 75020 Paris, France"},"jetpack_publicize_connections":[],"jetpack_featured_media_url":"https:\/\/www.wallendorff.com\/belogue\/wp-content\/uploads\/2015\/04\/201112061.jpg","jetpack_shortlink":"https:\/\/wp.me\/p3b35P-3OT","jetpack_sharing_enabled":true,"jetpack-related-posts":[{"id":1120,"url":"https:\/\/www.wallendorff.com\/belogue\/2007\/12\/27\/2007en-2\/","url_meta":{"origin":14687,"position":0},"title":"2007 en&#8230; #2.","author":"dpc","date":"27 d\u00e9cembre 2007","format":false,"excerpt":"La Maroquinerie, Paris, 1er novembre. pr\u00e9sentent Les 5 groupes inconnus au bataillon de 2006 et reconnus d'int\u00e9r\u00eat public en 2007 Les Wombats sont jeunes. Les Wombats sont dr\u00f4les. Les Wombats sont potes avec Paul McCartney. Les Wombats promeuvent les animaux \u00e0 gros derri\u00e8re. Les Wombats aiment se foutre sur la\u2026","rel":"","context":"Dans &quot;DPC&quot;","block_context":{"text":"DPC","link":"https:\/\/www.wallendorff.com\/belogue\/category\/dpc\/"},"img":{"alt_text":"","src":"https:\/\/i0.wp.com\/www.wallendorff.com\/belogue\/wp-content\/uploads\/2015\/04\/200712271.jpg?resize=350%2C200&ssl=1","width":350,"height":200},"classes":[]},{"id":4371,"url":"https:\/\/www.wallendorff.com\/belogue\/2009\/07\/15\/the-warlocks-la-maroquinerie-paris-10-juillet\/","url_meta":{"origin":14687,"position":1},"title":"The Warlocks @ la Maroquinerie, Paris, 10 juillet.","author":"dpc","date":"15 juillet 2009","format":false,"excerpt":"","rel":"","context":"Dans &quot;Alive&quot;","block_context":{"text":"Alive","link":"https:\/\/www.wallendorff.com\/belogue\/category\/alive\/"},"img":{"alt_text":"","src":"https:\/\/i0.wp.com\/www.wallendorff.com\/belogue\/wp-content\/uploads\/2015\/04\/20090715-011.jpg?resize=350%2C200&ssl=1","width":350,"height":200,"srcset":"https:\/\/i0.wp.com\/www.wallendorff.com\/belogue\/wp-content\/uploads\/2015\/04\/20090715-011.jpg?resize=350%2C200&ssl=1 1x, https:\/\/i0.wp.com\/www.wallendorff.com\/belogue\/wp-content\/uploads\/2015\/04\/20090715-011.jpg?resize=525%2C300&ssl=1 1.5x, https:\/\/i0.wp.com\/www.wallendorff.com\/belogue\/wp-content\/uploads\/2015\/04\/20090715-011.jpg?resize=700%2C400&ssl=1 2x"},"classes":[]},{"id":31554,"url":"https:\/\/www.wallendorff.com\/belogue\/2016\/07\/14\/fidlar-la-maroquinerie-paris\/","url_meta":{"origin":14687,"position":2},"title":"FIDLAR @ la Maroquinerie, Paris.","author":"dpc","date":"14 juillet 2016","format":false,"excerpt":"Toujours aussi fous. Punks FIDLAR","rel":"","context":"Dans &quot;Alive&quot;","block_context":{"text":"Alive","link":"https:\/\/www.wallendorff.com\/belogue\/category\/alive\/"},"img":{"alt_text":"","src":"https:\/\/i0.wp.com\/www.wallendorff.com\/belogue\/wp-content\/uploads\/2016\/07\/20160714-09-1.jpg?resize=350%2C200&ssl=1","width":350,"height":200,"srcset":"https:\/\/i0.wp.com\/www.wallendorff.com\/belogue\/wp-content\/uploads\/2016\/07\/20160714-09-1.jpg?resize=350%2C200&ssl=1 1x, https:\/\/i0.wp.com\/www.wallendorff.com\/belogue\/wp-content\/uploads\/2016\/07\/20160714-09-1.jpg?resize=525%2C300&ssl=1 1.5x, https:\/\/i0.wp.com\/www.wallendorff.com\/belogue\/wp-content\/uploads\/2016\/07\/20160714-09-1.jpg?resize=700%2C400&ssl=1 2x"},"classes":[]},{"id":21746,"url":"https:\/\/www.wallendorff.com\/belogue\/2013\/10\/08\/tunng-la-maroquinerie-paris\/","url_meta":{"origin":14687,"position":3},"title":"Tunng @ la Maroquinerie, Paris.","author":"dpc","date":"8 octobre 2013","format":false,"excerpt":"The VillageTunng \u00a0","rel":"","context":"Dans &quot;Alive&quot;","block_context":{"text":"Alive","link":"https:\/\/www.wallendorff.com\/belogue\/category\/alive\/"},"img":{"alt_text":"","src":"https:\/\/i0.wp.com\/www.wallendorff.com\/belogue\/wp-content\/uploads\/2015\/04\/201310081.jpg?resize=350%2C200&ssl=1","width":350,"height":200,"srcset":"https:\/\/i0.wp.com\/www.wallendorff.com\/belogue\/wp-content\/uploads\/2015\/04\/201310081.jpg?resize=350%2C200&ssl=1 1x, https:\/\/i0.wp.com\/www.wallendorff.com\/belogue\/wp-content\/uploads\/2015\/04\/201310081.jpg?resize=525%2C300&ssl=1 1.5x, https:\/\/i0.wp.com\/www.wallendorff.com\/belogue\/wp-content\/uploads\/2015\/04\/201310081.jpg?resize=700%2C400&ssl=1 2x"},"classes":[]},{"id":3715,"url":"https:\/\/www.wallendorff.com\/belogue\/2008\/12\/27\/2008en-2\/","url_meta":{"origin":14687,"position":4},"title":"2008 en&#8230; #2.","author":"dpc","date":"27 d\u00e9cembre 2008","format":false,"excerpt":"L'\u00c9lys\u00e9e-Montmartre, Paris, 8 d\u00e9cembre. Pr\u00e9sentent Les 5 groupes inconnus au bataillon de 2007 et reconnus d'int\u00e9r\u00eat public en 2008 Je suis effectivement rest\u00e9 sceptique devant le concert de l'\u00c9lys\u00e9e-Montmartre, mais malgr\u00e9 tout, les Black Angels ont l\u00e2ch\u00e9 cette ann\u00e9e un Directions to See a Ghost qui m'a bluff\u00e9 de sa\u2026","rel":"","context":"Dans &quot;DPC&quot;","block_context":{"text":"DPC","link":"https:\/\/www.wallendorff.com\/belogue\/category\/dpc\/"},"img":{"alt_text":"","src":"https:\/\/i0.wp.com\/www.wallendorff.com\/belogue\/wp-content\/uploads\/2015\/04\/200812271.jpg?resize=350%2C200&ssl=1","width":350,"height":200},"classes":[]},{"id":20919,"url":"https:\/\/www.wallendorff.com\/belogue\/2013\/05\/14\/the-raveonettes-la-maroquinerie-paris-12-mai\/","url_meta":{"origin":14687,"position":5},"title":"The Raveonettes @ la Maroquinerie, Paris, 12 mai.","author":"dpc","date":"14 mai 2013","format":false,"excerpt":"TwilightThe Raveonettes \u00a0","rel":"","context":"Dans &quot;Alive&quot;","block_context":{"text":"Alive","link":"https:\/\/www.wallendorff.com\/belogue\/category\/alive\/"},"img":{"alt_text":"","src":"https:\/\/i0.wp.com\/www.wallendorff.com\/belogue\/wp-content\/uploads\/2015\/04\/20130514.jpg?resize=350%2C200&ssl=1","width":350,"height":200,"srcset":"https:\/\/i0.wp.com\/www.wallendorff.com\/belogue\/wp-content\/uploads\/2015\/04\/20130514.jpg?resize=350%2C200&ssl=1 1x, https:\/\/i0.wp.com\/www.wallendorff.com\/belogue\/wp-content\/uploads\/2015\/04\/20130514.jpg?resize=525%2C300&ssl=1 1.5x, https:\/\/i0.wp.com\/www.wallendorff.com\/belogue\/wp-content\/uploads\/2015\/04\/20130514.jpg?resize=700%2C400&ssl=1 2x"},"classes":[]}],"_links":{"self":[{"href":"https:\/\/www.wallendorff.com\/belogue\/wp-json\/wp\/v2\/posts\/14687","targetHints":{"allow":["GET"]}}],"collection":[{"href":"https:\/\/www.wallendorff.com\/belogue\/wp-json\/wp\/v2\/posts"}],"about":[{"href":"https:\/\/www.wallendorff.com\/belogue\/wp-json\/wp\/v2\/types\/post"}],"author":[{"embeddable":true,"href":"https:\/\/www.wallendorff.com\/belogue\/wp-json\/wp\/v2\/users\/1"}],"replies":[{"embeddable":true,"href":"https:\/\/www.wallendorff.com\/belogue\/wp-json\/wp\/v2\/comments?post=14687"}],"version-history":[{"count":13,"href":"https:\/\/www.wallendorff.com\/belogue\/wp-json\/wp\/v2\/posts\/14687\/revisions"}],"predecessor-version":[{"id":15405,"href":"https:\/\/www.wallendorff.com\/belogue\/wp-json\/wp\/v2\/posts\/14687\/revisions\/15405"}],"wp:featuredmedia":[{"embeddable":true,"href":"https:\/\/www.wallendorff.com\/belogue\/wp-json\/wp\/v2\/media\/26121"}],"wp:attachment":[{"href":"https:\/\/www.wallendorff.com\/belogue\/wp-json\/wp\/v2\/media?parent=14687"}],"wp:term":[{"taxonomy":"category","embeddable":true,"href":"https:\/\/www.wallendorff.com\/belogue\/wp-json\/wp\/v2\/categories?post=14687"},{"taxonomy":"post_tag","embeddable":true,"href":"https:\/\/www.wallendorff.com\/belogue\/wp-json\/wp\/v2\/tags?post=14687"}],"curies":[{"name":"wp","href":"https:\/\/api.w.org\/{rel}","templated":true}]}}