{"id":14680,"date":"2011-12-05T11:08:22","date_gmt":"2011-12-05T09:08:22","guid":{"rendered":"http:\/\/www.po-L.com\/belogue\/?p=14680"},"modified":"2011-12-05T11:08:22","modified_gmt":"2011-12-05T09:08:22","slug":"eusses-tu-crux","status":"publish","type":"post","link":"https:\/\/www.wallendorff.com\/belogue\/2011\/12\/05\/eusses-tu-crux\/","title":{"rendered":"Eusses-tu crux."},"content":{"rendered":"<div id=\"photo\">\n<p><img decoding=\"async\" src=\"https:\/\/www.wallendorff.com\/belogue\/photo\/2011\/12\/20111205.jpg\"><br \/>\nRue de la Grotte, Lourdes, 17 septembre.<\/p>\n<\/div>\n<div id=\"bandeson\">\n<p><img decoding=\"async\" src=\"https:\/\/www.wallendorff.com\/belogue\/photo\/pochettes\/w\/waters-out_in_the_light.jpg\" align=\"left\"><a href=\"http:\/\/www.myspace.com\/thisiswaters\">Waters<\/a> &ndash; <em>Take Me Out to the Coast<\/em><br \/>\n[youtube]http:\/\/www.youtube.com\/watch?v=WszdG5d6vKo[\/youtube]<\/p>\n<\/div>\n","protected":false},"excerpt":{"rendered":"<p>Rue de la Grotte, Lourdes, 17 septembre. Waters &ndash; Take Me Out to the Coast [youtube]http:\/\/www.youtube.com\/watch?v=WszdG5d6vKo[\/youtube]<\/p>\n","protected":false},"author":1,"featured_media":25482,"comment_status":"open","ping_status":"open","sticky":false,"template":"","format":"standard","meta":{"_acf_changed":false,"ngg_post_thumbnail":0,"jetpack_post_was_ever_published":false,"_jetpack_newsletter_access":"","_jetpack_dont_email_post_to_subs":false,"_jetpack_newsletter_tier_id":0,"_jetpack_memberships_contains_paywalled_content":false,"_jetpack_memberships_contains_paid_content":false,"footnotes":"","jetpack_publicize_message":"","jetpack_publicize_feature_enabled":true,"jetpack_social_post_already_shared":false,"jetpack_social_options":{"image_generator_settings":{"template":"highway","default_image_id":0,"font":"","enabled":false},"version":2}},"categories":[3],"tags":[2615,10344,10120,10963,5390,10696,10962,5389,170,5398,5396,5397],"class_list":["post-14680","post","type-post","status-publish","format-standard","has-post-thumbnail","hentry","category-dpc","tag-eos-5d-mark-ii","tag-croix","tag-france","tag-hautes-pyrenees","tag-lourdes","tag-magasin","tag-midi-pyrenees","tag-rue-de-la-grotte","tag-sigma-70-300-mm-f4-56-dg-apo-macro","tag-take-me-out-to-the-coast","tag-vierge","tag-waters"],"acf":[],"geo":{"latitude":43.095253,"longitude":-0.0524667,"description":"Lourdes, Midi-Pyr\u00e9n\u00e9es, 65107 CEDEX, FR"},"jetpack_publicize_connections":[],"jetpack_featured_media_url":"https:\/\/www.wallendorff.com\/belogue\/wp-content\/uploads\/2015\/04\/201112051.jpg","jetpack_shortlink":"https:\/\/wp.me\/p3b35P-3OM","jetpack_sharing_enabled":true,"jetpack-related-posts":[{"id":14672,"url":"https:\/\/www.wallendorff.com\/belogue\/2011\/12\/03\/candeur\/","url_meta":{"origin":14680,"position":0},"title":"Candeur.","author":"dpc","date":"3 d\u00e9cembre 2011","format":false,"excerpt":"Rue de la Grotte, Lourdes, 17 septembre. Marvelous Darlings \u2013 I Don't Wanna Go to the Party [youtube]http:\/\/www.youtube.com\/watch?v=BASstPMu5H4[\/youtube]","rel":"","context":"Dans &quot;DPC&quot;","block_context":{"text":"DPC","link":"https:\/\/www.wallendorff.com\/belogue\/category\/dpc\/"},"img":{"alt_text":"","src":"","width":0,"height":0},"classes":[]},{"id":14775,"url":"https:\/\/www.wallendorff.com\/belogue\/2011\/12\/13\/lourde\/","url_meta":{"origin":14680,"position":1},"title":"Lourder.","author":"dpc","date":"13 d\u00e9cembre 2011","format":false,"excerpt":"Lourdes, 18 septembre. Lamb \u2013 One [youtube]http:\/\/www.youtube.com\/watch?v=jex6uYhlBns[\/youtube]","rel":"","context":"Dans &quot;DPC&quot;","block_context":{"text":"DPC","link":"https:\/\/www.wallendorff.com\/belogue\/category\/dpc\/"},"img":{"alt_text":"","src":"https:\/\/i0.wp.com\/www.wallendorff.com\/belogue\/wp-content\/uploads\/2015\/04\/201112131.jpg?resize=350%2C200&ssl=1","width":350,"height":200,"srcset":"https:\/\/i0.wp.com\/www.wallendorff.com\/belogue\/wp-content\/uploads\/2015\/04\/201112131.jpg?resize=350%2C200&ssl=1 1x, https:\/\/i0.wp.com\/www.wallendorff.com\/belogue\/wp-content\/uploads\/2015\/04\/201112131.jpg?resize=525%2C300&ssl=1 1.5x, https:\/\/i0.wp.com\/www.wallendorff.com\/belogue\/wp-content\/uploads\/2015\/04\/201112131.jpg?resize=700%2C400&ssl=1 2x"},"classes":[]},{"id":43880,"url":"https:\/\/www.wallendorff.com\/belogue\/2019\/09\/30\/septembre-2019\/","url_meta":{"origin":14680,"position":2},"title":"Septembre 2019.","author":"dpc","date":"30 septembre 2019","format":false,"excerpt":"Un trottoir, une cath\u00e9drale, un restaurant, un ap\u00e9ro, un b\u00e2timent colossal, un quai de m\u00e9tropolitain, un coucher de soleil, une colline, des pyramides, une autoroute, un cr\u00e9puscule, une grotte, un lever de soleil, une jet\u00e9e, un pont, une plage, une route, une vieille ville, un ap\u00e9ro, un trottoir, un quai\u2026","rel":"","context":"Dans &quot;Blog-note&quot;","block_context":{"text":"Blog-note","link":"https:\/\/www.wallendorff.com\/belogue\/category\/blog-note\/"},"img":{"alt_text":"","src":"https:\/\/i0.wp.com\/www.wallendorff.com\/belogue\/wp-content\/uploads\/2019\/10\/20191015-15.jpg?resize=350%2C200&ssl=1","width":350,"height":200,"srcset":"https:\/\/i0.wp.com\/www.wallendorff.com\/belogue\/wp-content\/uploads\/2019\/10\/20191015-15.jpg?resize=350%2C200&ssl=1 1x, https:\/\/i0.wp.com\/www.wallendorff.com\/belogue\/wp-content\/uploads\/2019\/10\/20191015-15.jpg?resize=525%2C300&ssl=1 1.5x, https:\/\/i0.wp.com\/www.wallendorff.com\/belogue\/wp-content\/uploads\/2019\/10\/20191015-15.jpg?resize=700%2C400&ssl=1 2x, https:\/\/i0.wp.com\/www.wallendorff.com\/belogue\/wp-content\/uploads\/2019\/10\/20191015-15.jpg?resize=1050%2C600&ssl=1 3x"},"classes":[]},{"id":22992,"url":"https:\/\/www.wallendorff.com\/belogue\/2014\/05\/31\/mai-2014\/","url_meta":{"origin":14680,"position":3},"title":"Mai 2014.","author":"dpc","date":"31 mai 2014","format":false,"excerpt":"Des ponts, un anniversaire, une expo, un avion, une plage, une soir\u00e9e d\u00e9guis\u00e9e, un guitariste nudiste, deux concerts, un mariage, un train, une nuit, un train, un anniversaire, une session photo, une autre session photo, un orage, un concert, un film, une soucoupe et un mariage et 3\u00a0562\u00a0km de plus\u2026","rel":"","context":"Dans &quot;Blog-note&quot;","block_context":{"text":"Blog-note","link":"https:\/\/www.wallendorff.com\/belogue\/category\/blog-note\/"},"img":{"alt_text":"","src":"https:\/\/i0.wp.com\/www.wallendorff.com\/belogue\/wp-content\/uploads\/2015\/04\/20140618-271.jpg?resize=350%2C200&ssl=1","width":350,"height":200,"srcset":"https:\/\/i0.wp.com\/www.wallendorff.com\/belogue\/wp-content\/uploads\/2015\/04\/20140618-271.jpg?resize=350%2C200&ssl=1 1x, https:\/\/i0.wp.com\/www.wallendorff.com\/belogue\/wp-content\/uploads\/2015\/04\/20140618-271.jpg?resize=525%2C300&ssl=1 1.5x, https:\/\/i0.wp.com\/www.wallendorff.com\/belogue\/wp-content\/uploads\/2015\/04\/20140618-271.jpg?resize=700%2C400&ssl=1 2x"},"classes":[]},{"id":125251,"url":"https:\/\/www.wallendorff.com\/belogue\/2023\/06\/30\/juin-2023\/","url_meta":{"origin":14680,"position":4},"title":"Juin 2023.","author":"dpc","date":"30 juin 2023","format":false,"excerpt":"Un rayon de soleil, un balcon, une ombre, un bisou, un m\u00e9tro flou, un mus\u00e9e, une ruelle, un reflet, un arr\u00eat de bus, un couloir, un m\u00e9tro flou, un escalier, un papillon, une autoroute, un Intermarch\u00e9, un saxophone, une grotte, une belle famille, un arbre \u00e0 gamins, une station-service, un\u2026","rel":"","context":"Dans &quot;Blog-note&quot;","block_context":{"text":"Blog-note","link":"https:\/\/www.wallendorff.com\/belogue\/category\/blog-note\/"},"img":{"alt_text":"","src":"https:\/\/i0.wp.com\/www.wallendorff.com\/belogue\/wp-content\/uploads\/2023\/07\/20230717-45.jpg?resize=350%2C200&ssl=1","width":350,"height":200,"srcset":"https:\/\/i0.wp.com\/www.wallendorff.com\/belogue\/wp-content\/uploads\/2023\/07\/20230717-45.jpg?resize=350%2C200&ssl=1 1x, https:\/\/i0.wp.com\/www.wallendorff.com\/belogue\/wp-content\/uploads\/2023\/07\/20230717-45.jpg?resize=525%2C300&ssl=1 1.5x, https:\/\/i0.wp.com\/www.wallendorff.com\/belogue\/wp-content\/uploads\/2023\/07\/20230717-45.jpg?resize=700%2C400&ssl=1 2x, https:\/\/i0.wp.com\/www.wallendorff.com\/belogue\/wp-content\/uploads\/2023\/07\/20230717-45.jpg?resize=1050%2C600&ssl=1 3x"},"classes":[]},{"id":9575,"url":"https:\/\/www.wallendorff.com\/belogue\/2010\/09\/28\/lete-les-thes-laits-tels-etaient\/","url_meta":{"origin":14680,"position":5},"title":"L&rsquo;\u00e9t\u00e9, les th\u00e9s, lait tels \u00e9taient.","author":"dpc","date":"28 septembre 2010","format":false,"excerpt":"La Fourmi Ail\u00e9e, Paris, Paris, 30 juillet. \u00a0Rogue Wave \u2013 Sleepwalker (acoustic)","rel":"","context":"Dans &quot;DPC&quot;","block_context":{"text":"DPC","link":"https:\/\/www.wallendorff.com\/belogue\/category\/dpc\/"},"img":{"alt_text":"","src":"https:\/\/i0.wp.com\/www.wallendorff.com\/belogue\/wp-content\/uploads\/2015\/04\/201009281.jpg?resize=350%2C200&ssl=1","width":350,"height":200},"classes":[]}],"_links":{"self":[{"href":"https:\/\/www.wallendorff.com\/belogue\/wp-json\/wp\/v2\/posts\/14680","targetHints":{"allow":["GET"]}}],"collection":[{"href":"https:\/\/www.wallendorff.com\/belogue\/wp-json\/wp\/v2\/posts"}],"about":[{"href":"https:\/\/www.wallendorff.com\/belogue\/wp-json\/wp\/v2\/types\/post"}],"author":[{"embeddable":true,"href":"https:\/\/www.wallendorff.com\/belogue\/wp-json\/wp\/v2\/users\/1"}],"replies":[{"embeddable":true,"href":"https:\/\/www.wallendorff.com\/belogue\/wp-json\/wp\/v2\/comments?post=14680"}],"version-history":[{"count":2,"href":"https:\/\/www.wallendorff.com\/belogue\/wp-json\/wp\/v2\/posts\/14680\/revisions"}],"predecessor-version":[{"id":14685,"href":"https:\/\/www.wallendorff.com\/belogue\/wp-json\/wp\/v2\/posts\/14680\/revisions\/14685"}],"wp:featuredmedia":[{"embeddable":true,"href":"https:\/\/www.wallendorff.com\/belogue\/wp-json\/wp\/v2\/media\/25482"}],"wp:attachment":[{"href":"https:\/\/www.wallendorff.com\/belogue\/wp-json\/wp\/v2\/media?parent=14680"}],"wp:term":[{"taxonomy":"category","embeddable":true,"href":"https:\/\/www.wallendorff.com\/belogue\/wp-json\/wp\/v2\/categories?post=14680"},{"taxonomy":"post_tag","embeddable":true,"href":"https:\/\/www.wallendorff.com\/belogue\/wp-json\/wp\/v2\/tags?post=14680"}],"curies":[{"name":"wp","href":"https:\/\/api.w.org\/{rel}","templated":true}]}}