{"id":14672,"date":"2011-12-03T12:36:39","date_gmt":"2011-12-03T10:36:39","guid":{"rendered":"http:\/\/www.po-L.com\/belogue\/?p=14672"},"modified":"2011-12-03T12:36:39","modified_gmt":"2011-12-03T10:36:39","slug":"candeur","status":"publish","type":"post","link":"https:\/\/www.wallendorff.com\/belogue\/2011\/12\/03\/candeur\/","title":{"rendered":"Candeur."},"content":{"rendered":"<div id=\"photo\">\n<p><img decoding=\"async\" src=\"https:\/\/www.wallendorff.com\/belogue\/photo\/2011\/12\/20111203.jpg\"><br \/>\nRue de la Grotte, Lourdes, 17 septembre.<\/p>\n<\/div>\n<div id=\"bandeson\">\n<p><img decoding=\"async\" src=\"https:\/\/www.wallendorff.com\/belogue\/photo\/pochettes\/m\/marvelous_darlings-single_life.jpg\" align=\"left\"><a href=\"http:\/\/www.myspace.com\/marvelousdarlings\">Marvelous Darlings<\/a> &ndash; <em>I Don&rsquo;t Wanna Go to the Party<\/em><br \/>\n[youtube]http:\/\/www.youtube.com\/watch?v=BASstPMu5H4[\/youtube]<\/p>\n<\/div>\n","protected":false},"excerpt":{"rendered":"<p>Rue de la Grotte, Lourdes, 17 septembre. Marvelous Darlings &ndash; I Don&rsquo;t Wanna Go to the Party [youtube]http:\/\/www.youtube.com\/watch?v=BASstPMu5H4[\/youtube]<\/p>\n","protected":false},"author":1,"featured_media":26281,"comment_status":"open","ping_status":"open","sticky":false,"template":"","format":"standard","meta":{"_acf_changed":false,"ngg_post_thumbnail":0,"jetpack_post_was_ever_published":false,"_jetpack_newsletter_access":"","_jetpack_dont_email_post_to_subs":false,"_jetpack_newsletter_tier_id":0,"_jetpack_memberships_contains_paywalled_content":false,"_jetpack_memberships_contains_paid_content":false,"footnotes":"","jetpack_publicize_message":"","jetpack_publicize_feature_enabled":true,"jetpack_social_post_already_shared":false,"jetpack_social_options":{"image_generator_settings":{"template":"highway","default_image_id":0,"font":"","enabled":false},"version":2}},"categories":[3],"tags":[5393,2571,2615,1243,10699,10120,10963,5395,5390,10696,5394,10962,5389],"class_list":["post-14672","post","type-post","status-publish","format-standard","has-post-thumbnail","hentry","category-dpc","tag-association-de-la-petite-voie-de-sainte-therese","tag-ef-16-35-mm-f28l-ii-usm","tag-eos-5d-mark-ii","tag-carre","tag-enseigne","tag-france","tag-hautes-pyrenees","tag-i-dont-wanna-go-to-the-party","tag-lourdes","tag-magasin","tag-marvelous-darlings","tag-midi-pyrenees","tag-rue-de-la-grotte"],"acf":[],"geo":{"latitude":43.0951347,"longitude":-0.0485615,"description":"46 Rue de la Grotte, 65100 Lourdes, France"},"jetpack_publicize_connections":[],"jetpack_featured_media_url":"https:\/\/www.wallendorff.com\/belogue\/wp-content\/uploads\/2015\/04\/marvelous_darlings-single_life.jpg","jetpack_shortlink":"https:\/\/wp.me\/s3b35P-candeur","jetpack_sharing_enabled":true,"jetpack-related-posts":[{"id":14680,"url":"https:\/\/www.wallendorff.com\/belogue\/2011\/12\/05\/eusses-tu-crux\/","url_meta":{"origin":14672,"position":0},"title":"Eusses-tu crux.","author":"dpc","date":"5 d\u00e9cembre 2011","format":false,"excerpt":"Rue de la Grotte, Lourdes, 17 septembre. Waters \u2013 Take Me Out to the Coast [youtube]http:\/\/www.youtube.com\/watch?v=WszdG5d6vKo[\/youtube]","rel":"","context":"Dans &quot;DPC&quot;","block_context":{"text":"DPC","link":"https:\/\/www.wallendorff.com\/belogue\/category\/dpc\/"},"img":{"alt_text":"","src":"https:\/\/i0.wp.com\/www.wallendorff.com\/belogue\/wp-content\/uploads\/2015\/04\/201112051.jpg?resize=350%2C200&ssl=1","width":350,"height":200},"classes":[]},{"id":14775,"url":"https:\/\/www.wallendorff.com\/belogue\/2011\/12\/13\/lourde\/","url_meta":{"origin":14672,"position":1},"title":"Lourder.","author":"dpc","date":"13 d\u00e9cembre 2011","format":false,"excerpt":"Lourdes, 18 septembre. Lamb \u2013 One [youtube]http:\/\/www.youtube.com\/watch?v=jex6uYhlBns[\/youtube]","rel":"","context":"Dans &quot;DPC&quot;","block_context":{"text":"DPC","link":"https:\/\/www.wallendorff.com\/belogue\/category\/dpc\/"},"img":{"alt_text":"","src":"https:\/\/i0.wp.com\/www.wallendorff.com\/belogue\/wp-content\/uploads\/2015\/04\/201112131.jpg?resize=350%2C200&ssl=1","width":350,"height":200,"srcset":"https:\/\/i0.wp.com\/www.wallendorff.com\/belogue\/wp-content\/uploads\/2015\/04\/201112131.jpg?resize=350%2C200&ssl=1 1x, https:\/\/i0.wp.com\/www.wallendorff.com\/belogue\/wp-content\/uploads\/2015\/04\/201112131.jpg?resize=525%2C300&ssl=1 1.5x, https:\/\/i0.wp.com\/www.wallendorff.com\/belogue\/wp-content\/uploads\/2015\/04\/201112131.jpg?resize=700%2C400&ssl=1 2x"},"classes":[]},{"id":9575,"url":"https:\/\/www.wallendorff.com\/belogue\/2010\/09\/28\/lete-les-thes-laits-tels-etaient\/","url_meta":{"origin":14672,"position":2},"title":"L&rsquo;\u00e9t\u00e9, les th\u00e9s, lait tels \u00e9taient.","author":"dpc","date":"28 septembre 2010","format":false,"excerpt":"La Fourmi Ail\u00e9e, Paris, Paris, 30 juillet. \u00a0Rogue Wave \u2013 Sleepwalker (acoustic)","rel":"","context":"Dans &quot;DPC&quot;","block_context":{"text":"DPC","link":"https:\/\/www.wallendorff.com\/belogue\/category\/dpc\/"},"img":{"alt_text":"","src":"https:\/\/i0.wp.com\/www.wallendorff.com\/belogue\/wp-content\/uploads\/2015\/04\/201009281.jpg?resize=350%2C200&ssl=1","width":350,"height":200},"classes":[]},{"id":9872,"url":"https:\/\/www.wallendorff.com\/belogue\/2010\/11\/29\/carreaux-lignent-du-sud\/","url_meta":{"origin":14672,"position":3},"title":"Carreaux lignent [du sud].","author":"dpc","date":"29 novembre 2010","format":false,"excerpt":"H\u00f4tel de Toulouse, Paris, 18 septembre. Karen O and the Kids \u2013 Rumpus","rel":"","context":"Dans &quot;DPC&quot;","block_context":{"text":"DPC","link":"https:\/\/www.wallendorff.com\/belogue\/category\/dpc\/"},"img":{"alt_text":"","src":"https:\/\/i0.wp.com\/www.wallendorff.com\/belogue\/wp-content\/uploads\/2015\/04\/201011291.jpg?resize=350%2C200&ssl=1","width":350,"height":200,"srcset":"https:\/\/i0.wp.com\/www.wallendorff.com\/belogue\/wp-content\/uploads\/2015\/04\/201011291.jpg?resize=350%2C200&ssl=1 1x, https:\/\/i0.wp.com\/www.wallendorff.com\/belogue\/wp-content\/uploads\/2015\/04\/201011291.jpg?resize=525%2C300&ssl=1 1.5x"},"classes":[]},{"id":14754,"url":"https:\/\/www.wallendorff.com\/belogue\/2011\/12\/12\/volage-aube-boude-lennui\/","url_meta":{"origin":14672,"position":4},"title":"Volage aube boude l&rsquo;ennui.","author":"dpc","date":"12 d\u00e9cembre 2011","format":false,"excerpt":"Lun\u00e9a 4050, 18 septembre. Tamaryn \u2013 Love Fade [youtube]http:\/\/www.youtube.com\/watch?v=anOYvY2eFlI[\/youtube]","rel":"","context":"Dans &quot;DPC&quot;","block_context":{"text":"DPC","link":"https:\/\/www.wallendorff.com\/belogue\/category\/dpc\/"},"img":{"alt_text":"","src":"https:\/\/i0.wp.com\/www.wallendorff.com\/belogue\/wp-content\/uploads\/2015\/04\/201112121.jpg?resize=350%2C200&ssl=1","width":350,"height":200,"srcset":"https:\/\/i0.wp.com\/www.wallendorff.com\/belogue\/wp-content\/uploads\/2015\/04\/201112121.jpg?resize=350%2C200&ssl=1 1x, https:\/\/i0.wp.com\/www.wallendorff.com\/belogue\/wp-content\/uploads\/2015\/04\/201112121.jpg?resize=525%2C300&ssl=1 1.5x, https:\/\/i0.wp.com\/www.wallendorff.com\/belogue\/wp-content\/uploads\/2015\/04\/201112121.jpg?resize=700%2C400&ssl=1 2x"},"classes":[]},{"id":14707,"url":"https:\/\/www.wallendorff.com\/belogue\/2011\/12\/07\/dada-isthme\/","url_meta":{"origin":14672,"position":5},"title":"Dada isthme.","author":"dpc","date":"7 d\u00e9cembre 2011","format":false,"excerpt":"Haras national, Tarb' Tarb' Tarb' Tarb' Tarb' Tarb' Tarb' Tarb' Tarb', 18 septembre. The Black Keys \u2013 Little Black Submarines1 [youtube]http:\/\/www.youtube.com\/watch?v=MjJZwsXhjQk[\/youtube]","rel":"","context":"Dans &quot;DPC&quot;","block_context":{"text":"DPC","link":"https:\/\/www.wallendorff.com\/belogue\/category\/dpc\/"},"img":{"alt_text":"","src":"https:\/\/i0.wp.com\/www.wallendorff.com\/belogue\/wp-content\/uploads\/2015\/04\/201112071.jpg?resize=350%2C200&ssl=1","width":350,"height":200},"classes":[]}],"_links":{"self":[{"href":"https:\/\/www.wallendorff.com\/belogue\/wp-json\/wp\/v2\/posts\/14672","targetHints":{"allow":["GET"]}}],"collection":[{"href":"https:\/\/www.wallendorff.com\/belogue\/wp-json\/wp\/v2\/posts"}],"about":[{"href":"https:\/\/www.wallendorff.com\/belogue\/wp-json\/wp\/v2\/types\/post"}],"author":[{"embeddable":true,"href":"https:\/\/www.wallendorff.com\/belogue\/wp-json\/wp\/v2\/users\/1"}],"replies":[{"embeddable":true,"href":"https:\/\/www.wallendorff.com\/belogue\/wp-json\/wp\/v2\/comments?post=14672"}],"version-history":[{"count":5,"href":"https:\/\/www.wallendorff.com\/belogue\/wp-json\/wp\/v2\/posts\/14672\/revisions"}],"predecessor-version":[{"id":14677,"href":"https:\/\/www.wallendorff.com\/belogue\/wp-json\/wp\/v2\/posts\/14672\/revisions\/14677"}],"wp:featuredmedia":[{"embeddable":true,"href":"https:\/\/www.wallendorff.com\/belogue\/wp-json\/wp\/v2\/media\/26281"}],"wp:attachment":[{"href":"https:\/\/www.wallendorff.com\/belogue\/wp-json\/wp\/v2\/media?parent=14672"}],"wp:term":[{"taxonomy":"category","embeddable":true,"href":"https:\/\/www.wallendorff.com\/belogue\/wp-json\/wp\/v2\/categories?post=14672"},{"taxonomy":"post_tag","embeddable":true,"href":"https:\/\/www.wallendorff.com\/belogue\/wp-json\/wp\/v2\/tags?post=14672"}],"curies":[{"name":"wp","href":"https:\/\/api.w.org\/{rel}","templated":true}]}}