{"id":14485,"date":"2011-11-17T13:42:11","date_gmt":"2011-11-17T11:42:11","guid":{"rendered":"http:\/\/www.po-L.com\/belogue\/?p=14485"},"modified":"2011-11-17T13:47:24","modified_gmt":"2011-11-17T11:47:24","slug":"lueur-des-soirs","status":"publish","type":"post","link":"https:\/\/www.wallendorff.com\/belogue\/2011\/11\/17\/lueur-des-soirs\/","title":{"rendered":"Lueur des soirs."},"content":{"rendered":"<div id=\"photo\">\n<p><img decoding=\"async\" src=\"https:\/\/www.wallendorff.com\/belogue\/photo\/2011\/11\/20111117.jpg\"><br \/>\nLe Pr&eacute;-Boulay, Fleury-la-For&ecirc;t, 3 septembre.<\/p>\n<\/div>\n<div id=\"bandeson\">\n<p><img decoding=\"async\" src=\"https:\/\/www.wallendorff.com\/belogue\/photo\/pochettes\/g\/guillemots-made-up_love_song_43.jpg\" align=\"left\"><a href=\"http:\/\/www.guillemots.com\">Guillemots<\/a> &ndash; <em>Woody Brown River<\/em> (demo)<\/a><br \/>\n[youtube]http:\/\/www.youtube.com\/watch?v=jMi1_LPy1ec[\/youtube]<\/p>\n<\/div>\n","protected":false},"excerpt":{"rendered":"<p>Le Pr&eacute;-Boulay, Fleury-la-For&ecirc;t, 3 septembre. Guillemots &ndash; Woody Brown River (demo) [youtube]http:\/\/www.youtube.com\/watch?v=jMi1_LPy1ec[\/youtube]<\/p>\n","protected":false},"author":1,"featured_media":26132,"comment_status":"open","ping_status":"open","sticky":false,"template":"","format":"standard","meta":{"_acf_changed":false,"ngg_post_thumbnail":0,"jetpack_post_was_ever_published":false,"_jetpack_newsletter_access":"","_jetpack_dont_email_post_to_subs":false,"_jetpack_newsletter_tier_id":0,"_jetpack_memberships_contains_paywalled_content":false,"_jetpack_memberships_contains_paid_content":false,"footnotes":"","jetpack_publicize_message":"","jetpack_publicize_feature_enabled":true,"jetpack_social_post_already_shared":false,"jetpack_social_options":{"image_generator_settings":{"template":"highway","default_image_id":0,"font":"","enabled":false},"version":2}},"categories":[3],"tags":[1438,2615,10322,10956,5330,10402,10708,10401,10147,5336,10262,5337],"class_list":["post-14485","post","type-post","status-publish","format-standard","has-post-thumbnail","hentry","category-dpc","tag-ef-50-mm-f14-usm","tag-eos-5d-mark-ii","tag-couloir","tag-eure","tag-fleury-la-foret","tag-guillemots","tag-haute-normandie","tag-lampe","tag-nuit","tag-pre-boulay","tag-reflet","tag-woody-brown-river"],"acf":[],"geo":{"latitude":49.4297752,"longitude":1.5510844,"description":"Fleury-la-For\u00eat, Haute-Normandie, 27480, FR"},"jetpack_publicize_connections":[],"jetpack_featured_media_url":"https:\/\/www.wallendorff.com\/belogue\/wp-content\/uploads\/2015\/04\/201111171.jpg","jetpack_shortlink":"https:\/\/wp.me\/p3b35P-3LD","jetpack_sharing_enabled":true,"jetpack-related-posts":[{"id":14509,"url":"https:\/\/www.wallendorff.com\/belogue\/2011\/11\/19\/piste-a-hutte\/","url_meta":{"origin":14485,"position":0},"title":"Piste \u00e0 hutte.","author":"dpc","date":"19 novembre 2011","format":false,"excerpt":"Le Pr\u00e9-Boulay, Fleury-la-For\u00eat, 3 septembre. Black Rebel Motorcycle Club \u2013 Grind My Bones [youtube]http:\/\/www.youtube.com\/watch?v=e74LGNh7AMM[\/youtube]","rel":"","context":"Dans &quot;DPC&quot;","block_context":{"text":"DPC","link":"https:\/\/www.wallendorff.com\/belogue\/category\/dpc\/"},"img":{"alt_text":"","src":"https:\/\/i0.wp.com\/www.wallendorff.com\/belogue\/wp-content\/uploads\/2015\/04\/201111191.jpg?resize=350%2C200&ssl=1","width":350,"height":200,"srcset":"https:\/\/i0.wp.com\/www.wallendorff.com\/belogue\/wp-content\/uploads\/2015\/04\/201111191.jpg?resize=350%2C200&ssl=1 1x, https:\/\/i0.wp.com\/www.wallendorff.com\/belogue\/wp-content\/uploads\/2015\/04\/201111191.jpg?resize=525%2C300&ssl=1 1.5x, https:\/\/i0.wp.com\/www.wallendorff.com\/belogue\/wp-content\/uploads\/2015\/04\/201111191.jpg?resize=700%2C400&ssl=1 2x"},"classes":[]},{"id":14458,"url":"https:\/\/www.wallendorff.com\/belogue\/2011\/11\/15\/coin-coin\/","url_meta":{"origin":14485,"position":1},"title":"Coin-coin.","author":"dpc","date":"15 novembre 2011","format":false,"excerpt":"Le Pr\u00e9-Boulay, Fleury-la-For\u00eat, 3 septembre. [Vous imaginez pas le temps qu'il faut passer \u00e0 courir apr\u00e8s les coins-coins dans tout le jardin avec le fotoaparat au ras du sol pour avoir ce genre de photo.] Richie Havens \u2013 Tombstone Blues (Bob Dylan cover) [youtube]http:\/\/www.youtube.com\/watch?v=iu6FwiFx2eE[\/youtube]","rel":"","context":"Dans &quot;DPC&quot;","block_context":{"text":"DPC","link":"https:\/\/www.wallendorff.com\/belogue\/category\/dpc\/"},"img":{"alt_text":"","src":"https:\/\/i0.wp.com\/www.wallendorff.com\/belogue\/wp-content\/uploads\/2015\/04\/201111151.jpg?resize=350%2C200&ssl=1","width":350,"height":200,"srcset":"https:\/\/i0.wp.com\/www.wallendorff.com\/belogue\/wp-content\/uploads\/2015\/04\/201111151.jpg?resize=350%2C200&ssl=1 1x, https:\/\/i0.wp.com\/www.wallendorff.com\/belogue\/wp-content\/uploads\/2015\/04\/201111151.jpg?resize=525%2C300&ssl=1 1.5x, https:\/\/i0.wp.com\/www.wallendorff.com\/belogue\/wp-content\/uploads\/2015\/04\/201111151.jpg?resize=700%2C400&ssl=1 2x"},"classes":[]},{"id":22886,"url":"https:\/\/www.wallendorff.com\/belogue\/2014\/06\/04\/10-ans-a-la-ferme\/","url_meta":{"origin":14485,"position":2},"title":"10 ans [\u00e0 la] ferme.","author":"dpc","date":"4 juin 2014","format":false,"excerpt":"10 ans de jappement, de meuglements, de caquettements, de b\u00ealements et de piaillement. D'abord avec des toutous, puis des chats, puis tout le reste de la ferme quand na\u00eet en 2011 notre tradition de la visite annuelle au salon de la meuh-meuh (et \u00e0 l'ap\u00e9ro des producteurs de brebis). 10\u2026","rel":"","context":"Dans &quot;DPC&quot;","block_context":{"text":"DPC","link":"https:\/\/www.wallendorff.com\/belogue\/category\/dpc\/"},"img":{"alt_text":"","src":"https:\/\/i0.wp.com\/www.wallendorff.com\/belogue\/wp-content\/uploads\/2015\/04\/201204262.jpg?resize=350%2C200&ssl=1","width":350,"height":200,"srcset":"https:\/\/i0.wp.com\/www.wallendorff.com\/belogue\/wp-content\/uploads\/2015\/04\/201204262.jpg?resize=350%2C200&ssl=1 1x, https:\/\/i0.wp.com\/www.wallendorff.com\/belogue\/wp-content\/uploads\/2015\/04\/201204262.jpg?resize=525%2C300&ssl=1 1.5x, https:\/\/i0.wp.com\/www.wallendorff.com\/belogue\/wp-content\/uploads\/2015\/04\/201204262.jpg?resize=700%2C400&ssl=1 2x"},"classes":[]},{"id":3851,"url":"https:\/\/www.wallendorff.com\/belogue\/2009\/01\/29\/les-bons-cons-te-font-les-bons-ennemis\/","url_meta":{"origin":14485,"position":3},"title":"Les bons cons te font les bons ennemis.","author":"dpc","date":"29 janvier 2009","format":false,"excerpt":"Galerie Vivienne, Paris, 4 janvier. Allez, il fait beau, y a des lapins dans la for\u00eat et de la joie dans l'herbe, alors chantons tous en ch\u0153ur\u00a0: The Mae-Shi \u2013 Divine Harvest","rel":"","context":"Dans &quot;DPC&quot;","block_context":{"text":"DPC","link":"https:\/\/www.wallendorff.com\/belogue\/category\/dpc\/"},"img":{"alt_text":"","src":"https:\/\/i0.wp.com\/www.wallendorff.com\/belogue\/wp-content\/uploads\/2015\/04\/200901291.jpg?resize=350%2C200&ssl=1","width":350,"height":200},"classes":[]},{"id":12701,"url":"https:\/\/www.wallendorff.com\/belogue\/2011\/05\/03\/guillemots-le-cafe-de-la-danse-paris\/","url_meta":{"origin":14485,"position":4},"title":"Guillemots @ le Caf\u00e9 de la Danse, Paris.","author":"dpc","date":"3 mai 2011","format":false,"excerpt":"Ou comment une soir\u00e9e qui d\u00e9marre mollement devant une salle assise et un pied de sc\u00e8ne d\u00e9sert peut subitement d\u00e9coller \u00e0 partir de Train to Brazil. On se l\u00e8ve, on descend, on s'approche. Un Made-Up Lovesong #43 magique et un Blue Would Still Be Blue intime par un Fyfe Dangerfield\u2026","rel":"","context":"Dans &quot;Alive&quot;","block_context":{"text":"Alive","link":"https:\/\/www.wallendorff.com\/belogue\/category\/alive\/"},"img":{"alt_text":"","src":"https:\/\/i0.wp.com\/www.wallendorff.com\/belogue\/wp-content\/uploads\/2015\/04\/201105031.jpg?resize=350%2C200&ssl=1","width":350,"height":200,"srcset":"https:\/\/i0.wp.com\/www.wallendorff.com\/belogue\/wp-content\/uploads\/2015\/04\/201105031.jpg?resize=350%2C200&ssl=1 1x, https:\/\/i0.wp.com\/www.wallendorff.com\/belogue\/wp-content\/uploads\/2015\/04\/201105031.jpg?resize=525%2C300&ssl=1 1.5x, https:\/\/i0.wp.com\/www.wallendorff.com\/belogue\/wp-content\/uploads\/2015\/04\/201105031.jpg?resize=700%2C400&ssl=1 2x"},"classes":[]},{"id":7920,"url":"https:\/\/www.wallendorff.com\/belogue\/2010\/07\/27\/man-on-the-mourn\/","url_meta":{"origin":14485,"position":5},"title":"Man on the Mourn.","author":"dpc","date":"27 juillet 2010","format":false,"excerpt":"Rue Oberkampf, Paris, 25 juin. [Les m\u00eames, oui.] \u00a0Guillemots \u2013 Redwings","rel":"","context":"Dans &quot;DPC&quot;","block_context":{"text":"DPC","link":"https:\/\/www.wallendorff.com\/belogue\/category\/dpc\/"},"img":{"alt_text":"","src":"https:\/\/i0.wp.com\/www.wallendorff.com\/belogue\/wp-content\/uploads\/2015\/04\/201007271.jpg?resize=350%2C200&ssl=1","width":350,"height":200},"classes":[]}],"_links":{"self":[{"href":"https:\/\/www.wallendorff.com\/belogue\/wp-json\/wp\/v2\/posts\/14485","targetHints":{"allow":["GET"]}}],"collection":[{"href":"https:\/\/www.wallendorff.com\/belogue\/wp-json\/wp\/v2\/posts"}],"about":[{"href":"https:\/\/www.wallendorff.com\/belogue\/wp-json\/wp\/v2\/types\/post"}],"author":[{"embeddable":true,"href":"https:\/\/www.wallendorff.com\/belogue\/wp-json\/wp\/v2\/users\/1"}],"replies":[{"embeddable":true,"href":"https:\/\/www.wallendorff.com\/belogue\/wp-json\/wp\/v2\/comments?post=14485"}],"version-history":[{"count":5,"href":"https:\/\/www.wallendorff.com\/belogue\/wp-json\/wp\/v2\/posts\/14485\/revisions"}],"predecessor-version":[{"id":14491,"href":"https:\/\/www.wallendorff.com\/belogue\/wp-json\/wp\/v2\/posts\/14485\/revisions\/14491"}],"wp:featuredmedia":[{"embeddable":true,"href":"https:\/\/www.wallendorff.com\/belogue\/wp-json\/wp\/v2\/media\/26132"}],"wp:attachment":[{"href":"https:\/\/www.wallendorff.com\/belogue\/wp-json\/wp\/v2\/media?parent=14485"}],"wp:term":[{"taxonomy":"category","embeddable":true,"href":"https:\/\/www.wallendorff.com\/belogue\/wp-json\/wp\/v2\/categories?post=14485"},{"taxonomy":"post_tag","embeddable":true,"href":"https:\/\/www.wallendorff.com\/belogue\/wp-json\/wp\/v2\/tags?post=14485"}],"curies":[{"name":"wp","href":"https:\/\/api.w.org\/{rel}","templated":true}]}}