{"id":14458,"date":"2011-11-15T14:07:29","date_gmt":"2011-11-15T12:07:29","guid":{"rendered":"http:\/\/www.po-L.com\/belogue\/?p=14458"},"modified":"2011-11-17T13:14:49","modified_gmt":"2011-11-17T11:14:49","slug":"coin-coin","status":"publish","type":"post","link":"https:\/\/www.wallendorff.com\/belogue\/2011\/11\/15\/coin-coin\/","title":{"rendered":"Coin-coin."},"content":{"rendered":"<div id=\"photo\">\n<p><img decoding=\"async\" src=\"https:\/\/www.wallendorff.com\/belogue\/photo\/2011\/11\/20111115.jpg\"><br \/>\nLe Pr&eacute;-Boulay, Fleury-la-For&ecirc;t, 3 septembre.<\/p>\n<\/p><\/div>\n<p style=\"text-align:right\">[Vous imaginez pas le temps qu&rsquo;il faut passer &agrave; courir apr&egrave;s les coins-coins dans tout le jardin avec le fotoaparat au ras du sol pour avoir ce genre de photo.]<\/p>\n<div id=\"bandeson\">\n<p><img decoding=\"async\" src=\"https:\/\/www.wallendorff.com\/belogue\/photo\/pochettes\/i\/im_not_there-ost.jpg\" align=\"left\"><a href=\"http:\/\/www.richiehavens.com\">Richie Havens<\/a> &ndash; <em>Tombstone Blues<\/em> (Bob Dylan cover)<br \/>\n        [youtube]http:\/\/www.youtube.com\/watch?v=iu6FwiFx2eE[\/youtube]<\/p>\n<\/p><\/div>\n","protected":false},"excerpt":{"rendered":"<p>Le Pr&eacute;-Boulay, Fleury-la-For&ecirc;t, 3 septembre. [Vous imaginez pas le temps qu&rsquo;il faut passer &agrave; courir apr&egrave;s les coins-coins dans tout le jardin avec le fotoaparat au ras du sol pour avoir ce genre de photo.] Richie Havens &ndash; Tombstone Blues (Bob Dylan cover) [youtube]http:\/\/www.youtube.com\/watch?v=iu6FwiFx2eE[\/youtube]<\/p>\n","protected":false},"author":1,"featured_media":26268,"comment_status":"open","ping_status":"open","sticky":false,"template":"","format":"standard","meta":{"_acf_changed":false,"ngg_post_thumbnail":0,"jetpack_post_was_ever_published":false,"_jetpack_newsletter_access":"","_jetpack_dont_email_post_to_subs":false,"_jetpack_newsletter_tier_id":0,"_jetpack_memberships_contains_paywalled_content":false,"_jetpack_memberships_contains_paid_content":false,"footnotes":"","jetpack_publicize_message":"","jetpack_publicize_feature_enabled":true,"jetpack_social_post_already_shared":false,"jetpack_social_options":{"image_generator_settings":{"template":"highway","default_image_id":0,"font":"","enabled":false},"version":2}},"categories":[3],"tags":[1251,10691,2571,2615,10956,5330,10120,10708,10619,10884,4396,5336,5332,5333],"class_list":["post-14458","post","type-post","status-publish","format-standard","has-post-thumbnail","hentry","category-dpc","tag-bob-dylan","tag-canard","tag-ef-16-35-mm-f28l-ii-usm","tag-eos-5d-mark-ii","tag-eure","tag-fleury-la-foret","tag-france","tag-haute-normandie","tag-jardin","tag-oiseau","tag-pelouse","tag-pre-boulay","tag-richie-havens","tag-tombstone-blues"],"acf":[],"geo":{"latitude":49.4297752,"longitude":1.5510844,"description":"Fleury-la-For\u00eat, Haute-Normandie, 27480, FR"},"jetpack_publicize_connections":[],"jetpack_featured_media_url":"https:\/\/www.wallendorff.com\/belogue\/wp-content\/uploads\/2015\/04\/201111151.jpg","jetpack_shortlink":"https:\/\/wp.me\/p3b35P-3Lc","jetpack_sharing_enabled":true,"jetpack-related-posts":[{"id":14509,"url":"https:\/\/www.wallendorff.com\/belogue\/2011\/11\/19\/piste-a-hutte\/","url_meta":{"origin":14458,"position":0},"title":"Piste \u00e0 hutte.","author":"dpc","date":"19 novembre 2011","format":false,"excerpt":"Le Pr\u00e9-Boulay, Fleury-la-For\u00eat, 3 septembre. Black Rebel Motorcycle Club \u2013 Grind My Bones [youtube]http:\/\/www.youtube.com\/watch?v=e74LGNh7AMM[\/youtube]","rel":"","context":"Dans &quot;DPC&quot;","block_context":{"text":"DPC","link":"https:\/\/www.wallendorff.com\/belogue\/category\/dpc\/"},"img":{"alt_text":"","src":"https:\/\/i0.wp.com\/www.wallendorff.com\/belogue\/wp-content\/uploads\/2015\/04\/201111191.jpg?resize=350%2C200&ssl=1","width":350,"height":200,"srcset":"https:\/\/i0.wp.com\/www.wallendorff.com\/belogue\/wp-content\/uploads\/2015\/04\/201111191.jpg?resize=350%2C200&ssl=1 1x, https:\/\/i0.wp.com\/www.wallendorff.com\/belogue\/wp-content\/uploads\/2015\/04\/201111191.jpg?resize=525%2C300&ssl=1 1.5x, https:\/\/i0.wp.com\/www.wallendorff.com\/belogue\/wp-content\/uploads\/2015\/04\/201111191.jpg?resize=700%2C400&ssl=1 2x"},"classes":[]},{"id":14485,"url":"https:\/\/www.wallendorff.com\/belogue\/2011\/11\/17\/lueur-des-soirs\/","url_meta":{"origin":14458,"position":1},"title":"Lueur des soirs.","author":"dpc","date":"17 novembre 2011","format":false,"excerpt":"Le Pr\u00e9-Boulay, Fleury-la-For\u00eat, 3 septembre. Guillemots \u2013 Woody Brown River (demo) [youtube]http:\/\/www.youtube.com\/watch?v=jMi1_LPy1ec[\/youtube]","rel":"","context":"Dans &quot;DPC&quot;","block_context":{"text":"DPC","link":"https:\/\/www.wallendorff.com\/belogue\/category\/dpc\/"},"img":{"alt_text":"","src":"https:\/\/i0.wp.com\/www.wallendorff.com\/belogue\/wp-content\/uploads\/2015\/04\/201111171.jpg?resize=350%2C200&ssl=1","width":350,"height":200},"classes":[]},{"id":22886,"url":"https:\/\/www.wallendorff.com\/belogue\/2014\/06\/04\/10-ans-a-la-ferme\/","url_meta":{"origin":14458,"position":2},"title":"10 ans [\u00e0 la] ferme.","author":"dpc","date":"4 juin 2014","format":false,"excerpt":"10 ans de jappement, de meuglements, de caquettements, de b\u00ealements et de piaillement. D'abord avec des toutous, puis des chats, puis tout le reste de la ferme quand na\u00eet en 2011 notre tradition de la visite annuelle au salon de la meuh-meuh (et \u00e0 l'ap\u00e9ro des producteurs de brebis). 10\u2026","rel":"","context":"Dans &quot;DPC&quot;","block_context":{"text":"DPC","link":"https:\/\/www.wallendorff.com\/belogue\/category\/dpc\/"},"img":{"alt_text":"","src":"https:\/\/i0.wp.com\/www.wallendorff.com\/belogue\/wp-content\/uploads\/2015\/04\/201204262.jpg?resize=350%2C200&ssl=1","width":350,"height":200,"srcset":"https:\/\/i0.wp.com\/www.wallendorff.com\/belogue\/wp-content\/uploads\/2015\/04\/201204262.jpg?resize=350%2C200&ssl=1 1x, https:\/\/i0.wp.com\/www.wallendorff.com\/belogue\/wp-content\/uploads\/2015\/04\/201204262.jpg?resize=525%2C300&ssl=1 1.5x, https:\/\/i0.wp.com\/www.wallendorff.com\/belogue\/wp-content\/uploads\/2015\/04\/201204262.jpg?resize=700%2C400&ssl=1 2x"},"classes":[]},{"id":21976,"url":"https:\/\/www.wallendorff.com\/belogue\/2013\/11\/08\/lac-placide\/","url_meta":{"origin":14458,"position":3},"title":"Lac placide.","author":"dpc","date":"8 novembre 2013","format":false,"excerpt":"G\u00e9rardmer, 15 septembre. I Dreamt Blues Vikesh Kapoor","rel":"","context":"Dans &quot;DPC&quot;","block_context":{"text":"DPC","link":"https:\/\/www.wallendorff.com\/belogue\/category\/dpc\/"},"img":{"alt_text":"","src":"https:\/\/i0.wp.com\/www.wallendorff.com\/belogue\/wp-content\/uploads\/2015\/04\/201311081.jpg?resize=350%2C200&ssl=1","width":350,"height":200,"srcset":"https:\/\/i0.wp.com\/www.wallendorff.com\/belogue\/wp-content\/uploads\/2015\/04\/201311081.jpg?resize=350%2C200&ssl=1 1x, https:\/\/i0.wp.com\/www.wallendorff.com\/belogue\/wp-content\/uploads\/2015\/04\/201311081.jpg?resize=525%2C300&ssl=1 1.5x, https:\/\/i0.wp.com\/www.wallendorff.com\/belogue\/wp-content\/uploads\/2015\/04\/201311081.jpg?resize=700%2C400&ssl=1 2x"},"classes":[]},{"id":13091,"url":"https:\/\/www.wallendorff.com\/belogue\/2011\/08\/11\/man-on-the-mourn-ii\/","url_meta":{"origin":14458,"position":4},"title":"Man on the mourn [II].","author":"dpc","date":"11 ao\u00fbt 2011","format":false,"excerpt":"Rue Oberkampf, Paris, 6 juillet. \u00a0Eddie Vedder \u2013 Girl from the North Country (Bob Dylan cover) (live)","rel":"","context":"Dans &quot;DPC&quot;","block_context":{"text":"DPC","link":"https:\/\/www.wallendorff.com\/belogue\/category\/dpc\/"},"img":{"alt_text":"","src":"https:\/\/i0.wp.com\/www.wallendorff.com\/belogue\/wp-content\/uploads\/2015\/04\/201108111.jpg?resize=350%2C200&ssl=1","width":350,"height":200,"srcset":"https:\/\/i0.wp.com\/www.wallendorff.com\/belogue\/wp-content\/uploads\/2015\/04\/201108111.jpg?resize=350%2C200&ssl=1 1x, https:\/\/i0.wp.com\/www.wallendorff.com\/belogue\/wp-content\/uploads\/2015\/04\/201108111.jpg?resize=525%2C300&ssl=1 1.5x, https:\/\/i0.wp.com\/www.wallendorff.com\/belogue\/wp-content\/uploads\/2015\/04\/201108111.jpg?resize=700%2C400&ssl=1 2x"},"classes":[]},{"id":800,"url":"https:\/\/www.wallendorff.com\/belogue\/2006\/10\/06\/shooting-people-4\/","url_meta":{"origin":14458,"position":5},"title":"Shooting people #4.","author":"dpc","date":"6 octobre 2006","format":false,"excerpt":"H\u00f4tel Renaissance, Paris, 3 octobre. \u00a0Secret Machines \u2013 Girl from the North Country (Bob Dylan cover)","rel":"","context":"Dans &quot;Portraits&quot;","block_context":{"text":"Portraits","link":"https:\/\/www.wallendorff.com\/belogue\/category\/portraits\/"},"img":{"alt_text":"","src":"https:\/\/i0.wp.com\/www.wallendorff.com\/belogue\/wp-content\/uploads\/2015\/04\/200610061.jpg?resize=350%2C200&ssl=1","width":350,"height":200,"srcset":"https:\/\/i0.wp.com\/www.wallendorff.com\/belogue\/wp-content\/uploads\/2015\/04\/200610061.jpg?resize=350%2C200&ssl=1 1x, https:\/\/i0.wp.com\/www.wallendorff.com\/belogue\/wp-content\/uploads\/2015\/04\/200610061.jpg?resize=525%2C300&ssl=1 1.5x"},"classes":[]}],"_links":{"self":[{"href":"https:\/\/www.wallendorff.com\/belogue\/wp-json\/wp\/v2\/posts\/14458","targetHints":{"allow":["GET"]}}],"collection":[{"href":"https:\/\/www.wallendorff.com\/belogue\/wp-json\/wp\/v2\/posts"}],"about":[{"href":"https:\/\/www.wallendorff.com\/belogue\/wp-json\/wp\/v2\/types\/post"}],"author":[{"embeddable":true,"href":"https:\/\/www.wallendorff.com\/belogue\/wp-json\/wp\/v2\/users\/1"}],"replies":[{"embeddable":true,"href":"https:\/\/www.wallendorff.com\/belogue\/wp-json\/wp\/v2\/comments?post=14458"}],"version-history":[{"count":4,"href":"https:\/\/www.wallendorff.com\/belogue\/wp-json\/wp\/v2\/posts\/14458\/revisions"}],"predecessor-version":[{"id":14486,"href":"https:\/\/www.wallendorff.com\/belogue\/wp-json\/wp\/v2\/posts\/14458\/revisions\/14486"}],"wp:featuredmedia":[{"embeddable":true,"href":"https:\/\/www.wallendorff.com\/belogue\/wp-json\/wp\/v2\/media\/26268"}],"wp:attachment":[{"href":"https:\/\/www.wallendorff.com\/belogue\/wp-json\/wp\/v2\/media?parent=14458"}],"wp:term":[{"taxonomy":"category","embeddable":true,"href":"https:\/\/www.wallendorff.com\/belogue\/wp-json\/wp\/v2\/categories?post=14458"},{"taxonomy":"post_tag","embeddable":true,"href":"https:\/\/www.wallendorff.com\/belogue\/wp-json\/wp\/v2\/tags?post=14458"}],"curies":[{"name":"wp","href":"https:\/\/api.w.org\/{rel}","templated":true}]}}