{"id":14124,"date":"2011-10-27T10:15:56","date_gmt":"2011-10-27T08:15:56","guid":{"rendered":"http:\/\/www.po-L.com\/belogue\/?p=14124"},"modified":"2011-12-29T14:39:37","modified_gmt":"2011-12-29T12:39:37","slug":"julien-dore-lolympia-paris-25-octobre","status":"publish","type":"post","link":"https:\/\/www.wallendorff.com\/belogue\/2011\/10\/27\/julien-dore-lolympia-paris-25-octobre\/","title":{"rendered":"Julien Dor\u00e9 @ l&rsquo;Olympia, Paris, 25 octobre."},"content":{"rendered":"<div id=\"photo\">\n<p><img decoding=\"async\" src=\"https:\/\/www.wallendorff.com\/belogue\/photo\/2011\/10\/20111027.jpg\"><\/p>\n<\/div>\n<div id=\"bandeson\">\n<p><img decoding=\"async\" src=\"https:\/\/www.wallendorff.com\/belogue\/photo\/pochettes\/p\/pack_ad_the-unpersons.jpg\" align=\"left\"><a href=\"http:\/\/thepackad.com\/\">The Pack A.D.<\/a> &ndash; <em>Haunt You<\/em><br \/>\n        [youtube]http:\/\/www.youtube.com\/watch?v=nbwM9a_kPaE[\/youtube]<\/p>\n<\/p><\/div>ngg_shortcode_0_placeholder","protected":false},"excerpt":{"rendered":"<p>The Pack A.D. &ndash; Haunt You [youtube]http:\/\/www.youtube.com\/watch?v=nbwM9a_kPaE[\/youtube]<\/p>\n","protected":false},"author":1,"featured_media":25682,"comment_status":"open","ping_status":"open","sticky":false,"template":"","format":"standard","meta":{"_acf_changed":false,"ngg_post_thumbnail":0,"jetpack_post_was_ever_published":false,"_jetpack_newsletter_access":"","_jetpack_dont_email_post_to_subs":false,"_jetpack_newsletter_tier_id":0,"_jetpack_memberships_contains_paywalled_content":false,"_jetpack_memberships_contains_paid_content":false,"footnotes":"","jetpack_publicize_message":"","jetpack_publicize_feature_enabled":true,"jetpack_social_post_already_shared":false,"jetpack_social_options":{"image_generator_settings":{"template":"highway","default_image_id":0,"font":"","enabled":false},"version":2}},"categories":[7],"tags":[10840,10223,10084,2571,196,187,2615,10120,5305,10121,10503,10434,143,10098,10943,5457],"class_list":["post-14124","post","type-post","status-publish","format-standard","has-post-thumbnail","hentry","category-alive","tag-10840","tag-10223","tag-alive","tag-ef-16-35-mm-f28l-ii-usm","tag-ef-28-70-mm-f28l-usm","tag-eos-1d-mark-ii","tag-eos-5d-mark-ii","tag-france","tag-haunt-you","tag-ile-de-france","tag-julien-dore","tag-lolympia","tag-noir-et-blanc","tag-paris","tag-the-pack-a-d","tag-unpersons"],"acf":[],"geo":{"latitude":48.8703232,"longitude":2.3282957,"description":"2-16 Rue de Caumartin, 75009 Paris, France"},"jetpack_publicize_connections":[],"jetpack_featured_media_url":"https:\/\/www.wallendorff.com\/belogue\/wp-content\/uploads\/2015\/04\/201110271.jpg","jetpack_shortlink":"https:\/\/wp.me\/p3b35P-3FO","jetpack_sharing_enabled":true,"jetpack-related-posts":[{"id":127632,"url":"https:\/\/www.wallendorff.com\/belogue\/2024\/03\/27\/pixies-lolympia-paris-26-mars-2024\/","url_meta":{"origin":14124,"position":0},"title":"Pixies @ l&rsquo;Olympia, Paris, 26 mars 2024.","author":"dpc","date":"27 mars 2024","format":false,"excerpt":"Pixies @ l\u2019Olympia, Paris, 26\/03\/2024 Pixies @ l\u2019Olympia, Paris, 26\/03\/2024 Pixies @ l\u2019Olympia, Paris, 26\/03\/2024 Pixies @ l\u2019Olympia, Paris, 26\/03\/2024 Pixies @ l\u2019Olympia, Paris, 26\/03\/2024 Pixies @ l\u2019Olympia, Paris, 26\/03\/2024 Pixies @ l\u2019Olympia, Paris, 26\/03\/2024 Pixies @ l\u2019Olympia, Paris, 26\/03\/2024 Pixies @ l\u2019Olympia, Paris, 26\/03\/2024 Pixies @ l\u2019Olympia, Paris, 26\/03\/2024\u2026","rel":"","context":"Dans &quot;Alive&quot;","block_context":{"text":"Alive","link":"https:\/\/www.wallendorff.com\/belogue\/category\/alive\/"},"img":{"alt_text":"","src":"https:\/\/i0.wp.com\/www.wallendorff.com\/belogue\/wp-content\/uploads\/2024\/03\/20240327-22.jpg?resize=350%2C200&ssl=1","width":350,"height":200,"srcset":"https:\/\/i0.wp.com\/www.wallendorff.com\/belogue\/wp-content\/uploads\/2024\/03\/20240327-22.jpg?resize=350%2C200&ssl=1 1x, https:\/\/i0.wp.com\/www.wallendorff.com\/belogue\/wp-content\/uploads\/2024\/03\/20240327-22.jpg?resize=525%2C300&ssl=1 1.5x, https:\/\/i0.wp.com\/www.wallendorff.com\/belogue\/wp-content\/uploads\/2024\/03\/20240327-22.jpg?resize=700%2C400&ssl=1 2x, https:\/\/i0.wp.com\/www.wallendorff.com\/belogue\/wp-content\/uploads\/2024\/03\/20240327-22.jpg?resize=1050%2C600&ssl=1 3x"},"classes":[]},{"id":4986,"url":"https:\/\/www.wallendorff.com\/belogue\/2009\/11\/05\/bat-for-lashes-bad-lieutenant-lolympia-paris\/","url_meta":{"origin":14124,"position":1},"title":"Bat for Lashes + Bad Lieutenant @ l&rsquo;Olympia, Paris.","author":"dpc","date":"5 novembre 2009","format":false,"excerpt":"La bande-son est d\u00e9di\u00e9e \u00e0 une grande fan qui se reconna\u00eetra. \u00a0Bat for Lashes \u2013 A Forest (The Cure cover) Bad Lieutenant Bat for Lashes","rel":"","context":"Dans &quot;Alive&quot;","block_context":{"text":"Alive","link":"https:\/\/www.wallendorff.com\/belogue\/category\/alive\/"},"img":{"alt_text":"","src":"https:\/\/i0.wp.com\/www.wallendorff.com\/belogue\/wp-content\/uploads\/2015\/04\/200911051.jpg?resize=350%2C200&ssl=1","width":350,"height":200,"srcset":"https:\/\/i0.wp.com\/www.wallendorff.com\/belogue\/wp-content\/uploads\/2015\/04\/200911051.jpg?resize=350%2C200&ssl=1 1x, https:\/\/i0.wp.com\/www.wallendorff.com\/belogue\/wp-content\/uploads\/2015\/04\/200911051.jpg?resize=525%2C300&ssl=1 1.5x, https:\/\/i0.wp.com\/www.wallendorff.com\/belogue\/wp-content\/uploads\/2015\/04\/200911051.jpg?resize=700%2C400&ssl=1 2x"},"classes":[]},{"id":130484,"url":"https:\/\/www.wallendorff.com\/belogue\/2024\/09\/03\/bleachers-lolympia-paris-2-septembre-2024\/","url_meta":{"origin":14124,"position":2},"title":"Bleachers @ l&rsquo;Olympia, Paris, 2 septembre 2024","author":"dpc","date":"3 septembre 2024","format":false,"excerpt":"Bleachers @ l\u2019OLympia, Paris, 02\/09\/2024 Bleachers @ l\u2019OLympia, Paris, 02\/09\/2024 Bleachers @ l\u2019OLympia, Paris, 02\/09\/2024 Bleachers @ l\u2019OLympia, Paris, 02\/09\/2024 Bleachers @ l\u2019OLympia, Paris, 02\/09\/2024 Bleachers @ l\u2019OLympia, Paris, 02\/09\/2024 Bleachers @ l\u2019OLympia, Paris, 02\/09\/2024 Bleachers @ l\u2019OLympia, Paris, 02\/09\/2024 Bleachers @ l\u2019OLympia, Paris, 02\/09\/2024 Bleachers @ l\u2019OLympia, Paris, 02\/09\/2024\u2026","rel":"","context":"Dans &quot;Alive&quot;","block_context":{"text":"Alive","link":"https:\/\/www.wallendorff.com\/belogue\/category\/alive\/"},"img":{"alt_text":"","src":"https:\/\/i0.wp.com\/www.wallendorff.com\/belogue\/wp-content\/uploads\/2024\/09\/20240903-21.jpg?resize=350%2C200&ssl=1","width":350,"height":200,"srcset":"https:\/\/i0.wp.com\/www.wallendorff.com\/belogue\/wp-content\/uploads\/2024\/09\/20240903-21.jpg?resize=350%2C200&ssl=1 1x, https:\/\/i0.wp.com\/www.wallendorff.com\/belogue\/wp-content\/uploads\/2024\/09\/20240903-21.jpg?resize=525%2C300&ssl=1 1.5x, https:\/\/i0.wp.com\/www.wallendorff.com\/belogue\/wp-content\/uploads\/2024\/09\/20240903-21.jpg?resize=700%2C400&ssl=1 2x, https:\/\/i0.wp.com\/www.wallendorff.com\/belogue\/wp-content\/uploads\/2024\/09\/20240903-21.jpg?resize=1050%2C600&ssl=1 3x"},"classes":[]},{"id":131821,"url":"https:\/\/www.wallendorff.com\/belogue\/2025\/03\/06\/sam-fender-lolympia-paris-4-mars-2025\/","url_meta":{"origin":14124,"position":3},"title":"Sam Fender @ l&rsquo;Olympia, Paris, 4 mars 2025.","author":"dpc","date":"6 mars 2025","format":false,"excerpt":"Sam Fender @ l\u2019Olympia, Paris, 04\/03\/2025 Sam Fender @ l\u2019Olympia, Paris, 04\/03\/2025 Sam Fender @ l\u2019Olympia, Paris, 04\/03\/2025 Sam Fender @ l\u2019Olympia, Paris, 04\/03\/2025 Sam Fender @ l\u2019Olympia, Paris, 04\/03\/2025 Sam Fender @ l\u2019Olympia, Paris, 04\/03\/2025 Sam Fender @ l\u2019Olympia, Paris, 04\/03\/2025 Sam Fender @ l\u2019Olympia, Paris, 04\/03\/2025 Sam Fender\u2026","rel":"","context":"Dans &quot;Alive&quot;","block_context":{"text":"Alive","link":"https:\/\/www.wallendorff.com\/belogue\/category\/alive\/"},"img":{"alt_text":"","src":"https:\/\/i0.wp.com\/www.wallendorff.com\/belogue\/wp-content\/uploads\/2025\/03\/20250306-01.jpg?resize=350%2C200&ssl=1","width":350,"height":200,"srcset":"https:\/\/i0.wp.com\/www.wallendorff.com\/belogue\/wp-content\/uploads\/2025\/03\/20250306-01.jpg?resize=350%2C200&ssl=1 1x, https:\/\/i0.wp.com\/www.wallendorff.com\/belogue\/wp-content\/uploads\/2025\/03\/20250306-01.jpg?resize=525%2C300&ssl=1 1.5x, https:\/\/i0.wp.com\/www.wallendorff.com\/belogue\/wp-content\/uploads\/2025\/03\/20250306-01.jpg?resize=700%2C400&ssl=1 2x, https:\/\/i0.wp.com\/www.wallendorff.com\/belogue\/wp-content\/uploads\/2025\/03\/20250306-01.jpg?resize=1050%2C600&ssl=1 3x"},"classes":[]},{"id":131679,"url":"https:\/\/www.wallendorff.com\/belogue\/2025\/02\/04\/snow-patrol-lolympia-paris-30-janvier-2025\/","url_meta":{"origin":14124,"position":4},"title":"Snow Patrol @ l&rsquo;Olympia, Paris, 30 janvier 2025.","author":"dpc","date":"4 f\u00e9vrier 2025","format":false,"excerpt":"Snow Patrol @ l\u2019Olympia, Paris, 30\/01\/2025 Snow Patrol @ l\u2019Olympia, Paris, 30\/01\/2025 Snow Patrol @ l\u2019Olympia, Paris, 30\/01\/2025 Snow Patrol @ l\u2019Olympia, Paris, 30\/01\/2025 Snow Patrol @ l\u2019Olympia, Paris, 30\/01\/2025 Snow Patrol @ l\u2019Olympia, Paris, 30\/01\/2025 Snow Patrol @ l\u2019Olympia, Paris, 30\/01\/2025 Snow Patrol @ l\u2019Olympia, Paris, 30\/01\/2025 Snow Patrol\u2026","rel":"","context":"Dans &quot;Alive&quot;","block_context":{"text":"Alive","link":"https:\/\/www.wallendorff.com\/belogue\/category\/alive\/"},"img":{"alt_text":"","src":"https:\/\/i0.wp.com\/www.wallendorff.com\/belogue\/wp-content\/uploads\/2025\/02\/20250204-13.jpg?resize=350%2C200&ssl=1","width":350,"height":200,"srcset":"https:\/\/i0.wp.com\/www.wallendorff.com\/belogue\/wp-content\/uploads\/2025\/02\/20250204-13.jpg?resize=350%2C200&ssl=1 1x, https:\/\/i0.wp.com\/www.wallendorff.com\/belogue\/wp-content\/uploads\/2025\/02\/20250204-13.jpg?resize=525%2C300&ssl=1 1.5x, https:\/\/i0.wp.com\/www.wallendorff.com\/belogue\/wp-content\/uploads\/2025\/02\/20250204-13.jpg?resize=700%2C400&ssl=1 2x, https:\/\/i0.wp.com\/www.wallendorff.com\/belogue\/wp-content\/uploads\/2025\/02\/20250204-13.jpg?resize=1050%2C600&ssl=1 3x"},"classes":[]},{"id":4745,"url":"https:\/\/www.wallendorff.com\/belogue\/2009\/09\/22\/just-a-city-to-abuse\/","url_meta":{"origin":14124,"position":5},"title":"Just a city to abuse.","author":"dpc","date":"22 septembre 2009","format":false,"excerpt":"Times Square, New York, 9 mai. \u00a0Kasabian \u2013 Fast Fuse [J'aimerais bien savoir comment on dit lol en italien.]","rel":"","context":"Dans &quot;DPC&quot;","block_context":{"text":"DPC","link":"https:\/\/www.wallendorff.com\/belogue\/category\/dpc\/"},"img":{"alt_text":"","src":"https:\/\/i0.wp.com\/www.wallendorff.com\/belogue\/wp-content\/uploads\/2015\/04\/200909221.jpg?resize=350%2C200&ssl=1","width":350,"height":200},"classes":[]}],"_links":{"self":[{"href":"https:\/\/www.wallendorff.com\/belogue\/wp-json\/wp\/v2\/posts\/14124","targetHints":{"allow":["GET"]}}],"collection":[{"href":"https:\/\/www.wallendorff.com\/belogue\/wp-json\/wp\/v2\/posts"}],"about":[{"href":"https:\/\/www.wallendorff.com\/belogue\/wp-json\/wp\/v2\/types\/post"}],"author":[{"embeddable":true,"href":"https:\/\/www.wallendorff.com\/belogue\/wp-json\/wp\/v2\/users\/1"}],"replies":[{"embeddable":true,"href":"https:\/\/www.wallendorff.com\/belogue\/wp-json\/wp\/v2\/comments?post=14124"}],"version-history":[{"count":8,"href":"https:\/\/www.wallendorff.com\/belogue\/wp-json\/wp\/v2\/posts\/14124\/revisions"}],"predecessor-version":[{"id":15064,"href":"https:\/\/www.wallendorff.com\/belogue\/wp-json\/wp\/v2\/posts\/14124\/revisions\/15064"}],"wp:featuredmedia":[{"embeddable":true,"href":"https:\/\/www.wallendorff.com\/belogue\/wp-json\/wp\/v2\/media\/25682"}],"wp:attachment":[{"href":"https:\/\/www.wallendorff.com\/belogue\/wp-json\/wp\/v2\/media?parent=14124"}],"wp:term":[{"taxonomy":"category","embeddable":true,"href":"https:\/\/www.wallendorff.com\/belogue\/wp-json\/wp\/v2\/categories?post=14124"},{"taxonomy":"post_tag","embeddable":true,"href":"https:\/\/www.wallendorff.com\/belogue\/wp-json\/wp\/v2\/tags?post=14124"}],"curies":[{"name":"wp","href":"https:\/\/api.w.org\/{rel}","templated":true}]}}