{"id":1402,"date":"2008-07-14T14:49:49","date_gmt":"2008-07-14T12:49:49","guid":{"rendered":"http:\/\/www.po-l.com\/belogue\/?p=1402"},"modified":"2012-04-26T10:39:52","modified_gmt":"2012-04-26T08:39:52","slug":"there-is-a-light-that-never-goes-out-2","status":"publish","type":"post","link":"https:\/\/www.wallendorff.com\/belogue\/2008\/07\/14\/there-is-a-light-that-never-goes-out-2\/","title":{"rendered":"There Is a Light That Never Goes Out."},"content":{"rendered":"<div id=\"photo\">\n<p><img decoding=\"async\" src=\"https:\/\/www.wallendorff.com\/belogue\/photo\/2008\/07\/20080714.jpg\" \/><br \/>Paris, 13 juillet.<\/p>\n<\/div>\n<div id=\"bandeson\">\n<p><img decoding=\"async\" src=\"https:\/\/www.wallendorff.com\/belogue\/photo\/pochettes\/blank.jpg\" align=\"left\" \/>&nbsp; <a href=\"http:\/\/www.deathcabforcutie.com\/\">Death Cab for Cutie<\/a> &ndash; <em>There Is a Light That Never Goes Out<\/em> (The Smiths cover, <a href=\"http:\/\/www.radio1045.com\/pages\/studio\/dcfc.html\">Radio 104.5 session<\/a>)<\/p>\n<\/div>\n","protected":false},"excerpt":{"rendered":"<p>Paris, 13 juillet. &nbsp; Death Cab for Cutie &ndash; There Is a Light That Never Goes Out (The Smiths cover, Radio 104.5 session)<\/p>\n","protected":false},"author":1,"featured_media":25227,"comment_status":"open","ping_status":"open","sticky":false,"template":"","format":"standard","meta":{"_acf_changed":false,"ngg_post_thumbnail":0,"jetpack_post_was_ever_published":false,"_jetpack_newsletter_access":"","_jetpack_dont_email_post_to_subs":false,"_jetpack_newsletter_tier_id":0,"_jetpack_memberships_contains_paywalled_content":false,"_jetpack_memberships_contains_paid_content":false,"footnotes":"","jetpack_publicize_message":"","jetpack_publicize_feature_enabled":true,"jetpack_social_post_already_shared":false,"jetpack_social_options":{"image_generator_settings":{"template":"highway","default_image_id":0,"font":"","enabled":false},"version":2}},"categories":[3],"tags":[10143,142,132,10144,215,10120,10121,10142,10098,216,213,214,10596],"class_list":["post-1402","post","type-post","status-publish","format-standard","has-post-thumbnail","hentry","category-dpc","tag-10143","tag-ef-s-10-22-mm-f35-45-usm","tag-eos-20d","tag-ciel","tag-death-cab-for-cutie","tag-france","tag-ile-de-france","tag-montmartre","tag-paris","tag-radio-1045","tag-the-smiths","tag-there-is-a-light-that-never-goes-out","tag-toit"],"acf":[],"geo":{"latitude":48.8878326,"longitude":2.3419173,"description":null},"jetpack_publicize_connections":[],"jetpack_featured_media_url":"https:\/\/www.wallendorff.com\/belogue\/wp-content\/uploads\/2015\/04\/200807141.jpg","jetpack_shortlink":"https:\/\/wp.me\/p3b35P-mC","jetpack_sharing_enabled":true,"jetpack-related-posts":[{"id":5034,"url":"https:\/\/www.wallendorff.com\/belogue\/2009\/11\/15\/cryptique\/","url_meta":{"origin":1402,"position":0},"title":"Cryptique.","author":"dpc","date":"15 novembre 2009","format":false,"excerpt":"Coll\u00e8ge des Bernardins, Paris, 25 juillet. \u00a0Death Cab for Cutie \u2013 Meet Me on the Equinox","rel":"","context":"Dans &quot;DPC&quot;","block_context":{"text":"DPC","link":"https:\/\/www.wallendorff.com\/belogue\/category\/dpc\/"},"img":{"alt_text":"","src":"https:\/\/i0.wp.com\/www.wallendorff.com\/belogue\/wp-content\/uploads\/2015\/04\/200911151.jpg?resize=350%2C200&ssl=1","width":350,"height":200},"classes":[]},{"id":13041,"url":"https:\/\/www.wallendorff.com\/belogue\/2011\/07\/21\/coude-a-retz\/","url_meta":{"origin":1402,"position":1},"title":"Coude \u00e0 Retz.","author":"dpc","date":"21 juillet 2011","format":false,"excerpt":"Paris, 12 juin. \u00a0Death Cab for Cutie \u2013 St. Peter's Cathedral","rel":"","context":"Dans &quot;DPC&quot;","block_context":{"text":"DPC","link":"https:\/\/www.wallendorff.com\/belogue\/category\/dpc\/"},"img":{"alt_text":"","src":"https:\/\/i0.wp.com\/www.wallendorff.com\/belogue\/wp-content\/uploads\/2015\/04\/201107211.jpg?resize=350%2C200&ssl=1","width":350,"height":200},"classes":[]},{"id":11585,"url":"https:\/\/www.wallendorff.com\/belogue\/2011\/01\/13\/parc-mont-seau\/","url_meta":{"origin":1402,"position":2},"title":"Parc mont-seau.","author":"dpc","date":"13 janvier 2011","format":false,"excerpt":"Rue du Mont-Cenis, Paris, 20 novembre 2010. \u00ab\u00a0Mont-seau\u00a0\u00bb parce qu'au milieu du square il y a un ch\u00e2teau d'eau et que \u00e7a sonne comme Monceau. D'o\u00f9 dr\u00f4le, d'o\u00f9 lol mdr rophlmao poney poney. Enfin normalement. Hum. \u00a0Amanda Palmer \u2013 I Will Follow You into the Dark (Death Cab for Cutie\u2026","rel":"","context":"Dans &quot;DPC&quot;","block_context":{"text":"DPC","link":"https:\/\/www.wallendorff.com\/belogue\/category\/dpc\/"},"img":{"alt_text":"","src":"https:\/\/i0.wp.com\/www.wallendorff.com\/belogue\/wp-content\/uploads\/2015\/04\/201101131.jpg?resize=350%2C200&ssl=1","width":350,"height":200},"classes":[]},{"id":7326,"url":"https:\/\/www.wallendorff.com\/belogue\/2010\/04\/01\/christ-maison-cedant-rieur-paix-nuls-tiennent-mes-pas-depie-ressent-dmanne\/","url_meta":{"origin":1402,"position":3},"title":"Christ, maison, c\u00e9dant, rieur, paix nuls tiennent, mes pas d&rsquo;\u00e9pi\u00e9, Ressent d&rsquo;manne1.","author":"dpc","date":"1 avril 2010","format":false,"excerpt":"Anth\u00e9e, 13 mars. Puisque qu'on passe par ses terres, j'en profite pour faire un peu de r\u00e9clame pour l'Hugues van Rymenam qui depuis 1996, c'est \u00e0 dire bien avant l'invention du blog, du photoblog et des Jonas Brothers, r\u00f4de en Ardenne belge et fran\u00e7aise et poste tous les jours une\u2026","rel":"","context":"Dans &quot;DPC&quot;","block_context":{"text":"DPC","link":"https:\/\/www.wallendorff.com\/belogue\/category\/dpc\/"},"img":{"alt_text":"","src":"https:\/\/i0.wp.com\/www.wallendorff.com\/belogue\/wp-content\/uploads\/2015\/04\/201004011.jpg?resize=350%2C200&ssl=1","width":350,"height":200},"classes":[]},{"id":21,"url":"https:\/\/www.wallendorff.com\/belogue\/2006\/02\/03\/previously-unreleased-25sup1-sup\/","url_meta":{"origin":1402,"position":4},"title":"Previously Unreleased #25&sup1;.","author":"dpc","date":"3 f\u00e9vrier 2006","format":false,"excerpt":"Groupe-inconnu-en-premi\u00e8re-partie-des-Editors, le Trabendo, Paris, 27 janvier. \u201cI wonder to myself Could life ever be sane again?\u201d \u00a0The Smiths \u2014 Panic _____ 1 Concept bien foutu de chez cette gente dame venu.","rel":"","context":"Dans &quot;Previously unreleased&quot;","block_context":{"text":"Previously unreleased","link":"https:\/\/www.wallendorff.com\/belogue\/category\/previously-unreleased\/"},"img":{"alt_text":"","src":"https:\/\/i0.wp.com\/www.wallendorff.com\/belogue\/wp-content\/uploads\/2015\/04\/200602031.jpg?resize=350%2C200&ssl=1","width":350,"height":200},"classes":[]},{"id":23784,"url":"https:\/\/www.wallendorff.com\/belogue\/2015\/01\/12\/allez\/","url_meta":{"origin":1402,"position":5},"title":"Allez.","author":"dpc","date":"12 janvier 2015","format":false,"excerpt":"Traunergassl, D\u00fcrnstein, 13 septembre 2014. On va faire comme il y a dix ans et dire que 2015 ne commence qu'aujourd'hui, tiens. Et de vous la souhaiter bonne. \u00c0 nouveau. There Is a Light That Never Goes Out Noel Gallagher","rel":"","context":"Dans &quot;DPC&quot;","block_context":{"text":"DPC","link":"https:\/\/www.wallendorff.com\/belogue\/category\/dpc\/"},"img":{"alt_text":"","src":"https:\/\/i0.wp.com\/www.wallendorff.com\/belogue\/wp-content\/uploads\/2015\/04\/201501121.jpg?resize=350%2C200&ssl=1","width":350,"height":200,"srcset":"https:\/\/i0.wp.com\/www.wallendorff.com\/belogue\/wp-content\/uploads\/2015\/04\/201501121.jpg?resize=350%2C200&ssl=1 1x, https:\/\/i0.wp.com\/www.wallendorff.com\/belogue\/wp-content\/uploads\/2015\/04\/201501121.jpg?resize=525%2C300&ssl=1 1.5x, https:\/\/i0.wp.com\/www.wallendorff.com\/belogue\/wp-content\/uploads\/2015\/04\/201501121.jpg?resize=700%2C400&ssl=1 2x"},"classes":[]}],"_links":{"self":[{"href":"https:\/\/www.wallendorff.com\/belogue\/wp-json\/wp\/v2\/posts\/1402","targetHints":{"allow":["GET"]}}],"collection":[{"href":"https:\/\/www.wallendorff.com\/belogue\/wp-json\/wp\/v2\/posts"}],"about":[{"href":"https:\/\/www.wallendorff.com\/belogue\/wp-json\/wp\/v2\/types\/post"}],"author":[{"embeddable":true,"href":"https:\/\/www.wallendorff.com\/belogue\/wp-json\/wp\/v2\/users\/1"}],"replies":[{"embeddable":true,"href":"https:\/\/www.wallendorff.com\/belogue\/wp-json\/wp\/v2\/comments?post=1402"}],"version-history":[{"count":1,"href":"https:\/\/www.wallendorff.com\/belogue\/wp-json\/wp\/v2\/posts\/1402\/revisions"}],"predecessor-version":[{"id":17073,"href":"https:\/\/www.wallendorff.com\/belogue\/wp-json\/wp\/v2\/posts\/1402\/revisions\/17073"}],"wp:featuredmedia":[{"embeddable":true,"href":"https:\/\/www.wallendorff.com\/belogue\/wp-json\/wp\/v2\/media\/25227"}],"wp:attachment":[{"href":"https:\/\/www.wallendorff.com\/belogue\/wp-json\/wp\/v2\/media?parent=1402"}],"wp:term":[{"taxonomy":"category","embeddable":true,"href":"https:\/\/www.wallendorff.com\/belogue\/wp-json\/wp\/v2\/categories?post=1402"},{"taxonomy":"post_tag","embeddable":true,"href":"https:\/\/www.wallendorff.com\/belogue\/wp-json\/wp\/v2\/tags?post=1402"}],"curies":[{"name":"wp","href":"https:\/\/api.w.org\/{rel}","templated":true}]}}