{"id":140,"date":"2006-05-02T11:09:11","date_gmt":"2006-05-02T11:09:11","guid":{"rendered":"http:\/\/www.po-l.com\/wordpress\/?p=140"},"modified":"2012-11-06T10:47:01","modified_gmt":"2012-11-06T08:47:01","slug":"stick-stack-stuck","status":"publish","type":"post","link":"https:\/\/www.wallendorff.com\/belogue\/2006\/05\/02\/stick-stack-stuck\/","title":{"rendered":"Stick, stack, stuck."},"content":{"rendered":"\n<div id=\"photo\">\n<p><img decoding=\"async\" src=\"http:\/\/www.po-L.com\/belogue\/photo\/2006\/05\/20060502.jpg\" \/><br \/>\n          Clamart-M&times;&times;-C&times;&times;&times;&times;&times;&times;&times;, 27 mars.<\/p>\n<\/p><\/div>\n<p style=\"text-align:right\">I hate those mornings,<br \/>\n        those subways and buses,<br \/>\n        their people,<br \/>\n        this urban countryside,<br \/>\n        those cheap cookies,<br \/>\n        This industrial chocolate,<br \/>\n        These cars and this freaking oil temple.<\/p>\n<p style=\"text-align:right\">But I won&rsquo;t complain too much.<\/p>\n<p style=\"text-align:right\">For I fortunately like the folks down here.<\/p>\n<p style=\"text-align:right\">It could be worst, then.<\/p>\n<p style=\"text-align:right\">Screw it.<\/p>\n<p>\/Edit&nbsp;: &Agrave; l&rsquo;occasion des <a href=\"http:\/\/www.botanique.be\/nuits06fr.htm\">Nuits du Bota<\/a>, Vox devient quotidienne pour 10 jours et tout &agrave; coup tout va mieux. <a href=\"http:\/\/vox.skynetblogs.be\">Ch&egrave;quitoute<\/a>. <\/p>\n<div id=\"bandeson\">\n<p><img decoding=\"async\" src=\"https:\/\/www.wallendorff.com\/belogue\/photo\/pochettes\/b\/buckcherry-buckcherry.jpg\" align=\"left\" \/> <a href=\"http:\/\/www.buckcherry.com\/\">Buckcherry<\/a> &ndash;<em> Dirty Mind<\/em><\/p>\n<\/div>\n","protected":false},"excerpt":{"rendered":"<p>Clamart-M&times;&times;-C&times;&times;&times;&times;&times;&times;&times;, 27 mars. I hate those mornings, those subways and buses, their people, this urban countryside, those cheap cookies, This industrial chocolate, These cars and this freaking oil temple. But I won&rsquo;t complain too much. For I fortunately like the folks down here. It could be worst, then. Screw it. \/Edit&nbsp;: &Agrave; l&rsquo;occasion des Nuits&hellip;<\/p>\n","protected":false},"author":1,"featured_media":24074,"comment_status":"open","ping_status":"open","sticky":false,"template":"","format":"standard","meta":{"_acf_changed":false,"ngg_post_thumbnail":0,"jetpack_post_was_ever_published":false,"_jetpack_newsletter_access":"","_jetpack_dont_email_post_to_subs":false,"_jetpack_newsletter_tier_id":0,"_jetpack_memberships_contains_paywalled_content":false,"_jetpack_memberships_contains_paid_content":false,"footnotes":"","jetpack_publicize_message":"","jetpack_publicize_feature_enabled":true,"jetpack_social_post_already_shared":false,"jetpack_social_options":{"image_generator_settings":{"template":"highway","default_image_id":0,"font":"","enabled":false},"version":2}},"categories":[3],"tags":[1570,132,10322,1571,10120,10353,10121,143,173,180],"class_list":["post-140","post","type-post","status-publish","format-standard","has-post-thumbnail","hentry","category-dpc","tag-buckcherry","tag-eos-20d","tag-couloir","tag-dirty-mind","tag-france","tag-hauts-de-seine","tag-ile-de-france","tag-noir-et-blanc","tag-sigma-28-70-mm-f28-dg-ex","tag-vox"],"acf":[],"geo":null,"jetpack_publicize_connections":[],"jetpack_featured_media_url":"https:\/\/www.wallendorff.com\/belogue\/wp-content\/uploads\/2015\/04\/200605021.jpg","jetpack_shortlink":"https:\/\/wp.me\/p3b35P-2g","jetpack_sharing_enabled":true,"jetpack-related-posts":[{"id":940,"url":"https:\/\/www.wallendorff.com\/belogue\/2007\/04\/30\/epie-cycles-aux-ides\/","url_meta":{"origin":140,"position":0},"title":"\u00c9pie cycles aux ides.","author":"dpc","date":"30 avril 2007","format":false,"excerpt":"Quai de la Loire, Paris, 18 avril. Du coup j'ai oubli\u00e9 de signaler que Vox, c'est fini. Le J\u00e9r\u00f4me Colin nous promettant d'autres trucs \u00e0 la place dans le futur, on va dire que tout va bien, mais malgr\u00e9 tout \u00e7a manquera gravement \u00e0 mes lundis matins. La vie est\u2026","rel":"","context":"Dans &quot;DPC&quot;","block_context":{"text":"DPC","link":"https:\/\/www.wallendorff.com\/belogue\/category\/dpc\/"},"img":{"alt_text":"","src":"https:\/\/i0.wp.com\/www.wallendorff.com\/belogue\/wp-content\/uploads\/2015\/04\/200704301.jpg?resize=350%2C200&ssl=1","width":350,"height":200},"classes":[]},{"id":885,"url":"https:\/\/www.wallendorff.com\/belogue\/2007\/01\/27\/peter-von-poehl-le-bataclan-paris\/","url_meta":{"origin":140,"position":1},"title":"Peter Von Poehl @ le Bataclan, Paris.","author":"dpc","date":"27 janvier 2007","format":false,"excerpt":"Peter est un mec sympa aux faux airs de Dave, qui parle beaucoup et bien, du genre \u00e0 te mettre une chouette ambiance dans un Bataclan blind\u00e9, un truc bien chaleureux comme une soir\u00e9e \u00e0 causer pr\u00e8s du Poehl1. Bon, forc\u00e9ment, il faudra lui pardonner ses errements humoristiques, surtout quand\u2026","rel":"","context":"Dans &quot;Alive&quot;","block_context":{"text":"Alive","link":"https:\/\/www.wallendorff.com\/belogue\/category\/alive\/"},"img":{"alt_text":"","src":"https:\/\/i0.wp.com\/www.wallendorff.com\/belogue\/wp-content\/uploads\/2015\/04\/200701271.jpg?resize=350%2C200&ssl=1","width":350,"height":200,"srcset":"https:\/\/i0.wp.com\/www.wallendorff.com\/belogue\/wp-content\/uploads\/2015\/04\/200701271.jpg?resize=350%2C200&ssl=1 1x, https:\/\/i0.wp.com\/www.wallendorff.com\/belogue\/wp-content\/uploads\/2015\/04\/200701271.jpg?resize=525%2C300&ssl=1 1.5x, https:\/\/i0.wp.com\/www.wallendorff.com\/belogue\/wp-content\/uploads\/2015\/04\/200701271.jpg?resize=700%2C400&ssl=1 2x"},"classes":[]},{"id":947,"url":"https:\/\/www.wallendorff.com\/belogue\/2007\/05\/09\/space-mot-keys-8\/","url_meta":{"origin":140,"position":2},"title":"Space mot-keys #8.","author":"dpc","date":"9 mai 2007","format":false,"excerpt":"ize proude tou pr\u00e9sente Le choc\u00a0: Bataille of the Belges \u00a012 \u00a0\u00a0\u00a01 Les sondages le confirment, laisser sa brayette ouverte devant le Point \u00c9ph\u00e9m\u00e8re tout entier fait fuir ses cyber-fans. Didier Wampas est pr\u00e9venu. La courteliste\u00a0: Allez, allez, allez [pas besoin de me prier]. \u00a0 Merci, merci. Ton ch\u00e8que part\u2026","rel":"","context":"Dans &quot;Space mots-keys&quot;","block_context":{"text":"Space mots-keys","link":"https:\/\/www.wallendorff.com\/belogue\/category\/space-mots-keys\/"},"img":{"alt_text":"","src":"","width":0,"height":0},"classes":[]},{"id":101,"url":"https:\/\/www.wallendorff.com\/belogue\/2006\/03\/15\/sens-londres-d-un-doux-the\/","url_meta":{"origin":140,"position":3},"title":"Sens Londres d&rsquo;un doux the\u00b9.","author":"dpc","date":"15 mars 2006","format":false,"excerpt":"Whichcote St. (sans blague\u00a0?), Londres, 3 mars, 16h05. J'avais perdu J\u00e9r\u00f4me Colin, disparu de Pure FM sans laisser de trace, et l\u00e0 cool, merci gougueule, le revoil\u00e0 sur Vox, un audio-bel\u00f6gue sympa sorti de nulle part, sur lequel chaque semaine on a droit \u00e0 une heure d'interviews et de sessions\u2026","rel":"","context":"Dans &quot;DPC&quot;","block_context":{"text":"DPC","link":"https:\/\/www.wallendorff.com\/belogue\/category\/dpc\/"},"img":{"alt_text":"","src":"https:\/\/i0.wp.com\/www.wallendorff.com\/belogue\/wp-content\/uploads\/2015\/04\/200603141.jpg?resize=350%2C200&ssl=1","width":350,"height":200},"classes":[]},{"id":20,"url":"https:\/\/www.wallendorff.com\/belogue\/2006\/09\/25\/shooting-people-3\/","url_meta":{"origin":140,"position":4},"title":"Shooting people #3\u00b9.","author":"dpc","date":"25 septembre 2006","format":false,"excerpt":"Je sais que c'est mal de repomper les trucs des copains, mais cette semaine chez Vox le J\u00e9r\u00f4me Colin nous a d\u00e9gott\u00e9 une reprise d'Hey Ya d'Outkast par le guitariste d'Obadiah Parker2, obscur combo ind\u00e9 de Scottsdale-my-balls, Arizona, qui d\u00e9chire un peu tellement tout qu'il faut que je vous la\u2026","rel":"","context":"Dans &quot;Portraits&quot;","block_context":{"text":"Portraits","link":"https:\/\/www.wallendorff.com\/belogue\/category\/portraits\/"},"img":{"alt_text":"","src":"https:\/\/i0.wp.com\/www.wallendorff.com\/belogue\/wp-content\/uploads\/2015\/04\/200609251.jpg?resize=350%2C200&ssl=1","width":350,"height":200,"srcset":"https:\/\/i0.wp.com\/www.wallendorff.com\/belogue\/wp-content\/uploads\/2015\/04\/200609251.jpg?resize=350%2C200&ssl=1 1x, https:\/\/i0.wp.com\/www.wallendorff.com\/belogue\/wp-content\/uploads\/2015\/04\/200609251.jpg?resize=525%2C300&ssl=1 1.5x, https:\/\/i0.wp.com\/www.wallendorff.com\/belogue\/wp-content\/uploads\/2015\/04\/200609251.jpg?resize=700%2C400&ssl=1 2x"},"classes":[]},{"id":120,"url":"https:\/\/www.wallendorff.com\/belogue\/2006\/04\/10\/previously-unreleased-30\/","url_meta":{"origin":140,"position":5},"title":"Previously Unreleased #30&sup1;.","author":"dpc","date":"10 avril 2006","format":false,"excerpt":"Placebo, La Cigale, Paris, 6 mars. I fucking hate fucking Mondays. T'as pas envie de te lever, t'as pas envie de te tra\u00eener au m\u00e9tro, t'as pas envie de descendre \u00e0 Montrouge, le bus a pas envie de partir, le tabac a pas envie d'ouvrir, t'as pas envie d'y aller,\u2026","rel":"","context":"Dans &quot;Previously unreleased&quot;","block_context":{"text":"Previously unreleased","link":"https:\/\/www.wallendorff.com\/belogue\/category\/previously-unreleased\/"},"img":{"alt_text":"","src":"https:\/\/i0.wp.com\/www.wallendorff.com\/belogue\/wp-content\/uploads\/2015\/04\/200604101.jpg?resize=350%2C200&ssl=1","width":350,"height":200},"classes":[]}],"_links":{"self":[{"href":"https:\/\/www.wallendorff.com\/belogue\/wp-json\/wp\/v2\/posts\/140","targetHints":{"allow":["GET"]}}],"collection":[{"href":"https:\/\/www.wallendorff.com\/belogue\/wp-json\/wp\/v2\/posts"}],"about":[{"href":"https:\/\/www.wallendorff.com\/belogue\/wp-json\/wp\/v2\/types\/post"}],"author":[{"embeddable":true,"href":"https:\/\/www.wallendorff.com\/belogue\/wp-json\/wp\/v2\/users\/1"}],"replies":[{"embeddable":true,"href":"https:\/\/www.wallendorff.com\/belogue\/wp-json\/wp\/v2\/comments?post=140"}],"version-history":[{"count":2,"href":"https:\/\/www.wallendorff.com\/belogue\/wp-json\/wp\/v2\/posts\/140\/revisions"}],"predecessor-version":[{"id":19485,"href":"https:\/\/www.wallendorff.com\/belogue\/wp-json\/wp\/v2\/posts\/140\/revisions\/19485"}],"wp:featuredmedia":[{"embeddable":true,"href":"https:\/\/www.wallendorff.com\/belogue\/wp-json\/wp\/v2\/media\/24074"}],"wp:attachment":[{"href":"https:\/\/www.wallendorff.com\/belogue\/wp-json\/wp\/v2\/media?parent=140"}],"wp:term":[{"taxonomy":"category","embeddable":true,"href":"https:\/\/www.wallendorff.com\/belogue\/wp-json\/wp\/v2\/categories?post=140"},{"taxonomy":"post_tag","embeddable":true,"href":"https:\/\/www.wallendorff.com\/belogue\/wp-json\/wp\/v2\/tags?post=140"}],"curies":[{"name":"wp","href":"https:\/\/api.w.org\/{rel}","templated":true}]}}