{"id":138,"date":"2006-04-30T13:07:52","date_gmt":"2006-04-30T13:07:52","guid":{"rendered":"http:\/\/www.po-l.com\/wordpress\/?p=138"},"modified":"2012-03-19T14:20:10","modified_gmt":"2012-03-19T12:20:10","slug":"true-the-hall","status":"publish","type":"post","link":"https:\/\/www.wallendorff.com\/belogue\/2006\/04\/30\/true-the-hall\/","title":{"rendered":"True the hall."},"content":{"rendered":"\n<div id=\"photo\">\n<p><img decoding=\"async\" src=\"http:\/\/www.po-L.com\/belogue\/photo\/2006\/04\/20060430.jpg\" \/><br \/>\n          Stars, le Bataclan, Paris, 25 avril.<\/p>\n<\/p><\/div>\n<div id=\"bandeson\">\n<p><img decoding=\"async\" src=\"https:\/\/www.wallendorff.com\/belogue\/photo\/pochettes\/s\/soledad_brothers-live.jpg\" align=\"left\" \/>&nbsp;<a href=\"http:\/\/www.myspace.com\/soledadbrothers\">Soledad Brothers<\/a> &ndash; <em>Stand Up<\/em> (live)<\/p>\n<\/div>\n","protected":false},"excerpt":{"rendered":"<p>Stars, le Bataclan, Paris, 25 avril. &nbsp;Soledad Brothers &ndash; Stand Up (live)<\/p>\n","protected":false},"author":1,"featured_media":24072,"comment_status":"open","ping_status":"open","sticky":false,"template":"","format":"standard","meta":{"_acf_changed":false,"ngg_post_thumbnail":0,"jetpack_post_was_ever_published":false,"_jetpack_newsletter_access":"","_jetpack_dont_email_post_to_subs":false,"_jetpack_newsletter_tier_id":0,"_jetpack_memberships_contains_paywalled_content":false,"_jetpack_memberships_contains_paid_content":false,"footnotes":"","jetpack_publicize_message":"","jetpack_publicize_feature_enabled":true,"jetpack_social_post_already_shared":false,"jetpack_social_options":{"image_generator_settings":{"template":"highway","default_image_id":0,"font":"","enabled":false},"version":2}},"categories":[3],"tags":[174,10183,10084,142,10120,10121,10332,10098,176,1567,1566],"class_list":["post-138","post","type-post","status-publish","format-standard","has-post-thumbnail","hentry","category-dpc","tag-174","tag-10183","tag-alive","tag-ef-s-10-22-mm-f35-45-usm","tag-france","tag-ile-de-france","tag-le-bataclan","tag-paris","tag-soledad-brothers","tag-stand-up","tag-stars"],"acf":[],"geo":{"latitude":48.8629417,"longitude":2.370445,"description":"1-15 Passage Saint-Pierre Amelot, 75011 Paris, France"},"jetpack_publicize_connections":[],"jetpack_featured_media_url":"https:\/\/www.wallendorff.com\/belogue\/wp-content\/uploads\/2015\/04\/200604301.jpg","jetpack_shortlink":"https:\/\/wp.me\/p3b35P-2e","jetpack_sharing_enabled":true,"jetpack-related-posts":[{"id":134068,"url":"https:\/\/www.wallendorff.com\/belogue\/2025\/10\/16\/the-cat-empire-le-bataclan-paris-14-octobre-2025\/","url_meta":{"origin":138,"position":0},"title":"The Cat Empire @ le Bataclan, Paris, 14 octobre 2025.","author":"dpc","date":"16 octobre 2025","format":false,"excerpt":"The Cat Empire @ le Bataclan, Paris, 14\/10\/2025 The Cat Empire @ le Bataclan, Paris, 14\/10\/2025 The Cat Empire @ le Bataclan, Paris, 14\/10\/2025 The Cat Empire @ le Bataclan, Paris, 14\/10\/2025 The Cat Empire @ le Bataclan, Paris, 14\/10\/2025 The Cat Empire @ le Bataclan, Paris, 14\/10\/2025 The Cat\u2026","rel":"","context":"Dans &quot;Alive&quot;","block_context":{"text":"Alive","link":"https:\/\/www.wallendorff.com\/belogue\/category\/alive\/"},"img":{"alt_text":"","src":"https:\/\/i0.wp.com\/www.wallendorff.com\/belogue\/wp-content\/uploads\/2025\/10\/20251016-12.jpg?resize=350%2C200&ssl=1","width":350,"height":200,"srcset":"https:\/\/i0.wp.com\/www.wallendorff.com\/belogue\/wp-content\/uploads\/2025\/10\/20251016-12.jpg?resize=350%2C200&ssl=1 1x, https:\/\/i0.wp.com\/www.wallendorff.com\/belogue\/wp-content\/uploads\/2025\/10\/20251016-12.jpg?resize=525%2C300&ssl=1 1.5x, https:\/\/i0.wp.com\/www.wallendorff.com\/belogue\/wp-content\/uploads\/2025\/10\/20251016-12.jpg?resize=700%2C400&ssl=1 2x, https:\/\/i0.wp.com\/www.wallendorff.com\/belogue\/wp-content\/uploads\/2025\/10\/20251016-12.jpg?resize=1050%2C600&ssl=1 3x"},"classes":[]},{"id":130445,"url":"https:\/\/www.wallendorff.com\/belogue\/2024\/08\/31\/flogging-molly-le-bataclan-paris-27-aout-2024\/","url_meta":{"origin":138,"position":1},"title":"Flogging Molly @ le Bataclan, Paris, 27 ao\u00fbt 2024.","author":"dpc","date":"31 ao\u00fbt 2024","format":false,"excerpt":"Drunken Lullabies | The Hand of John L. Sullivan | Swagger | (Try) Keep the Man Down | Whistles the Wind | Life in a Tenement Square | A Song of Liberty | Tobacco Island | The Croppy Boy '98 | Float | Saints & Sinners | Rebels of the\u2026","rel":"","context":"Dans &quot;Alive&quot;","block_context":{"text":"Alive","link":"https:\/\/www.wallendorff.com\/belogue\/category\/alive\/"},"img":{"alt_text":"","src":"https:\/\/i0.wp.com\/www.wallendorff.com\/belogue\/wp-content\/uploads\/2024\/08\/20240830-26.jpg?resize=350%2C200&ssl=1","width":350,"height":200,"srcset":"https:\/\/i0.wp.com\/www.wallendorff.com\/belogue\/wp-content\/uploads\/2024\/08\/20240830-26.jpg?resize=350%2C200&ssl=1 1x, https:\/\/i0.wp.com\/www.wallendorff.com\/belogue\/wp-content\/uploads\/2024\/08\/20240830-26.jpg?resize=525%2C300&ssl=1 1.5x, https:\/\/i0.wp.com\/www.wallendorff.com\/belogue\/wp-content\/uploads\/2024\/08\/20240830-26.jpg?resize=700%2C400&ssl=1 2x, https:\/\/i0.wp.com\/www.wallendorff.com\/belogue\/wp-content\/uploads\/2024\/08\/20240830-26.jpg?resize=1050%2C600&ssl=1 3x"},"classes":[]},{"id":128329,"url":"https:\/\/www.wallendorff.com\/belogue\/2024\/06\/14\/cetait-2006\/","url_meta":{"origin":138,"position":2},"title":"C&rsquo;\u00e9tait 2006.","author":"dpc","date":"14 juin 2024","format":false,"excerpt":"62 concerts en 2006. \u00c7a explique la nature de la galerie de l'ann\u00e9e. Arctic Monkeys @ le Trabendo, Paris, 24 f\u00e9vrier 2006 Londres, 3 mars 2006 Londres, 28 avril 2006 Arctic Monkeys @ le Bataclan, Paris, 2 mai 2006 Dresden Dolls @ le Bataclan, Paris, 18 mai 2006 Asyl @\u2026","rel":"","context":"Dans &quot;DPC&quot;","block_context":{"text":"DPC","link":"https:\/\/www.wallendorff.com\/belogue\/category\/dpc\/"},"img":{"alt_text":"","src":"https:\/\/i0.wp.com\/www.wallendorff.com\/belogue\/wp-content\/uploads\/2024\/06\/20240614-19.jpg?resize=350%2C200&ssl=1","width":350,"height":200,"srcset":"https:\/\/i0.wp.com\/www.wallendorff.com\/belogue\/wp-content\/uploads\/2024\/06\/20240614-19.jpg?resize=350%2C200&ssl=1 1x, https:\/\/i0.wp.com\/www.wallendorff.com\/belogue\/wp-content\/uploads\/2024\/06\/20240614-19.jpg?resize=525%2C300&ssl=1 1.5x, https:\/\/i0.wp.com\/www.wallendorff.com\/belogue\/wp-content\/uploads\/2024\/06\/20240614-19.jpg?resize=700%2C400&ssl=1 2x, https:\/\/i0.wp.com\/www.wallendorff.com\/belogue\/wp-content\/uploads\/2024\/06\/20240614-19.jpg?resize=1050%2C600&ssl=1 3x"},"classes":[]},{"id":134398,"url":"https:\/\/www.wallendorff.com\/belogue\/2025\/11\/14\/dix\/","url_meta":{"origin":138,"position":3},"title":"Dix.","author":"dpc","date":"14 novembre 2025","format":false,"excerpt":"Paris, 2015 \u2013 2024. \u00c0 P.A.,Au 131 autres morts,Aux milliers de victimes.","rel":"","context":"Dans &quot;DPC&quot;","block_context":{"text":"DPC","link":"https:\/\/www.wallendorff.com\/belogue\/category\/dpc\/"},"img":{"alt_text":"","src":"https:\/\/i0.wp.com\/www.wallendorff.com\/belogue\/wp-content\/uploads\/2025\/11\/20251114-26.jpg?resize=350%2C200&ssl=1","width":350,"height":200,"srcset":"https:\/\/i0.wp.com\/www.wallendorff.com\/belogue\/wp-content\/uploads\/2025\/11\/20251114-26.jpg?resize=350%2C200&ssl=1 1x, https:\/\/i0.wp.com\/www.wallendorff.com\/belogue\/wp-content\/uploads\/2025\/11\/20251114-26.jpg?resize=525%2C300&ssl=1 1.5x, https:\/\/i0.wp.com\/www.wallendorff.com\/belogue\/wp-content\/uploads\/2025\/11\/20251114-26.jpg?resize=700%2C400&ssl=1 2x, https:\/\/i0.wp.com\/www.wallendorff.com\/belogue\/wp-content\/uploads\/2025\/11\/20251114-26.jpg?resize=1050%2C600&ssl=1 3x"},"classes":[]},{"id":128543,"url":"https:\/\/www.wallendorff.com\/belogue\/2024\/06\/21\/cetait-2013\/","url_meta":{"origin":138,"position":4},"title":"C&rsquo;\u00e9tait 2013.","author":"dpc","date":"21 juin 2024","format":false,"excerpt":"2013, perspectives. Paris, 11 janvier 2013. Black Rebel Motorcycle Club, Paris, 06 f\u00e9vrier 2013 Bloc Party @ le Z\u00e9nith, Paris, 20 f\u00e9vrier 2013 Paris, 26 f\u00e9vrier 2013. Roissy-en-France, 20 mai 2013. Haim, Paris, 02 juin 2013 Muse @ Stade de France, Saint-Denis, 21 juin 2013 Amanvillers, 23 juin 2013. Blur\u2026","rel":"","context":"Dans &quot;DPC&quot;","block_context":{"text":"DPC","link":"https:\/\/www.wallendorff.com\/belogue\/category\/dpc\/"},"img":{"alt_text":"","src":"https:\/\/i0.wp.com\/www.wallendorff.com\/belogue\/wp-content\/uploads\/2024\/06\/20240621-08.jpg?resize=350%2C200&ssl=1","width":350,"height":200,"srcset":"https:\/\/i0.wp.com\/www.wallendorff.com\/belogue\/wp-content\/uploads\/2024\/06\/20240621-08.jpg?resize=350%2C200&ssl=1 1x, https:\/\/i0.wp.com\/www.wallendorff.com\/belogue\/wp-content\/uploads\/2024\/06\/20240621-08.jpg?resize=525%2C300&ssl=1 1.5x, https:\/\/i0.wp.com\/www.wallendorff.com\/belogue\/wp-content\/uploads\/2024\/06\/20240621-08.jpg?resize=700%2C400&ssl=1 2x, https:\/\/i0.wp.com\/www.wallendorff.com\/belogue\/wp-content\/uploads\/2024\/06\/20240621-08.jpg?resize=1050%2C600&ssl=1 3x"},"classes":[]},{"id":128393,"url":"https:\/\/www.wallendorff.com\/belogue\/2024\/06\/16\/cetait-2008\/","url_meta":{"origin":138,"position":5},"title":"C&rsquo;\u00e9tait 2008.","author":"dpc","date":"16 juin 2024","format":false,"excerpt":"2008, fin de cycles. KillerPilze @ le Trabendo, Paris, 12 janvier 2008. Linkin Park @ le Galaxie, Amn\u00e9ville, 17 janvier 2008. Paris, 27 janvier 2008. Mademoiselle K @ studios Jet, Bruxelles, 16 f\u00e9vrier 2008. Londres, 18 f\u00e9vrier 2008. Amsterdam, 2 avril 2008. Editors @ le Bataclan, Paris, 07 avril 2008\u2026","rel":"","context":"Dans &quot;DPC&quot;","block_context":{"text":"DPC","link":"https:\/\/www.wallendorff.com\/belogue\/category\/dpc\/"},"img":{"alt_text":"","src":"https:\/\/i0.wp.com\/www.wallendorff.com\/belogue\/wp-content\/uploads\/2024\/06\/20240616-04.jpg?resize=350%2C200&ssl=1","width":350,"height":200,"srcset":"https:\/\/i0.wp.com\/www.wallendorff.com\/belogue\/wp-content\/uploads\/2024\/06\/20240616-04.jpg?resize=350%2C200&ssl=1 1x, https:\/\/i0.wp.com\/www.wallendorff.com\/belogue\/wp-content\/uploads\/2024\/06\/20240616-04.jpg?resize=525%2C300&ssl=1 1.5x, https:\/\/i0.wp.com\/www.wallendorff.com\/belogue\/wp-content\/uploads\/2024\/06\/20240616-04.jpg?resize=700%2C400&ssl=1 2x, https:\/\/i0.wp.com\/www.wallendorff.com\/belogue\/wp-content\/uploads\/2024\/06\/20240616-04.jpg?resize=1050%2C600&ssl=1 3x"},"classes":[]}],"_links":{"self":[{"href":"https:\/\/www.wallendorff.com\/belogue\/wp-json\/wp\/v2\/posts\/138","targetHints":{"allow":["GET"]}}],"collection":[{"href":"https:\/\/www.wallendorff.com\/belogue\/wp-json\/wp\/v2\/posts"}],"about":[{"href":"https:\/\/www.wallendorff.com\/belogue\/wp-json\/wp\/v2\/types\/post"}],"author":[{"embeddable":true,"href":"https:\/\/www.wallendorff.com\/belogue\/wp-json\/wp\/v2\/users\/1"}],"replies":[{"embeddable":true,"href":"https:\/\/www.wallendorff.com\/belogue\/wp-json\/wp\/v2\/comments?post=138"}],"version-history":[{"count":1,"href":"https:\/\/www.wallendorff.com\/belogue\/wp-json\/wp\/v2\/posts\/138\/revisions"}],"predecessor-version":[{"id":16421,"href":"https:\/\/www.wallendorff.com\/belogue\/wp-json\/wp\/v2\/posts\/138\/revisions\/16421"}],"wp:featuredmedia":[{"embeddable":true,"href":"https:\/\/www.wallendorff.com\/belogue\/wp-json\/wp\/v2\/media\/24072"}],"wp:attachment":[{"href":"https:\/\/www.wallendorff.com\/belogue\/wp-json\/wp\/v2\/media?parent=138"}],"wp:term":[{"taxonomy":"category","embeddable":true,"href":"https:\/\/www.wallendorff.com\/belogue\/wp-json\/wp\/v2\/categories?post=138"},{"taxonomy":"post_tag","embeddable":true,"href":"https:\/\/www.wallendorff.com\/belogue\/wp-json\/wp\/v2\/tags?post=138"}],"curies":[{"name":"wp","href":"https:\/\/api.w.org\/{rel}","templated":true}]}}