{"id":13771,"date":"2011-10-21T15:27:41","date_gmt":"2011-10-21T13:27:41","guid":{"rendered":"http:\/\/www.po-L.com\/belogue\/?p=13771"},"modified":"2011-10-21T15:38:26","modified_gmt":"2011-10-21T13:38:26","slug":"le-frais-du-veau","status":"publish","type":"post","link":"https:\/\/www.wallendorff.com\/belogue\/2011\/10\/21\/le-frais-du-veau\/","title":{"rendered":"Le frais [du veau]."},"content":{"rendered":"<div id=\"photo\">\n<p><img decoding=\"async\" src=\"https:\/\/www.wallendorff.com\/belogue\/photo\/2011\/10\/20111021.jpg\"><br \/>\nCit&eacute; des Sciences et de l&rsquo;Industrie, Paris, 15 ao&ucirc;t.<\/p>\n<\/p><\/div>\n<div id=\"bandeson\">\n<p><img decoding=\"async\" src=\"https:\/\/www.wallendorff.com\/belogue\/photo\/pochettes\/c\/cults-cults.jpg\" align=\"left\"><a href=\"http:\/\/cultscultscults.com\">Cults<\/a> &ndash; <em>Oh My God<\/em><br \/>[youtube]www.youtube.com\/watch?v=KebXzv1wP4A[\/youtube]<\/p>\n<\/p><\/div>\n","protected":false},"excerpt":{"rendered":"<p>Cit&eacute; des Sciences et de l&rsquo;Industrie, Paris, 15 ao&ucirc;t. Cults &ndash; Oh My God[youtube]www.youtube.com\/watch?v=KebXzv1wP4A[\/youtube]<\/p>\n","protected":false},"author":1,"featured_media":26266,"comment_status":"open","ping_status":"open","sticky":false,"template":"","format":"standard","meta":{"_acf_changed":false,"ngg_post_thumbnail":0,"jetpack_post_was_ever_published":false,"_jetpack_newsletter_access":"","_jetpack_dont_email_post_to_subs":false,"_jetpack_newsletter_tier_id":0,"_jetpack_memberships_contains_paywalled_content":false,"_jetpack_memberships_contains_paid_content":false,"footnotes":"","jetpack_publicize_message":"","jetpack_publicize_feature_enabled":true,"jetpack_social_post_already_shared":false,"jetpack_social_options":{"image_generator_settings":{"template":"highway","default_image_id":0,"font":"","enabled":false},"version":2}},"categories":[3],"tags":[10268,5277,2615,5276,5000,10484,10120,10121,5278,10269,10098,170,10407],"class_list":["post-13771","post","type-post","status-publish","format-standard","has-post-thumbnail","hentry","category-dpc","tag-10268","tag-bassin","tag-eos-5d-mark-ii","tag-cite-des-sciences-et-de-lindustrie","tag-cults","tag-eau","tag-france","tag-ile-de-france","tag-oh-my-god","tag-parc-de-la-villette","tag-paris","tag-sigma-70-300-mm-f4-56-dg-apo-macro","tag-silhouette"],"acf":[],"geo":{"latitude":48.8947716,"longitude":2.3878527,"description":"Paris 19 Buttes-Chaumont, \u00cele-de-France, 75019, FR"},"jetpack_publicize_connections":[],"jetpack_featured_media_url":"https:\/\/www.wallendorff.com\/belogue\/wp-content\/uploads\/2015\/04\/201110211.jpg","jetpack_shortlink":"https:\/\/wp.me\/p3b35P-3A7","jetpack_sharing_enabled":true,"jetpack-related-posts":[{"id":131210,"url":"https:\/\/www.wallendorff.com\/belogue\/2024\/12\/02\/un-drap-mou-enorme-et-gesir\/","url_meta":{"origin":13771,"position":0},"title":"Un drap mou \u00e9norme et g\u00e9sir.","author":"dpc","date":"2 d\u00e9cembre 2024","format":false,"excerpt":"Pont Notre-Dame, Paris, 3 septembre 2024.","rel":"","context":"Dans &quot;DPC&quot;","block_context":{"text":"DPC","link":"https:\/\/www.wallendorff.com\/belogue\/category\/dpc\/"},"img":{"alt_text":"","src":"https:\/\/i0.wp.com\/www.wallendorff.com\/belogue\/wp-content\/uploads\/2024\/12\/20241202.jpg?resize=350%2C200&ssl=1","width":350,"height":200,"srcset":"https:\/\/i0.wp.com\/www.wallendorff.com\/belogue\/wp-content\/uploads\/2024\/12\/20241202.jpg?resize=350%2C200&ssl=1 1x, https:\/\/i0.wp.com\/www.wallendorff.com\/belogue\/wp-content\/uploads\/2024\/12\/20241202.jpg?resize=525%2C300&ssl=1 1.5x, https:\/\/i0.wp.com\/www.wallendorff.com\/belogue\/wp-content\/uploads\/2024\/12\/20241202.jpg?resize=700%2C400&ssl=1 2x, https:\/\/i0.wp.com\/www.wallendorff.com\/belogue\/wp-content\/uploads\/2024\/12\/20241202.jpg?resize=1050%2C600&ssl=1 3x"},"classes":[]},{"id":22323,"url":"https:\/\/www.wallendorff.com\/belogue\/2014\/01\/02\/bleme-lucarne\/","url_meta":{"origin":13771,"position":1},"title":"Bl\u00eame lucarne.","author":"dpc","date":"2 janvier 2014","format":false,"excerpt":"Rue des Cascades, Paris, 1er d\u00e9cembre 2013. Were Before Cults","rel":"","context":"Dans &quot;DPC&quot;","block_context":{"text":"DPC","link":"https:\/\/www.wallendorff.com\/belogue\/category\/dpc\/"},"img":{"alt_text":"","src":"https:\/\/i0.wp.com\/www.wallendorff.com\/belogue\/wp-content\/uploads\/2015\/04\/201401021.jpg?resize=350%2C200&ssl=1","width":350,"height":200,"srcset":"https:\/\/i0.wp.com\/www.wallendorff.com\/belogue\/wp-content\/uploads\/2015\/04\/201401021.jpg?resize=350%2C200&ssl=1 1x, https:\/\/i0.wp.com\/www.wallendorff.com\/belogue\/wp-content\/uploads\/2015\/04\/201401021.jpg?resize=525%2C300&ssl=1 1.5x, https:\/\/i0.wp.com\/www.wallendorff.com\/belogue\/wp-content\/uploads\/2015\/04\/201401021.jpg?resize=700%2C400&ssl=1 2x"},"classes":[]},{"id":46787,"url":"https:\/\/www.wallendorff.com\/belogue\/2020\/08\/31\/aout-2020\/","url_meta":{"origin":13771,"position":2},"title":"Ao\u00fbt 2020.","author":"dpc","date":"31 ao\u00fbt 2020","format":false,"excerpt":"Un ap\u00e9ro, des t\u00e9l\u00e9phones, un chat en vitrine, un pique-nique, un cin\u00e9 en plein air, une terrasse, un passage pi\u00e9ton, un ap\u00e9ro, un quai, un train, un puits, un barbecue, un chat pr\u00e9nomm\u00e9 Chemisier, un lampadaire, un chat pr\u00e9nomm\u00e9 Gretzky, un barbecue, un vide-grenier, un atelier, un train, un quai,\u2026","rel":"","context":"Dans &quot;Blog-note&quot;","block_context":{"text":"Blog-note","link":"https:\/\/www.wallendorff.com\/belogue\/category\/blog-note\/"},"img":{"alt_text":"","src":"https:\/\/i0.wp.com\/www.wallendorff.com\/belogue\/wp-content\/uploads\/2020\/10\/20201005-54.jpg?resize=350%2C200&ssl=1","width":350,"height":200,"srcset":"https:\/\/i0.wp.com\/www.wallendorff.com\/belogue\/wp-content\/uploads\/2020\/10\/20201005-54.jpg?resize=350%2C200&ssl=1 1x, https:\/\/i0.wp.com\/www.wallendorff.com\/belogue\/wp-content\/uploads\/2020\/10\/20201005-54.jpg?resize=525%2C300&ssl=1 1.5x, https:\/\/i0.wp.com\/www.wallendorff.com\/belogue\/wp-content\/uploads\/2020\/10\/20201005-54.jpg?resize=700%2C400&ssl=1 2x, https:\/\/i0.wp.com\/www.wallendorff.com\/belogue\/wp-content\/uploads\/2020\/10\/20201005-54.jpg?resize=1050%2C600&ssl=1 3x"},"classes":[]},{"id":13165,"url":"https:\/\/www.wallendorff.com\/belogue\/2011\/08\/26\/des-os-redonnes\/","url_meta":{"origin":13771,"position":3},"title":"Des os, redonn\u00e9s.","author":"dpc","date":"26 ao\u00fbt 2011","format":false,"excerpt":"Station Cit\u00e9, Paris, 26 juillet. [Sleepless in Cit\u00e9 no IV.] Sifflotons l'air de rien. \u00a0Tom Vek \u2013 Close Mic'ed","rel":"","context":"Dans &quot;DPC&quot;","block_context":{"text":"DPC","link":"https:\/\/www.wallendorff.com\/belogue\/category\/dpc\/"},"img":{"alt_text":"","src":"https:\/\/i0.wp.com\/www.wallendorff.com\/belogue\/wp-content\/uploads\/2015\/04\/201108261.jpg?resize=350%2C200&ssl=1","width":350,"height":200,"srcset":"https:\/\/i0.wp.com\/www.wallendorff.com\/belogue\/wp-content\/uploads\/2015\/04\/201108261.jpg?resize=350%2C200&ssl=1 1x, https:\/\/i0.wp.com\/www.wallendorff.com\/belogue\/wp-content\/uploads\/2015\/04\/201108261.jpg?resize=525%2C300&ssl=1 1.5x"},"classes":[]},{"id":22045,"url":"https:\/\/www.wallendorff.com\/belogue\/2013\/11\/21\/concorde-ii\/","url_meta":{"origin":13771,"position":4},"title":"Concorde [II].","author":"dpc","date":"21 novembre 2013","format":false,"excerpt":"Place de la Concorde, Paris, 3 octobre. High Road Cults","rel":"","context":"Dans &quot;DPC&quot;","block_context":{"text":"DPC","link":"https:\/\/www.wallendorff.com\/belogue\/category\/dpc\/"},"img":{"alt_text":"","src":"https:\/\/i0.wp.com\/www.wallendorff.com\/belogue\/wp-content\/uploads\/2015\/04\/201311211.jpg?resize=350%2C200&ssl=1","width":350,"height":200,"srcset":"https:\/\/i0.wp.com\/www.wallendorff.com\/belogue\/wp-content\/uploads\/2015\/04\/201311211.jpg?resize=350%2C200&ssl=1 1x, https:\/\/i0.wp.com\/www.wallendorff.com\/belogue\/wp-content\/uploads\/2015\/04\/201311211.jpg?resize=525%2C300&ssl=1 1.5x, https:\/\/i0.wp.com\/www.wallendorff.com\/belogue\/wp-content\/uploads\/2015\/04\/201311211.jpg?resize=700%2C400&ssl=1 2x"},"classes":[]},{"id":240,"url":"https:\/\/www.wallendorff.com\/belogue\/2005\/12\/14\/des-ardennais\/","url_meta":{"origin":13771,"position":5},"title":"Des Ardennais&sup1;.","author":"dpc","date":"14 d\u00e9cembre 2005","format":false,"excerpt":"Sleepless in Cit\u00e9, Paris, 02 d\u00e9cembre, 08h12. [...] \u00a0Lamb \u2014 Gabriel _____ 1 De pire en pire, oui.","rel":"","context":"Dans &quot;DPC&quot;","block_context":{"text":"DPC","link":"https:\/\/www.wallendorff.com\/belogue\/category\/dpc\/"},"img":{"alt_text":"","src":"","width":0,"height":0},"classes":[]}],"_links":{"self":[{"href":"https:\/\/www.wallendorff.com\/belogue\/wp-json\/wp\/v2\/posts\/13771","targetHints":{"allow":["GET"]}}],"collection":[{"href":"https:\/\/www.wallendorff.com\/belogue\/wp-json\/wp\/v2\/posts"}],"about":[{"href":"https:\/\/www.wallendorff.com\/belogue\/wp-json\/wp\/v2\/types\/post"}],"author":[{"embeddable":true,"href":"https:\/\/www.wallendorff.com\/belogue\/wp-json\/wp\/v2\/users\/1"}],"replies":[{"embeddable":true,"href":"https:\/\/www.wallendorff.com\/belogue\/wp-json\/wp\/v2\/comments?post=13771"}],"version-history":[{"count":3,"href":"https:\/\/www.wallendorff.com\/belogue\/wp-json\/wp\/v2\/posts\/13771\/revisions"}],"predecessor-version":[{"id":13822,"href":"https:\/\/www.wallendorff.com\/belogue\/wp-json\/wp\/v2\/posts\/13771\/revisions\/13822"}],"wp:featuredmedia":[{"embeddable":true,"href":"https:\/\/www.wallendorff.com\/belogue\/wp-json\/wp\/v2\/media\/26266"}],"wp:attachment":[{"href":"https:\/\/www.wallendorff.com\/belogue\/wp-json\/wp\/v2\/media?parent=13771"}],"wp:term":[{"taxonomy":"category","embeddable":true,"href":"https:\/\/www.wallendorff.com\/belogue\/wp-json\/wp\/v2\/categories?post=13771"},{"taxonomy":"post_tag","embeddable":true,"href":"https:\/\/www.wallendorff.com\/belogue\/wp-json\/wp\/v2\/tags?post=13771"}],"curies":[{"name":"wp","href":"https:\/\/api.w.org\/{rel}","templated":true}]}}