{"id":1372,"date":"2004-12-13T04:30:27","date_gmt":"2004-12-13T02:30:27","guid":{"rendered":"http:\/\/www.po-l.com\/belogue\/?p=1372"},"modified":"2012-10-29T10:55:55","modified_gmt":"2012-10-29T08:55:55","slug":"bon-2","status":"publish","type":"post","link":"https:\/\/www.wallendorff.com\/belogue\/2004\/12\/13\/bon-2\/","title":{"rendered":"Bon."},"content":{"rendered":"<div id=\"photo\">\n<p><img decoding=\"async\" src=\"http:\/\/www.po-L.com\/belogue\/photo\/2004\/12\/17.jpg\"><\/p>\n<\/div>\n<p style=\"text-align:center\">Une petite semaine de photos de Chicago et hop, tout le monde dans l&rsquo;avion.<\/p>\n<div id=\"bandeson\">\n<p><img decoding=\"async\" src=\"https:\/\/www.wallendorff.com\/belogue\/photo\/pochettes\/l\/libertines_the-the_libertines.jpg\" align=\"left\" \/>&nbsp;<a href=\"http:\/\/www.thelibertines.co.uk\/\">The Libertines<\/a> &ndash; <em>Music When the Lights Go Out<\/em><\/p>\n<\/p><\/div>\n","protected":false},"excerpt":{"rendered":"<p>Une petite semaine de photos de Chicago et hop, tout le monde dans l&rsquo;avion. &nbsp;The Libertines &ndash; Music When the Lights Go Out<\/p>\n","protected":false},"author":1,"featured_media":25219,"comment_status":"open","ping_status":"open","sticky":false,"template":"","format":"standard","meta":{"_acf_changed":false,"ngg_post_thumbnail":0,"jetpack_post_was_ever_published":false,"_jetpack_newsletter_access":"","_jetpack_dont_email_post_to_subs":false,"_jetpack_newsletter_tier_id":0,"_jetpack_memberships_contains_paywalled_content":false,"_jetpack_memberships_contains_paid_content":false,"footnotes":"","jetpack_publicize_message":"","jetpack_publicize_feature_enabled":true,"jetpack_social_post_already_shared":false,"jetpack_social_options":{"image_generator_settings":{"template":"highway","default_image_id":0,"font":"","enabled":false},"version":2}},"categories":[3],"tags":[155,132,162,55,10538,709,163,5560,143,165,164],"class_list":["post-1372","post","type-post","status-publish","format-standard","has-post-thumbnail","hentry","category-dpc","tag-ef-s-18-55-mm-f35-56-ii","tag-eos-20d","tag-chicago","tag-etats-unis","tag-gratte-ciel","tag-hancock-tower","tag-illinois","tag-music-when-the-lights-go-out","tag-noir-et-blanc","tag-the-libertines","tag-urbain"],"acf":[],"geo":{"latitude":41.8988113,"longitude":-87.62323,"description":"WCFC-TV (Chicago), Chicago, IL 60611, USA"},"jetpack_publicize_connections":[],"jetpack_featured_media_url":"https:\/\/www.wallendorff.com\/belogue\/wp-content\/uploads\/2015\/04\/1713.jpg","jetpack_shortlink":"https:\/\/wp.me\/p3b35P-m8","jetpack_sharing_enabled":true,"jetpack-related-posts":[{"id":15751,"url":"https:\/\/www.wallendorff.com\/belogue\/2012\/02\/06\/bas-lit-bat-leau\/","url_meta":{"origin":1372,"position":0},"title":"Bas lit [bat l&rsquo;eau.]","author":"dpc","date":"6 f\u00e9vrier 2012","format":false,"excerpt":"Landmark London, Londres, 15 d\u00e9cembre 2011. Merci \u00e0 tout ceux qui sont venus vendredi d'\u00eatre venus vendredi. Les autres, vous avez loup\u00e9 les gros cubis de rouge, les dragibus, la neige et la bi\u00e8re au basilic. C'est con. L'expo dure jusqu'au 28 f\u00e9vrier, si jamais. J'y repasserai s\u00fbrement dans le\u2026","rel":"","context":"Dans &quot;DPC&quot;","block_context":{"text":"DPC","link":"https:\/\/www.wallendorff.com\/belogue\/category\/dpc\/"},"img":{"alt_text":"","src":"https:\/\/i0.wp.com\/www.wallendorff.com\/belogue\/wp-content\/uploads\/2015\/04\/201202061.jpg?resize=350%2C200&ssl=1","width":350,"height":200},"classes":[]},{"id":30360,"url":"https:\/\/www.wallendorff.com\/belogue\/2016\/03\/08\/the-libertines-lolympia-paris\/","url_meta":{"origin":1372,"position":1},"title":"The Libertines @ l&rsquo;Olympia, Paris.","author":"dpc","date":"8 mars 2016","format":false,"excerpt":"","rel":"","context":"Dans &quot;Alive&quot;","block_context":{"text":"Alive","link":"https:\/\/www.wallendorff.com\/belogue\/category\/alive\/"},"img":{"alt_text":"","src":"https:\/\/i0.wp.com\/www.wallendorff.com\/belogue\/wp-content\/uploads\/2016\/03\/20160308-11-1.jpg?resize=350%2C200&ssl=1","width":350,"height":200,"srcset":"https:\/\/i0.wp.com\/www.wallendorff.com\/belogue\/wp-content\/uploads\/2016\/03\/20160308-11-1.jpg?resize=350%2C200&ssl=1 1x, https:\/\/i0.wp.com\/www.wallendorff.com\/belogue\/wp-content\/uploads\/2016\/03\/20160308-11-1.jpg?resize=525%2C300&ssl=1 1.5x, https:\/\/i0.wp.com\/www.wallendorff.com\/belogue\/wp-content\/uploads\/2016\/03\/20160308-11-1.jpg?resize=700%2C400&ssl=1 2x"},"classes":[]},{"id":567,"url":"https:\/\/www.wallendorff.com\/belogue\/2004\/11\/22\/ferme-la\/","url_meta":{"origin":1372,"position":2},"title":"Ferme, l&agrave;.","author":"dpc","date":"22 novembre 2004","format":false,"excerpt":"Quelle joie de commencer la semaine de Thanksgving et son week-end de 4 jours avec un pittoresque paysage de ferme Michiganaise, son chien et sa cr\u00e8che de No\u00ebl au milieu du champs. Bon lundi \u00e0 tous. Be vintage. Salem, Michigan. \u00a0The Libertines \u2013 The Man Who Would Be King","rel":"","context":"Dans &quot;DPC&quot;","block_context":{"text":"DPC","link":"https:\/\/www.wallendorff.com\/belogue\/category\/dpc\/"},"img":{"alt_text":"","src":"https:\/\/i0.wp.com\/www.wallendorff.com\/belogue\/wp-content\/uploads\/2015\/04\/554.jpg?resize=350%2C200&ssl=1","width":350,"height":200},"classes":[]},{"id":1113,"url":"https:\/\/www.wallendorff.com\/belogue\/2007\/12\/20\/bb-brunes-la-cigale-paris\/","url_meta":{"origin":1372,"position":3},"title":"BB Brunes @ la Cigale, Paris.","author":"dpc","date":"20 d\u00e9cembre 2007","format":false,"excerpt":"Je n'arr\u00eate pas de me demander pourquoi, sur cette photo, UN SEUL bonhomme ne bouge absolument pas, et je me dis que \u00e7a ferait un chouette sujet de r\u00e9daction pour les vacances de No\u00ebl. Mais \u00e0 part \u00e7a, rien. \u00a0The Libertines \u2013 Don't Look Back into the Sun","rel":"","context":"Dans &quot;Alive&quot;","block_context":{"text":"Alive","link":"https:\/\/www.wallendorff.com\/belogue\/category\/alive\/"},"img":{"alt_text":"","src":"https:\/\/i0.wp.com\/www.wallendorff.com\/belogue\/wp-content\/uploads\/2015\/04\/200712201.jpg?resize=350%2C200&ssl=1","width":350,"height":200,"srcset":"https:\/\/i0.wp.com\/www.wallendorff.com\/belogue\/wp-content\/uploads\/2015\/04\/200712201.jpg?resize=350%2C200&ssl=1 1x, https:\/\/i0.wp.com\/www.wallendorff.com\/belogue\/wp-content\/uploads\/2015\/04\/200712201.jpg?resize=525%2C300&ssl=1 1.5x, https:\/\/i0.wp.com\/www.wallendorff.com\/belogue\/wp-content\/uploads\/2015\/04\/200712201.jpg?resize=700%2C400&ssl=1 2x"},"classes":[]},{"id":484,"url":"https:\/\/www.wallendorff.com\/belogue\/2005\/01\/27\/previously-unreleased-3\/","url_meta":{"origin":1372,"position":4},"title":"Previously unreleased #31.","author":"dpc","date":"27 janvier 2005","format":false,"excerpt":"Sum 41, The Orbit Room, Grand Rapids, 10 novembre 2004. Aujourd'hui il a fait super froid. Mais heureusement, j'avais mes mitaines-moufles sp\u00e9ciales Michigan. P'tain, il reste du caf\u00e9, yes\u00a0! \u00a0The Libertines \u2013 Last Post on the Buggle [Tr\u00e8s tr\u00e8s fort] 1 [concept encore honteusement repomp\u00e9 l\u00e0.]","rel":"","context":"Dans &quot;Previously unreleased&quot;","block_context":{"text":"Previously unreleased","link":"https:\/\/www.wallendorff.com\/belogue\/category\/previously-unreleased\/"},"img":{"alt_text":"","src":"https:\/\/i0.wp.com\/www.wallendorff.com\/belogue\/wp-content\/uploads\/2015\/04\/20050127-sum411.jpg?resize=350%2C200&ssl=1","width":350,"height":200},"classes":[]},{"id":130218,"url":"https:\/\/www.wallendorff.com\/belogue\/2024\/08\/18\/le-cabaret-vert-2024-charleville-mezieres-jour-3\/","url_meta":{"origin":1372,"position":5},"title":"Le Cabaret Vert 2024, Charleville-M\u00e9zi\u00e8res, jour 3.","author":"dpc","date":"18 ao\u00fbt 2024","format":false,"excerpt":"METZ @ le Cabaret Vert, Charleville-M\u00e9zi\u00e8res, 17\/08\/2024 Le Cabaret Vert, Charleville-M\u00e9zi\u00e8res, 17\/08\/2024 METZ @ le Cabaret Vert, Charleville-M\u00e9zi\u00e8res, 17\/08\/2024 Le Cabaret Vert, Charleville-M\u00e9zi\u00e8res, 17\/08\/2024 METZ @ le Cabaret Vert, Charleville-M\u00e9zi\u00e8res, 17\/08\/2024 Le Cabaret Vert, Charleville-M\u00e9zi\u00e8res, 17\/08\/2024 METZ @ le Cabaret Vert, Charleville-M\u00e9zi\u00e8res, 17\/08\/2024 Le Cabaret Vert, Charleville-M\u00e9zi\u00e8res, 17\/08\/2024 METZ @\u2026","rel":"","context":"Dans &quot;Alive&quot;","block_context":{"text":"Alive","link":"https:\/\/www.wallendorff.com\/belogue\/category\/alive\/"},"img":{"alt_text":"","src":"https:\/\/i0.wp.com\/www.wallendorff.com\/belogue\/wp-content\/uploads\/2024\/08\/20240818-55.jpg?resize=350%2C200&ssl=1","width":350,"height":200,"srcset":"https:\/\/i0.wp.com\/www.wallendorff.com\/belogue\/wp-content\/uploads\/2024\/08\/20240818-55.jpg?resize=350%2C200&ssl=1 1x, https:\/\/i0.wp.com\/www.wallendorff.com\/belogue\/wp-content\/uploads\/2024\/08\/20240818-55.jpg?resize=525%2C300&ssl=1 1.5x, https:\/\/i0.wp.com\/www.wallendorff.com\/belogue\/wp-content\/uploads\/2024\/08\/20240818-55.jpg?resize=700%2C400&ssl=1 2x, https:\/\/i0.wp.com\/www.wallendorff.com\/belogue\/wp-content\/uploads\/2024\/08\/20240818-55.jpg?resize=1050%2C600&ssl=1 3x"},"classes":[]}],"_links":{"self":[{"href":"https:\/\/www.wallendorff.com\/belogue\/wp-json\/wp\/v2\/posts\/1372","targetHints":{"allow":["GET"]}}],"collection":[{"href":"https:\/\/www.wallendorff.com\/belogue\/wp-json\/wp\/v2\/posts"}],"about":[{"href":"https:\/\/www.wallendorff.com\/belogue\/wp-json\/wp\/v2\/types\/post"}],"author":[{"embeddable":true,"href":"https:\/\/www.wallendorff.com\/belogue\/wp-json\/wp\/v2\/users\/1"}],"replies":[{"embeddable":true,"href":"https:\/\/www.wallendorff.com\/belogue\/wp-json\/wp\/v2\/comments?post=1372"}],"version-history":[{"count":3,"href":"https:\/\/www.wallendorff.com\/belogue\/wp-json\/wp\/v2\/posts\/1372\/revisions"}],"predecessor-version":[{"id":19412,"href":"https:\/\/www.wallendorff.com\/belogue\/wp-json\/wp\/v2\/posts\/1372\/revisions\/19412"}],"wp:featuredmedia":[{"embeddable":true,"href":"https:\/\/www.wallendorff.com\/belogue\/wp-json\/wp\/v2\/media\/25219"}],"wp:attachment":[{"href":"https:\/\/www.wallendorff.com\/belogue\/wp-json\/wp\/v2\/media?parent=1372"}],"wp:term":[{"taxonomy":"category","embeddable":true,"href":"https:\/\/www.wallendorff.com\/belogue\/wp-json\/wp\/v2\/categories?post=1372"},{"taxonomy":"post_tag","embeddable":true,"href":"https:\/\/www.wallendorff.com\/belogue\/wp-json\/wp\/v2\/tags?post=1372"}],"curies":[{"name":"wp","href":"https:\/\/api.w.org\/{rel}","templated":true}]}}