{"id":135994,"date":"2026-04-27T12:14:14","date_gmt":"2026-04-27T10:14:14","guid":{"rendered":"https:\/\/www.wallendorff.com\/belogue\/?p=135994"},"modified":"2026-04-27T12:15:30","modified_gmt":"2026-04-27T10:15:30","slug":"pierres-belle-mare","status":"publish","type":"post","link":"https:\/\/www.wallendorff.com\/belogue\/2026\/04\/27\/pierres-belle-mare\/","title":{"rendered":"Pierres, belle mare."},"content":{"rendered":"\t\t<div data-elementor-type=\"wp-post\" data-elementor-id=\"135994\" class=\"elementor elementor-135994\" data-elementor-post-type=\"post\">\n\t\t\t\t\t\t<section class=\"elementor-section elementor-top-section elementor-element elementor-element-18f9c4bc elementor-section-boxed elementor-section-height-default elementor-section-height-default\" data-id=\"18f9c4bc\" data-element_type=\"section\" data-e-type=\"section\">\n\t\t\t\t\t\t<div class=\"elementor-container elementor-column-gap-default\">\n\t\t\t\t\t<div class=\"elementor-column elementor-col-100 elementor-top-column elementor-element elementor-element-31b37445\" data-id=\"31b37445\" data-element_type=\"column\" data-e-type=\"column\">\n\t\t\t<div class=\"elementor-widget-wrap elementor-element-populated\">\n\t\t\t\t\t\t<div class=\"elementor-element elementor-element-3e90fa35 elementor-widget elementor-widget-text-editor\" data-id=\"3e90fa35\" data-element_type=\"widget\" data-e-type=\"widget\" data-widget_type=\"text-editor.default\">\n\t\t\t\t<div class=\"elementor-widget-container\">\n\t\t\t\t\t\t\t\t\t<div id=\"photo\"><img decoding=\"async\" src=\"https:\/\/www.wallendorff.com\/belogue\/wp-content\/uploads\/2026\/04\/20260427.jpg\" \/> Port de Montebello, Paris, 6 f\u00e9vrier 2026.<\/div>\t\t\t\t\t\t\t\t<\/div>\n\t\t\t\t<\/div>\n\t\t\t\t\t<\/div>\n\t\t<\/div>\n\t\t\t\t\t<\/div>\n\t\t<\/section>\n\t\t\t\t<\/div>\n\t\t","protected":false},"excerpt":{"rendered":"<p>Port de Montebello, Paris, 6 f\u00e9vrier 2026.<\/p>\n","protected":false},"author":1,"featured_media":135997,"comment_status":"open","ping_status":"open","sticky":false,"template":"","format":"standard","meta":{"_acf_changed":false,"ngg_post_thumbnail":0,"jetpack_post_was_ever_published":true,"_jetpack_newsletter_access":"","_jetpack_dont_email_post_to_subs":false,"_jetpack_newsletter_tier_id":0,"_jetpack_memberships_contains_paywalled_content":false,"_jetpack_memberships_contains_paid_content":false,"footnotes":"","jetpack_publicize_message":"","jetpack_publicize_feature_enabled":true,"jetpack_social_post_already_shared":true,"jetpack_social_options":{"image_generator_settings":{"template":"highway","enabled":false},"version":2}},"categories":[3],"tags":[10277,10239,3912,18650,20266,10743,931,17428,10326,10238,2469,10120,4486,10279,10121,18152,10098,18621,18455,10262,4488],"class_list":["post-135994","post","type-post","status-publish","format-standard","has-post-thumbnail","hentry","category-dpc","tag-10277","tag-10239","tag-architecture","tag-canon-eos-r8","tag-canon-rf-28-70-mm-f-2-8-is-stm","tag-cathedrale","tag-cathedrale-notre-dame-de-paris","tag-chantier","tag-crepuscule","tag-eglise","tag-flaque","tag-france","tag-grue","tag-ile-de-la-cite","tag-ile-de-france","tag-monument-historique","tag-paris","tag-patrimoine","tag-port-de-montebello","tag-reflet","tag-travaux"],"acf":[],"geo":{"latitude":48.8509789,"longitude":2.3527544,"description":"Paris, \u00cele-de-France, 75017, FR"},"jetpack_publicize_connections":[],"jetpack_featured_media_url":"https:\/\/www.wallendorff.com\/belogue\/wp-content\/uploads\/2026\/04\/20260427.jpg","jetpack_shortlink":"https:\/\/wp.me\/p3b35P-zns","jetpack_sharing_enabled":true,"jetpack-related-posts":[{"id":22332,"url":"https:\/\/www.wallendorff.com\/belogue\/2014\/01\/03\/into-the-wide-25\/","url_meta":{"origin":135994,"position":0},"title":"Into the wide #25.","author":"dpc","date":"3 janvier 2014","format":false,"excerpt":"Pont de la Tournelle, Paris, 8 d\u00e9cembre 2013. Une revisite de celle-ci, mais en rose. 69 Police David Holmes","rel":"","context":"Dans &quot;Into the wide&quot;","block_context":{"text":"Into the wide","link":"https:\/\/www.wallendorff.com\/belogue\/category\/into-the-wide\/"},"img":{"alt_text":"","src":"https:\/\/i0.wp.com\/www.wallendorff.com\/belogue\/wp-content\/uploads\/2015\/04\/201401031.jpg?resize=350%2C200&ssl=1","width":350,"height":200,"srcset":"https:\/\/i0.wp.com\/www.wallendorff.com\/belogue\/wp-content\/uploads\/2015\/04\/201401031.jpg?resize=350%2C200&ssl=1 1x, https:\/\/i0.wp.com\/www.wallendorff.com\/belogue\/wp-content\/uploads\/2015\/04\/201401031.jpg?resize=525%2C300&ssl=1 1.5x, https:\/\/i0.wp.com\/www.wallendorff.com\/belogue\/wp-content\/uploads\/2015\/04\/201401031.jpg?resize=700%2C400&ssl=1 2x"},"classes":[]},{"id":4139,"url":"https:\/\/www.wallendorff.com\/belogue\/2009\/04\/14\/were-breaking-dawn-again\/","url_meta":{"origin":135994,"position":1},"title":"We&rsquo;re breaking dawn again.","author":"dpc","date":"14 avril 2009","format":false,"excerpt":"Pont de Sully, Paris, 19 mars. \u00a0 Bat for Lashes \u2013 Use Somebody (Kings of Leon cover) (Live Lounge BBC Radio 1)","rel":"","context":"Dans &quot;DPC&quot;","block_context":{"text":"DPC","link":"https:\/\/www.wallendorff.com\/belogue\/category\/dpc\/"},"img":{"alt_text":"","src":"https:\/\/i0.wp.com\/www.wallendorff.com\/belogue\/wp-content\/uploads\/2015\/04\/200904141.jpg?resize=350%2C200&ssl=1","width":350,"height":200},"classes":[]},{"id":3918,"url":"https:\/\/www.wallendorff.com\/belogue\/2009\/02\/18\/grandes-sorgues\/","url_meta":{"origin":135994,"position":2},"title":"Grandes sorgues.","author":"dpc","date":"18 f\u00e9vrier 2009","format":false,"excerpt":"Rue du Clo\u00eetre Notre-Dame, Paris, 13 janvier. Y a quand m\u00eame des gens, dans la vie, \u00e7a fait du bien de les entendre \u00e0 nouveau . \u00a0Ghinzu \u2013 Cold Love","rel":"","context":"Dans &quot;DPC&quot;","block_context":{"text":"DPC","link":"https:\/\/www.wallendorff.com\/belogue\/category\/dpc\/"},"img":{"alt_text":"","src":"https:\/\/i0.wp.com\/www.wallendorff.com\/belogue\/wp-content\/uploads\/2015\/04\/200902181.jpg?resize=350%2C200&ssl=1","width":350,"height":200,"srcset":"https:\/\/i0.wp.com\/www.wallendorff.com\/belogue\/wp-content\/uploads\/2015\/04\/200902181.jpg?resize=350%2C200&ssl=1 1x, https:\/\/i0.wp.com\/www.wallendorff.com\/belogue\/wp-content\/uploads\/2015\/04\/200902181.jpg?resize=525%2C300&ssl=1 1.5x"},"classes":[]},{"id":34091,"url":"https:\/\/www.wallendorff.com\/belogue\/2017\/05\/24\/into-the-wide-96\/","url_meta":{"origin":135994,"position":3},"title":"Into the wide #96.","author":"dpc","date":"24 mai 2017","format":false,"excerpt":"Voie George-Pompidou, Paris, 5 avril. Hey Banana BNQT","rel":"","context":"Dans &quot;Into the wide&quot;","block_context":{"text":"Into the wide","link":"https:\/\/www.wallendorff.com\/belogue\/category\/into-the-wide\/"},"img":{"alt_text":"","src":"https:\/\/i0.wp.com\/www.wallendorff.com\/belogue\/wp-content\/uploads\/2017\/05\/20170524.jpg?resize=350%2C200&ssl=1","width":350,"height":200,"srcset":"https:\/\/i0.wp.com\/www.wallendorff.com\/belogue\/wp-content\/uploads\/2017\/05\/20170524.jpg?resize=350%2C200&ssl=1 1x, https:\/\/i0.wp.com\/www.wallendorff.com\/belogue\/wp-content\/uploads\/2017\/05\/20170524.jpg?resize=525%2C300&ssl=1 1.5x, https:\/\/i0.wp.com\/www.wallendorff.com\/belogue\/wp-content\/uploads\/2017\/05\/20170524.jpg?resize=700%2C400&ssl=1 2x, https:\/\/i0.wp.com\/www.wallendorff.com\/belogue\/wp-content\/uploads\/2017\/05\/20170524.jpg?resize=1050%2C600&ssl=1 3x"},"classes":[]},{"id":364,"url":"https:\/\/www.wallendorff.com\/belogue\/2005\/05\/26\/pingouin-dans-l-champs-hiver-mechant\/","url_meta":{"origin":135994,"position":4},"title":"Pingouin dans l&rsquo;champ, hiver m\u00e9chant\u00b9.","author":"dpc","date":"26 mai 2005","format":false,"excerpt":"Notre-Dame-est-une-cath\u00e9drale-moche-[et-albinos], Paris, 18 mai. \u00a0Soledad Brothers \u2013 Break 'Em on Down (live) _____ 1 Aujourd'hui, le titre est un jeu de mot en pi\u00e8ces d\u00e9tach\u00e9es \u00e0 assembler toi-m\u00eame! Avec tes amis, amuse-toi \u00e0 ins\u00e9rer dans le proverbe belge2 fourni les termes \"cath\u00e9drale\", \"lampadaire\" et tous leurs synonymes\u00a0! 2 Un proverbe\u2026","rel":"","context":"Dans &quot;DPC&quot;","block_context":{"text":"DPC","link":"https:\/\/www.wallendorff.com\/belogue\/category\/dpc\/"},"img":{"alt_text":"","src":"https:\/\/i0.wp.com\/www.wallendorff.com\/belogue\/wp-content\/uploads\/2015\/04\/200505261.jpg?resize=350%2C200&ssl=1","width":350,"height":200},"classes":[]},{"id":3154,"url":"https:\/\/www.wallendorff.com\/belogue\/2008\/08\/26\/begue-ont-verbes-et-gonds-jaunes1\/","url_meta":{"origin":135994,"position":5},"title":"B\u00e8gue ont verbes et gonds jaunes1.","author":"dpc","date":"26 ao\u00fbt 2008","format":false,"excerpt":"Notre-Dame2, Paris, 24 juillet. The National \u2013 Racing Like a Pro J'aimerais bien savoir pourquoi, depuis toutes ces ann\u00e9es, \u00e0 chaque fois que je r\u00e8gle \u00e0 la souris \u2013\u00a0donc \u00e0 la louche\u00a0\u2013 l'opacit\u00e9 d'un calque Photoshop il faut que je tombe sur 69%. _____ 1 Pfff un titre pareil va\u2026","rel":"","context":"Dans &quot;DPC&quot;","block_context":{"text":"DPC","link":"https:\/\/www.wallendorff.com\/belogue\/category\/dpc\/"},"img":{"alt_text":"","src":"https:\/\/i0.wp.com\/www.wallendorff.com\/belogue\/wp-content\/uploads\/2015\/04\/200808261.jpg?resize=350%2C200&ssl=1","width":350,"height":200},"classes":[]}],"_links":{"self":[{"href":"https:\/\/www.wallendorff.com\/belogue\/wp-json\/wp\/v2\/posts\/135994","targetHints":{"allow":["GET"]}}],"collection":[{"href":"https:\/\/www.wallendorff.com\/belogue\/wp-json\/wp\/v2\/posts"}],"about":[{"href":"https:\/\/www.wallendorff.com\/belogue\/wp-json\/wp\/v2\/types\/post"}],"author":[{"embeddable":true,"href":"https:\/\/www.wallendorff.com\/belogue\/wp-json\/wp\/v2\/users\/1"}],"replies":[{"embeddable":true,"href":"https:\/\/www.wallendorff.com\/belogue\/wp-json\/wp\/v2\/comments?post=135994"}],"version-history":[{"count":5,"href":"https:\/\/www.wallendorff.com\/belogue\/wp-json\/wp\/v2\/posts\/135994\/revisions"}],"predecessor-version":[{"id":136000,"href":"https:\/\/www.wallendorff.com\/belogue\/wp-json\/wp\/v2\/posts\/135994\/revisions\/136000"}],"wp:featuredmedia":[{"embeddable":true,"href":"https:\/\/www.wallendorff.com\/belogue\/wp-json\/wp\/v2\/media\/135997"}],"wp:attachment":[{"href":"https:\/\/www.wallendorff.com\/belogue\/wp-json\/wp\/v2\/media?parent=135994"}],"wp:term":[{"taxonomy":"category","embeddable":true,"href":"https:\/\/www.wallendorff.com\/belogue\/wp-json\/wp\/v2\/categories?post=135994"},{"taxonomy":"post_tag","embeddable":true,"href":"https:\/\/www.wallendorff.com\/belogue\/wp-json\/wp\/v2\/tags?post=135994"}],"curies":[{"name":"wp","href":"https:\/\/api.w.org\/{rel}","templated":true}]}}