{"id":13446,"date":"2011-10-18T10:49:27","date_gmt":"2011-10-18T08:49:27","guid":{"rendered":"http:\/\/dpc313.alwaysdata.net\/belogue\/?p=13446"},"modified":"2018-05-23T08:15:53","modified_gmt":"2018-05-23T06:15:53","slug":"the-rambling-wheels-le-sentier-des-halles-paris-12-octobre","status":"publish","type":"post","link":"https:\/\/www.wallendorff.com\/belogue\/2011\/10\/18\/the-rambling-wheels-le-sentier-des-halles-paris-12-octobre\/","title":{"rendered":"The Rambling Wheels @ le Sentier des Halles, Paris, 12 octobre."},"content":{"rendered":"<div id=\"photo\">\n<p><img decoding=\"async\" src=\"https:\/\/www.wallendorff.com\/belogue\/photo\/2011\/10\/20111018.jpg\" \/><\/p>\n<\/p><\/div>\n<p style=\"text-align:right\">On \u00e9tait peut-\u00eatre que 18, mais waw, quoi.<\/p>\n<div id=\"bandeson\">\n<p><img decoding=\"async\" src=\"https:\/\/www.wallendorff.com\/belogue\/photo\/pochettes\/r\/rambling_wheels_the-furry_tales.jpg\" align=\"left\" \/><a href=\"http:\/\/www.theramblingwheels.ch\/\">The Rambling Wheels<\/a> [CH] &ndash; <em>Love Is Twisted and Strange<\/em><br \/>\n        [youtube]http:\/\/www.youtube.com\/watch?v=AiChGCKHF4E[\/youtube]<\/p>\n<\/p><\/div>ngg_shortcode_0_placeholder","protected":false},"excerpt":{"rendered":"<p>On \u00e9tait peut-\u00eatre que 18, mais waw, quoi. The Rambling Wheels [CH] &ndash; Love Is Twisted and Strange [youtube]http:\/\/www.youtube.com\/watch?v=AiChGCKHF4E[\/youtube]<\/p>\n","protected":false},"author":1,"featured_media":26263,"comment_status":"open","ping_status":"open","sticky":false,"template":"","format":"standard","meta":{"_acf_changed":false,"ngg_post_thumbnail":0,"jetpack_post_was_ever_published":false,"_jetpack_newsletter_access":"","_jetpack_dont_email_post_to_subs":false,"_jetpack_newsletter_tier_id":0,"_jetpack_memberships_contains_paywalled_content":false,"_jetpack_memberships_contains_paid_content":false,"footnotes":"","jetpack_publicize_message":"","jetpack_publicize_feature_enabled":true,"jetpack_social_post_already_shared":false,"jetpack_social_options":{"image_generator_settings":{"template":"highway","default_image_id":0,"font":"","enabled":false},"version":2}},"categories":[7],"tags":[10840,10251,10084,2571,196,2615,10120,10121,10948,5273,143,10098,10927],"class_list":["post-13446","post","type-post","status-publish","format-standard","has-post-thumbnail","hentry","category-alive","tag-10840","tag-10251","tag-alive","tag-ef-16-35-mm-f28l-ii-usm","tag-ef-28-70-mm-f28l-usm","tag-eos-5d-mark-ii","tag-france","tag-ile-de-france","tag-le-sentier-des-halles","tag-love-is-twisted-and-strange","tag-noir-et-blanc","tag-paris","tag-the-rambling-wheels"],"acf":[],"geo":{"latitude":48.8672867,"longitude":2.3457124,"description":"Paris 02 Bourse, \u00cele-de-France, 75002, FR"},"jetpack_publicize_connections":[],"jetpack_featured_media_url":"https:\/\/www.wallendorff.com\/belogue\/wp-content\/uploads\/2015\/04\/201110181.jpg","jetpack_shortlink":"https:\/\/wp.me\/p3b35P-3uS","jetpack_sharing_enabled":true,"jetpack-related-posts":[{"id":4644,"url":"https:\/\/www.wallendorff.com\/belogue\/2009\/09\/03\/well-i-guess-i-havent-grown\/","url_meta":{"origin":13446,"position":0},"title":"Well I guess I haven&rsquo;t grown.","author":"dpc","date":"3 septembre 2009","format":false,"excerpt":"Lawyer's Club, Ann Arbor, 5 mai. \u00a0 The White Stripes \u2013 Same Boy You've Always Known (live Manaus)","rel":"","context":"Dans &quot;DPC&quot;","block_context":{"text":"DPC","link":"https:\/\/www.wallendorff.com\/belogue\/category\/dpc\/"},"img":{"alt_text":"","src":"https:\/\/i0.wp.com\/www.wallendorff.com\/belogue\/wp-content\/uploads\/2015\/04\/200909031.jpg?resize=350%2C200&ssl=1","width":350,"height":200,"srcset":"https:\/\/i0.wp.com\/www.wallendorff.com\/belogue\/wp-content\/uploads\/2015\/04\/200909031.jpg?resize=350%2C200&ssl=1 1x, https:\/\/i0.wp.com\/www.wallendorff.com\/belogue\/wp-content\/uploads\/2015\/04\/200909031.jpg?resize=525%2C300&ssl=1 1.5x"},"classes":[]},{"id":23552,"url":"https:\/\/www.wallendorff.com\/belogue\/2014\/11\/15\/the-rambling-wheels-montreux-jazz-cafe-paris\/","url_meta":{"origin":13446,"position":1},"title":"The Rambling Wheels @ Montreux Jazz Caf\u00e9, Paris.","author":"dpc","date":"15 novembre 2014","format":false,"excerpt":"\u00a0","rel":"","context":"Dans &quot;Alive&quot;","block_context":{"text":"Alive","link":"https:\/\/www.wallendorff.com\/belogue\/category\/alive\/"},"img":{"alt_text":"","src":"https:\/\/i0.wp.com\/www.wallendorff.com\/belogue\/wp-content\/uploads\/2015\/04\/20141114-021.jpg?resize=350%2C200&ssl=1","width":350,"height":200,"srcset":"https:\/\/i0.wp.com\/www.wallendorff.com\/belogue\/wp-content\/uploads\/2015\/04\/20141114-021.jpg?resize=350%2C200&ssl=1 1x, https:\/\/i0.wp.com\/www.wallendorff.com\/belogue\/wp-content\/uploads\/2015\/04\/20141114-021.jpg?resize=525%2C300&ssl=1 1.5x, https:\/\/i0.wp.com\/www.wallendorff.com\/belogue\/wp-content\/uploads\/2015\/04\/20141114-021.jpg?resize=700%2C400&ssl=1 2x"},"classes":[]},{"id":127632,"url":"https:\/\/www.wallendorff.com\/belogue\/2024\/03\/27\/pixies-lolympia-paris-26-mars-2024\/","url_meta":{"origin":13446,"position":2},"title":"Pixies @ l&rsquo;Olympia, Paris, 26 mars 2024.","author":"dpc","date":"27 mars 2024","format":false,"excerpt":"Pixies @ l\u2019Olympia, Paris, 26\/03\/2024 Pixies @ l\u2019Olympia, Paris, 26\/03\/2024 Pixies @ l\u2019Olympia, Paris, 26\/03\/2024 Pixies @ l\u2019Olympia, Paris, 26\/03\/2024 Pixies @ l\u2019Olympia, Paris, 26\/03\/2024 Pixies @ l\u2019Olympia, Paris, 26\/03\/2024 Pixies @ l\u2019Olympia, Paris, 26\/03\/2024 Pixies @ l\u2019Olympia, Paris, 26\/03\/2024 Pixies @ l\u2019Olympia, Paris, 26\/03\/2024 Pixies @ l\u2019Olympia, Paris, 26\/03\/2024\u2026","rel":"","context":"Dans &quot;Alive&quot;","block_context":{"text":"Alive","link":"https:\/\/www.wallendorff.com\/belogue\/category\/alive\/"},"img":{"alt_text":"","src":"https:\/\/i0.wp.com\/www.wallendorff.com\/belogue\/wp-content\/uploads\/2024\/03\/20240327-22.jpg?resize=350%2C200&ssl=1","width":350,"height":200,"srcset":"https:\/\/i0.wp.com\/www.wallendorff.com\/belogue\/wp-content\/uploads\/2024\/03\/20240327-22.jpg?resize=350%2C200&ssl=1 1x, https:\/\/i0.wp.com\/www.wallendorff.com\/belogue\/wp-content\/uploads\/2024\/03\/20240327-22.jpg?resize=525%2C300&ssl=1 1.5x, https:\/\/i0.wp.com\/www.wallendorff.com\/belogue\/wp-content\/uploads\/2024\/03\/20240327-22.jpg?resize=700%2C400&ssl=1 2x, https:\/\/i0.wp.com\/www.wallendorff.com\/belogue\/wp-content\/uploads\/2024\/03\/20240327-22.jpg?resize=1050%2C600&ssl=1 3x"},"classes":[]},{"id":130484,"url":"https:\/\/www.wallendorff.com\/belogue\/2024\/09\/03\/bleachers-lolympia-paris-2-septembre-2024\/","url_meta":{"origin":13446,"position":3},"title":"Bleachers @ l&rsquo;Olympia, Paris, 2 septembre 2024","author":"dpc","date":"3 septembre 2024","format":false,"excerpt":"Bleachers @ l\u2019OLympia, Paris, 02\/09\/2024 Bleachers @ l\u2019OLympia, Paris, 02\/09\/2024 Bleachers @ l\u2019OLympia, Paris, 02\/09\/2024 Bleachers @ l\u2019OLympia, Paris, 02\/09\/2024 Bleachers @ l\u2019OLympia, Paris, 02\/09\/2024 Bleachers @ l\u2019OLympia, Paris, 02\/09\/2024 Bleachers @ l\u2019OLympia, Paris, 02\/09\/2024 Bleachers @ l\u2019OLympia, Paris, 02\/09\/2024 Bleachers @ l\u2019OLympia, Paris, 02\/09\/2024 Bleachers @ l\u2019OLympia, Paris, 02\/09\/2024\u2026","rel":"","context":"Dans &quot;Alive&quot;","block_context":{"text":"Alive","link":"https:\/\/www.wallendorff.com\/belogue\/category\/alive\/"},"img":{"alt_text":"","src":"https:\/\/i0.wp.com\/www.wallendorff.com\/belogue\/wp-content\/uploads\/2024\/09\/20240903-21.jpg?resize=350%2C200&ssl=1","width":350,"height":200,"srcset":"https:\/\/i0.wp.com\/www.wallendorff.com\/belogue\/wp-content\/uploads\/2024\/09\/20240903-21.jpg?resize=350%2C200&ssl=1 1x, https:\/\/i0.wp.com\/www.wallendorff.com\/belogue\/wp-content\/uploads\/2024\/09\/20240903-21.jpg?resize=525%2C300&ssl=1 1.5x, https:\/\/i0.wp.com\/www.wallendorff.com\/belogue\/wp-content\/uploads\/2024\/09\/20240903-21.jpg?resize=700%2C400&ssl=1 2x, https:\/\/i0.wp.com\/www.wallendorff.com\/belogue\/wp-content\/uploads\/2024\/09\/20240903-21.jpg?resize=1050%2C600&ssl=1 3x"},"classes":[]},{"id":3853,"url":"https:\/\/www.wallendorff.com\/belogue\/2009\/01\/30\/et-des-livraie-nous-dumes-halles\/","url_meta":{"origin":13446,"position":4},"title":"Et d\u00e8s l&rsquo;ivraie nous d\u00fbmes halles.","author":"dpc","date":"30 janvier 2009","format":false,"excerpt":"Galerie V\u00e9ro-Dodat, Paris, 4 janvier. \u00a0CSS \u2013 Jager Yoga Yeah yeah yeah.","rel":"","context":"Dans &quot;DPC&quot;","block_context":{"text":"DPC","link":"https:\/\/www.wallendorff.com\/belogue\/category\/dpc\/"},"img":{"alt_text":"","src":"https:\/\/i0.wp.com\/www.wallendorff.com\/belogue\/wp-content\/uploads\/2015\/04\/200901301.jpg?resize=350%2C200&ssl=1","width":350,"height":200},"classes":[]},{"id":129376,"url":"https:\/\/www.wallendorff.com\/belogue\/2024\/07\/22\/terminal-1-aeroport-de-paris-charles-de-gaulle-roissy-en-france-17-juillet-2024\/","url_meta":{"origin":13446,"position":5},"title":"Terminal 1 @ a\u00e9roport de Paris-Charles-de-Gaulle, Roissy-en-France, 17 juillet 2024.","author":"dpc","date":"22 juillet 2024","format":false,"excerpt":"","rel":"","context":"Dans &quot;Alive&quot;","block_context":{"text":"Alive","link":"https:\/\/www.wallendorff.com\/belogue\/category\/alive\/"},"img":{"alt_text":"","src":"https:\/\/i0.wp.com\/www.wallendorff.com\/belogue\/wp-content\/uploads\/2024\/07\/20240722-42.jpg?resize=350%2C200&ssl=1","width":350,"height":200,"srcset":"https:\/\/i0.wp.com\/www.wallendorff.com\/belogue\/wp-content\/uploads\/2024\/07\/20240722-42.jpg?resize=350%2C200&ssl=1 1x, https:\/\/i0.wp.com\/www.wallendorff.com\/belogue\/wp-content\/uploads\/2024\/07\/20240722-42.jpg?resize=525%2C300&ssl=1 1.5x, https:\/\/i0.wp.com\/www.wallendorff.com\/belogue\/wp-content\/uploads\/2024\/07\/20240722-42.jpg?resize=700%2C400&ssl=1 2x, https:\/\/i0.wp.com\/www.wallendorff.com\/belogue\/wp-content\/uploads\/2024\/07\/20240722-42.jpg?resize=1050%2C600&ssl=1 3x"},"classes":[]}],"_links":{"self":[{"href":"https:\/\/www.wallendorff.com\/belogue\/wp-json\/wp\/v2\/posts\/13446","targetHints":{"allow":["GET"]}}],"collection":[{"href":"https:\/\/www.wallendorff.com\/belogue\/wp-json\/wp\/v2\/posts"}],"about":[{"href":"https:\/\/www.wallendorff.com\/belogue\/wp-json\/wp\/v2\/types\/post"}],"author":[{"embeddable":true,"href":"https:\/\/www.wallendorff.com\/belogue\/wp-json\/wp\/v2\/users\/1"}],"replies":[{"embeddable":true,"href":"https:\/\/www.wallendorff.com\/belogue\/wp-json\/wp\/v2\/comments?post=13446"}],"version-history":[{"count":18,"href":"https:\/\/www.wallendorff.com\/belogue\/wp-json\/wp\/v2\/posts\/13446\/revisions"}],"predecessor-version":[{"id":38253,"href":"https:\/\/www.wallendorff.com\/belogue\/wp-json\/wp\/v2\/posts\/13446\/revisions\/38253"}],"wp:featuredmedia":[{"embeddable":true,"href":"https:\/\/www.wallendorff.com\/belogue\/wp-json\/wp\/v2\/media\/26263"}],"wp:attachment":[{"href":"https:\/\/www.wallendorff.com\/belogue\/wp-json\/wp\/v2\/media?parent=13446"}],"wp:term":[{"taxonomy":"category","embeddable":true,"href":"https:\/\/www.wallendorff.com\/belogue\/wp-json\/wp\/v2\/categories?post=13446"},{"taxonomy":"post_tag","embeddable":true,"href":"https:\/\/www.wallendorff.com\/belogue\/wp-json\/wp\/v2\/tags?post=13446"}],"curies":[{"name":"wp","href":"https:\/\/api.w.org\/{rel}","templated":true}]}}