{"id":134210,"date":"2025-10-29T15:31:10","date_gmt":"2025-10-29T13:31:10","guid":{"rendered":"https:\/\/www.wallendorff.com\/belogue\/?p=134210"},"modified":"2025-11-27T15:20:11","modified_gmt":"2025-11-27T13:20:11","slug":"brasil-brasil-ix-un-christ-dans-la-nuit","status":"publish","type":"post","link":"https:\/\/www.wallendorff.com\/belogue\/2025\/10\/29\/brasil-brasil-ix-un-christ-dans-la-nuit\/","title":{"rendered":"[Brasil Brasil IX] Un c[h]ri[st] dans la nuit."},"content":{"rendered":"\t\t<div data-elementor-type=\"wp-post\" data-elementor-id=\"134210\" class=\"elementor elementor-134210\" data-elementor-post-type=\"post\">\n\t\t\t\t\t\t<section class=\"elementor-section elementor-top-section elementor-element elementor-element-fd7a49b elementor-section-boxed elementor-section-height-default elementor-section-height-default\" data-id=\"fd7a49b\" data-element_type=\"section\" data-e-type=\"section\">\n\t\t\t\t\t\t<div class=\"elementor-container elementor-column-gap-default\">\n\t\t\t\t\t<div class=\"elementor-column elementor-col-100 elementor-top-column elementor-element elementor-element-43ab7ea\" data-id=\"43ab7ea\" data-element_type=\"column\" data-e-type=\"column\">\n\t\t\t<div class=\"elementor-widget-wrap elementor-element-populated\">\n\t\t\t\t\t\t<div class=\"elementor-element elementor-element-bd00263 elementor-widget elementor-widget-text-editor\" data-id=\"bd00263\" data-element_type=\"widget\" data-e-type=\"widget\" data-widget_type=\"text-editor.default\">\n\t\t\t\t<div class=\"elementor-widget-container\">\n\t\t\t\t\t\t\t\t\t<div id=\"photo\"><p><img decoding=\"async\" src=\"https:\/\/www.wallendorff.com\/belogue\/wp-content\/uploads\/2025\/10\/20251029-06.jpg\" \/><br \/>Rio de Janeiro, 25 et 26 mai 2025.<\/p><\/div>\t\t\t\t\t\t\t\t<\/div>\n\t\t\t\t<\/div>\n\t\t\t\t<div class=\"elementor-element elementor-element-7290efa elementor-widget elementor-widget-text-editor\" data-id=\"7290efa\" data-element_type=\"widget\" data-e-type=\"widget\" data-widget_type=\"text-editor.default\">\n\t\t\t\t<div class=\"elementor-widget-container\">\n\t\t\t\t\t\t\t\t\t<p style=\"text-align: right;\">Une fois n&rsquo;est pas coutume, nous allons causer technique.<\/p><p>Elle n&rsquo;a pas \u00e9t\u00e9 simple \u00e0 faire, cette photo de nuit. Il a fallu surmonter des contraintes assez classiques (pollution lumineuse et couverture nuageuse, la routine), mais aussi des probl\u00e8mes plus sp\u00e9cifiques. Une statue tr\u00e8s tr\u00e8s blanche \u00e9clair\u00e9e tr\u00e8s tr\u00e8s fort toute la nuit, tout d&rsquo;abord, qui rend impossible toute prise de vue unique qui exposerait aussi bien le ciel tout noir et le gros J\u00e9sus tout blanc. Mais, surtout, il y avait le plancher de la terrasse, qui vibrait et floutait les photos d\u00e8s que quelqu&rsquo;un marchait dessus, ce qui ne m&rsquo;offrit qu&rsquo;une ridicule fen\u00eatre de tir quotidienne de 20 min, gliss\u00e9e entre le moment o\u00f9 les clients allaient se coucher et celui o\u00f9 l&rsquo;\u00e9quipe de la terrasse me virait.<\/p><p>Je m&rsquo;y suis donc repris \u00e0 4 fois, 4 soirs de suite. Le premier soir, le ciel \u00e9tait bon, mais certaines \u00e9toiles \u00e9taient en zig-zag \u00e0 cause des vibrations du plancher. Les deuxi\u00e8me et troisi\u00e8me soirs, trop de nuages. Le quatri\u00e8me, enfin, encore trop de nuages mais, coup de pot, la statue fut \u00e9teinte pendant 5 min pour un providentiel tournage au dr\u00f4ne.<\/p><p>Le produit final, visible ci-dessus, est donc un assemblage \u00e0 la main du ciel du premier soir [corrig\u00e9 photo par photo pour r\u00e9aligner les \u00e9toiles parties en sucettes \u00e0 cause de la terrasse \u00e0 ressorts] et du J\u00e9sus du quatri\u00e8me soir. Il m&rsquo;a pris un mois de post-production pour trouver la bonne fa\u00e7on de faire, harmoniser les expositions et restituer \u00e0 l&rsquo;ensemble une certaine coh\u00e9rence. J&rsquo;esp\u00e8re que c&rsquo;en valait la peine.<\/p><p>On dit souvent qu&rsquo;i y a un d\u00e9calage entre ce qu&rsquo;on voit et ce que capte l&rsquo;appareil photographique. L\u00e0, sinc\u00e8rement, c&rsquo;\u00e9tait du grand \u00e9cart.<\/p><p style=\"text-align: right;\">Mais \u00e0 part \u00e7a, rien.<\/p>\t\t\t\t\t\t\t\t<\/div>\n\t\t\t\t<\/div>\n\t\t\t\t<div class=\"elementor-element elementor-element-3c7f0e8 gallery-spacing-custom elementor-widget elementor-widget-image-gallery\" data-id=\"3c7f0e8\" data-element_type=\"widget\" data-e-type=\"widget\" data-widget_type=\"image-gallery.default\">\n\t\t\t\t<div class=\"elementor-widget-container\">\n\t\t\t\t\t\t\t<div class=\"elementor-image-gallery\">\n\t\t\t<div id='gallery-1' class='gallery galleryid-134210 gallery-columns-1 gallery-size-full'><figure class='gallery-item'>\n\t\t\t<div class='gallery-icon landscape'>\n\t\t\t\t<a data-elementor-open-lightbox=\"yes\" data-elementor-lightbox-slideshow=\"3c7f0e8\" data-e-action-hash=\"#elementor-action%3Aaction%3Dlightbox%26settings%3DeyJpZCI6MTM0MjEzLCJ1cmwiOiJodHRwczpcL1wvd3d3LndhbGxlbmRvcmZmLmNvbVwvYmVsb2d1ZVwvd3AtY29udGVudFwvdXBsb2Fkc1wvMjAyNVwvMTBcLzIwMjUxMDI5LTAxLmpwZyIsInNsaWRlc2hvdyI6IjNjN2YwZTgifQ%3D%3D\" href='https:\/\/www.wallendorff.com\/belogue\/wp-content\/uploads\/2025\/10\/20251029-01.jpg'><img fetchpriority=\"high\" width=\"1170\" height=\"780\" src=\"https:\/\/www.wallendorff.com\/belogue\/wp-content\/uploads\/2025\/10\/20251029-01.jpg\" class=\"attachment-full size-full\" alt=\"\" decoding=\"async\" srcset=\"https:\/\/www.wallendorff.com\/belogue\/wp-content\/uploads\/2025\/10\/20251029-01.jpg 1170w, https:\/\/www.wallendorff.com\/belogue\/wp-content\/uploads\/2025\/10\/20251029-01-1116x744.jpg 1116w, https:\/\/www.wallendorff.com\/belogue\/wp-content\/uploads\/2025\/10\/20251029-01-806x537.jpg 806w, https:\/\/www.wallendorff.com\/belogue\/wp-content\/uploads\/2025\/10\/20251029-01-558x372.jpg 558w, https:\/\/www.wallendorff.com\/belogue\/wp-content\/uploads\/2025\/10\/20251029-01-655x437.jpg 655w\" sizes=\"(max-width: 1170px) 100vw, 1170px\" \/><\/a>\n\t\t\t<\/div><\/figure><figure class='gallery-item'>\n\t\t\t<div class='gallery-icon landscape'>\n\t\t\t\t<a data-elementor-open-lightbox=\"yes\" data-elementor-lightbox-slideshow=\"3c7f0e8\" data-e-action-hash=\"#elementor-action%3Aaction%3Dlightbox%26settings%3DeyJpZCI6MTM0MjE0LCJ1cmwiOiJodHRwczpcL1wvd3d3LndhbGxlbmRvcmZmLmNvbVwvYmVsb2d1ZVwvd3AtY29udGVudFwvdXBsb2Fkc1wvMjAyNVwvMTBcLzIwMjUxMDI5LTAyLmpwZyIsInNsaWRlc2hvdyI6IjNjN2YwZTgifQ%3D%3D\" href='https:\/\/www.wallendorff.com\/belogue\/wp-content\/uploads\/2025\/10\/20251029-02.jpg'><img width=\"1170\" height=\"780\" src=\"https:\/\/www.wallendorff.com\/belogue\/wp-content\/uploads\/2025\/10\/20251029-02.jpg\" class=\"attachment-full size-full\" alt=\"\" decoding=\"async\" srcset=\"https:\/\/www.wallendorff.com\/belogue\/wp-content\/uploads\/2025\/10\/20251029-02.jpg 1170w, https:\/\/www.wallendorff.com\/belogue\/wp-content\/uploads\/2025\/10\/20251029-02-1116x744.jpg 1116w, https:\/\/www.wallendorff.com\/belogue\/wp-content\/uploads\/2025\/10\/20251029-02-806x537.jpg 806w, https:\/\/www.wallendorff.com\/belogue\/wp-content\/uploads\/2025\/10\/20251029-02-558x372.jpg 558w, https:\/\/www.wallendorff.com\/belogue\/wp-content\/uploads\/2025\/10\/20251029-02-655x437.jpg 655w\" sizes=\"(max-width: 1170px) 100vw, 1170px\" \/><\/a>\n\t\t\t<\/div><\/figure><figure class='gallery-item'>\n\t\t\t<div class='gallery-icon portrait'>\n\t\t\t\t<a data-elementor-open-lightbox=\"yes\" data-elementor-lightbox-slideshow=\"3c7f0e8\" data-e-action-hash=\"#elementor-action%3Aaction%3Dlightbox%26settings%3DeyJpZCI6MTM0MjE1LCJ1cmwiOiJodHRwczpcL1wvd3d3LndhbGxlbmRvcmZmLmNvbVwvYmVsb2d1ZVwvd3AtY29udGVudFwvdXBsb2Fkc1wvMjAyNVwvMTBcLzIwMjUxMDI5LTAzLmpwZyIsInNsaWRlc2hvdyI6IjNjN2YwZTgifQ%3D%3D\" href='https:\/\/www.wallendorff.com\/belogue\/wp-content\/uploads\/2025\/10\/20251029-03.jpg'><img width=\"781\" height=\"1170\" src=\"https:\/\/www.wallendorff.com\/belogue\/wp-content\/uploads\/2025\/10\/20251029-03.jpg\" class=\"attachment-full size-full\" alt=\"\" decoding=\"async\" srcset=\"https:\/\/www.wallendorff.com\/belogue\/wp-content\/uploads\/2025\/10\/20251029-03.jpg 781w, https:\/\/www.wallendorff.com\/belogue\/wp-content\/uploads\/2025\/10\/20251029-03-558x836.jpg 558w, https:\/\/www.wallendorff.com\/belogue\/wp-content\/uploads\/2025\/10\/20251029-03-655x981.jpg 655w\" sizes=\"(max-width: 781px) 100vw, 781px\" \/><\/a>\n\t\t\t<\/div><\/figure><figure class='gallery-item'>\n\t\t\t<div class='gallery-icon landscape'>\n\t\t\t\t<a data-elementor-open-lightbox=\"yes\" data-elementor-lightbox-slideshow=\"3c7f0e8\" data-e-action-hash=\"#elementor-action%3Aaction%3Dlightbox%26settings%3DeyJpZCI6MTM0MjE2LCJ1cmwiOiJodHRwczpcL1wvd3d3LndhbGxlbmRvcmZmLmNvbVwvYmVsb2d1ZVwvd3AtY29udGVudFwvdXBsb2Fkc1wvMjAyNVwvMTBcLzIwMjUxMDI5LTA0LmpwZyIsInNsaWRlc2hvdyI6IjNjN2YwZTgifQ%3D%3D\" href='https:\/\/www.wallendorff.com\/belogue\/wp-content\/uploads\/2025\/10\/20251029-04.jpg'><img loading=\"lazy\" width=\"1170\" height=\"780\" src=\"https:\/\/www.wallendorff.com\/belogue\/wp-content\/uploads\/2025\/10\/20251029-04.jpg\" class=\"attachment-full size-full\" alt=\"\" decoding=\"async\" srcset=\"https:\/\/www.wallendorff.com\/belogue\/wp-content\/uploads\/2025\/10\/20251029-04.jpg 1170w, https:\/\/www.wallendorff.com\/belogue\/wp-content\/uploads\/2025\/10\/20251029-04-1116x744.jpg 1116w, https:\/\/www.wallendorff.com\/belogue\/wp-content\/uploads\/2025\/10\/20251029-04-806x537.jpg 806w, https:\/\/www.wallendorff.com\/belogue\/wp-content\/uploads\/2025\/10\/20251029-04-558x372.jpg 558w, https:\/\/www.wallendorff.com\/belogue\/wp-content\/uploads\/2025\/10\/20251029-04-655x437.jpg 655w\" sizes=\"(max-width: 1170px) 100vw, 1170px\" \/><\/a>\n\t\t\t<\/div><\/figure><figure class='gallery-item'>\n\t\t\t<div class='gallery-icon landscape'>\n\t\t\t\t<a data-elementor-open-lightbox=\"yes\" data-elementor-lightbox-slideshow=\"3c7f0e8\" data-e-action-hash=\"#elementor-action%3Aaction%3Dlightbox%26settings%3DeyJpZCI6MTM0MjE3LCJ1cmwiOiJodHRwczpcL1wvd3d3LndhbGxlbmRvcmZmLmNvbVwvYmVsb2d1ZVwvd3AtY29udGVudFwvdXBsb2Fkc1wvMjAyNVwvMTBcLzIwMjUxMDI5LTA1LmpwZyIsInNsaWRlc2hvdyI6IjNjN2YwZTgifQ%3D%3D\" href='https:\/\/www.wallendorff.com\/belogue\/wp-content\/uploads\/2025\/10\/20251029-05.jpg'><img loading=\"lazy\" width=\"1170\" height=\"780\" src=\"https:\/\/www.wallendorff.com\/belogue\/wp-content\/uploads\/2025\/10\/20251029-05.jpg\" class=\"attachment-full size-full\" alt=\"\" decoding=\"async\" srcset=\"https:\/\/www.wallendorff.com\/belogue\/wp-content\/uploads\/2025\/10\/20251029-05.jpg 1170w, https:\/\/www.wallendorff.com\/belogue\/wp-content\/uploads\/2025\/10\/20251029-05-1116x744.jpg 1116w, https:\/\/www.wallendorff.com\/belogue\/wp-content\/uploads\/2025\/10\/20251029-05-806x537.jpg 806w, https:\/\/www.wallendorff.com\/belogue\/wp-content\/uploads\/2025\/10\/20251029-05-558x372.jpg 558w, https:\/\/www.wallendorff.com\/belogue\/wp-content\/uploads\/2025\/10\/20251029-05-655x437.jpg 655w\" sizes=\"(max-width: 1170px) 100vw, 1170px\" \/><\/a>\n\t\t\t<\/div><\/figure><figure class='gallery-item'>\n\t\t\t<div class='gallery-icon landscape'>\n\t\t\t\t<a data-elementor-open-lightbox=\"yes\" data-elementor-lightbox-slideshow=\"3c7f0e8\" data-e-action-hash=\"#elementor-action%3Aaction%3Dlightbox%26settings%3DeyJpZCI6MTM0MjE4LCJ1cmwiOiJodHRwczpcL1wvd3d3LndhbGxlbmRvcmZmLmNvbVwvYmVsb2d1ZVwvd3AtY29udGVudFwvdXBsb2Fkc1wvMjAyNVwvMTBcLzIwMjUxMDI5LTA2LmpwZyIsInNsaWRlc2hvdyI6IjNjN2YwZTgifQ%3D%3D\" href='https:\/\/www.wallendorff.com\/belogue\/wp-content\/uploads\/2025\/10\/20251029-06.jpg'><img loading=\"lazy\" width=\"1170\" height=\"780\" src=\"https:\/\/www.wallendorff.com\/belogue\/wp-content\/uploads\/2025\/10\/20251029-06.jpg\" class=\"attachment-full size-full\" alt=\"\" decoding=\"async\" srcset=\"https:\/\/www.wallendorff.com\/belogue\/wp-content\/uploads\/2025\/10\/20251029-06.jpg 1170w, https:\/\/www.wallendorff.com\/belogue\/wp-content\/uploads\/2025\/10\/20251029-06-1116x744.jpg 1116w, https:\/\/www.wallendorff.com\/belogue\/wp-content\/uploads\/2025\/10\/20251029-06-806x537.jpg 806w, https:\/\/www.wallendorff.com\/belogue\/wp-content\/uploads\/2025\/10\/20251029-06-558x372.jpg 558w, https:\/\/www.wallendorff.com\/belogue\/wp-content\/uploads\/2025\/10\/20251029-06-655x437.jpg 655w, https:\/\/www.wallendorff.com\/belogue\/wp-content\/uploads\/2025\/10\/20251029-06-600x400.jpg 600w\" sizes=\"(max-width: 1170px) 100vw, 1170px\" \/><\/a>\n\t\t\t<\/div><\/figure>\n\t\t<\/div>\n\t\t<\/div>\n\t\t\t\t\t\t<\/div>\n\t\t\t\t<\/div>\n\t\t\t\t\t<\/div>\n\t\t<\/div>\n\t\t\t\t\t<\/div>\n\t\t<\/section>\n\t\t\t\t<\/div>\n\t\t","protected":false},"excerpt":{"rendered":"<p>Rio de Janeiro, 25 et 26 mai 2025. Une fois n&rsquo;est pas coutume, nous allons causer technique. Elle n&rsquo;a pas \u00e9t\u00e9 simple \u00e0 faire, cette photo de nuit. Il a fallu surmonter des contraintes assez classiques (pollution lumineuse et couverture nuageuse, la routine), mais aussi des probl\u00e8mes plus sp\u00e9cifiques. Une statue tr\u00e8s tr\u00e8s blanche \u00e9clair\u00e9e&hellip;<\/p>\n","protected":false},"author":1,"featured_media":134218,"comment_status":"open","ping_status":"open","sticky":false,"template":"","format":"standard","meta":{"_acf_changed":false,"ngg_post_thumbnail":0,"jetpack_post_was_ever_published":false,"_jetpack_newsletter_access":"","_jetpack_dont_email_post_to_subs":false,"_jetpack_newsletter_tier_id":0,"_jetpack_memberships_contains_paywalled_content":false,"_jetpack_memberships_contains_paid_content":false,"footnotes":"","jetpack_publicize_message":"","jetpack_publicize_feature_enabled":true,"jetpack_social_post_already_shared":true,"jetpack_social_options":{"image_generator_settings":{"template":"highway","default_image_id":0,"enabled":false},"version":2}},"categories":[3],"tags":[20335,19264,20340,18177,20266,20344,10144,20347,20348,11022,20351,10314,18290,19009,10257,10147,10592,20370,20371,20372,10227],"class_list":["post-134210","post","type-post","status-publish","format-standard","has-post-thumbnail","hentry","category-dpc","tag-americas-copacabana-hotel","tag-astronomie","tag-bresil","tag-canon-eos-r6","tag-canon-rf-28-70-mm-f-2-8-is-stm","tag-christ-redempteur","tag-ciel","tag-copacabana","tag-corcovado","tag-coucher-de-soleil","tag-etat-de-rio-de-janeiro","tag-etoile","tag-fujifilm-x-t5","tag-fujinon-xf-70-300-mm-f-4-5-6-r-lm-ois-wr","tag-hotel","tag-nuit","tag-pose-longue","tag-region-sud-est","tag-rio-de-janeiro","tag-rua-barrata-ribeiro","tag-statue"],"acf":[],"geo":{"latitude":-22.9707394,"longitude":-43.1890831,"description":"Niter\u00f3i, Rio de Janeiro , 24000-000, BR"},"jetpack_publicize_connections":[],"jetpack_featured_media_url":"https:\/\/www.wallendorff.com\/belogue\/wp-content\/uploads\/2025\/10\/20251029-06.jpg","jetpack_shortlink":"https:\/\/wp.me\/p3b35P-yUG","jetpack_sharing_enabled":true,"jetpack-related-posts":[{"id":133932,"url":"https:\/\/www.wallendorff.com\/belogue\/2025\/10\/10\/brasil-brasil-iii-copaca-by-night\/","url_meta":{"origin":134210,"position":0},"title":"[Brasil Brasil III] Copaca by night.","author":"dpc","date":"10 octobre 2025","format":false,"excerpt":"Rio de Janeiro, 22 et 25 mai 2025. [On fera comme si on n'avait pas vu que ce sont pas du tout des photos de nuit.]","rel":"","context":"Dans &quot;DPC&quot;","block_context":{"text":"DPC","link":"https:\/\/www.wallendorff.com\/belogue\/category\/dpc\/"},"img":{"alt_text":"","src":"https:\/\/i0.wp.com\/www.wallendorff.com\/belogue\/wp-content\/uploads\/2025\/10\/20251010-19.jpg?resize=350%2C200&ssl=1","width":350,"height":200,"srcset":"https:\/\/i0.wp.com\/www.wallendorff.com\/belogue\/wp-content\/uploads\/2025\/10\/20251010-19.jpg?resize=350%2C200&ssl=1 1x, https:\/\/i0.wp.com\/www.wallendorff.com\/belogue\/wp-content\/uploads\/2025\/10\/20251010-19.jpg?resize=525%2C300&ssl=1 1.5x, https:\/\/i0.wp.com\/www.wallendorff.com\/belogue\/wp-content\/uploads\/2025\/10\/20251010-19.jpg?resize=700%2C400&ssl=1 2x, https:\/\/i0.wp.com\/www.wallendorff.com\/belogue\/wp-content\/uploads\/2025\/10\/20251010-19.jpg?resize=1050%2C600&ssl=1 3x"},"classes":[]},{"id":133870,"url":"https:\/\/www.wallendorff.com\/belogue\/2025\/10\/06\/brasil-brasil-i-oi-rio-1\/","url_meta":{"origin":134210,"position":1},"title":"[Brasil Brasil I] Oi Rio 1.","author":"dpc","date":"6 octobre 2025","format":false,"excerpt":"Rio de Janeiro, 22 \u2013 26 mai 2025.","rel":"","context":"Dans &quot;DPC&quot;","block_context":{"text":"DPC","link":"https:\/\/www.wallendorff.com\/belogue\/category\/dpc\/"},"img":{"alt_text":"","src":"https:\/\/i0.wp.com\/www.wallendorff.com\/belogue\/wp-content\/uploads\/2025\/10\/20251006-13.jpg?resize=350%2C200&ssl=1","width":350,"height":200,"srcset":"https:\/\/i0.wp.com\/www.wallendorff.com\/belogue\/wp-content\/uploads\/2025\/10\/20251006-13.jpg?resize=350%2C200&ssl=1 1x, https:\/\/i0.wp.com\/www.wallendorff.com\/belogue\/wp-content\/uploads\/2025\/10\/20251006-13.jpg?resize=525%2C300&ssl=1 1.5x, https:\/\/i0.wp.com\/www.wallendorff.com\/belogue\/wp-content\/uploads\/2025\/10\/20251006-13.jpg?resize=700%2C400&ssl=1 2x, https:\/\/i0.wp.com\/www.wallendorff.com\/belogue\/wp-content\/uploads\/2025\/10\/20251006-13.jpg?resize=1050%2C600&ssl=1 3x"},"classes":[]},{"id":134183,"url":"https:\/\/www.wallendorff.com\/belogue\/2025\/10\/27\/brasil-brasil-viii-du-pain-et-des-yeux\/","url_meta":{"origin":134210,"position":2},"title":"[Brasil Brasil VIII] Du pain et des yeux.","author":"dpc","date":"27 octobre 2025","format":false,"excerpt":"Mont du Pain de Sucre, Rio de Janeiro, 26 mai 2025.","rel":"","context":"Dans &quot;DPC&quot;","block_context":{"text":"DPC","link":"https:\/\/www.wallendorff.com\/belogue\/category\/dpc\/"},"img":{"alt_text":"","src":"https:\/\/i0.wp.com\/www.wallendorff.com\/belogue\/wp-content\/uploads\/2025\/10\/20251027-10.jpg?resize=350%2C200&ssl=1","width":350,"height":200,"srcset":"https:\/\/i0.wp.com\/www.wallendorff.com\/belogue\/wp-content\/uploads\/2025\/10\/20251027-10.jpg?resize=350%2C200&ssl=1 1x, https:\/\/i0.wp.com\/www.wallendorff.com\/belogue\/wp-content\/uploads\/2025\/10\/20251027-10.jpg?resize=525%2C300&ssl=1 1.5x, https:\/\/i0.wp.com\/www.wallendorff.com\/belogue\/wp-content\/uploads\/2025\/10\/20251027-10.jpg?resize=700%2C400&ssl=1 2x, https:\/\/i0.wp.com\/www.wallendorff.com\/belogue\/wp-content\/uploads\/2025\/10\/20251027-10.jpg?resize=1050%2C600&ssl=1 3x"},"classes":[]},{"id":134330,"url":"https:\/\/www.wallendorff.com\/belogue\/2025\/11\/05\/brasil-brasil-xi-copaca-by-light\/","url_meta":{"origin":134210,"position":3},"title":"[Brasil Brasil XI] Copaca by light.","author":"dpc","date":"5 novembre 2025","format":false,"excerpt":"Rio de Janeiro, 28 mai 2025.","rel":"","context":"Dans &quot;DPC&quot;","block_context":{"text":"DPC","link":"https:\/\/www.wallendorff.com\/belogue\/category\/dpc\/"},"img":{"alt_text":"","src":"https:\/\/i0.wp.com\/www.wallendorff.com\/belogue\/wp-content\/uploads\/2025\/11\/20251105-07.jpg?resize=350%2C200&ssl=1","width":350,"height":200,"srcset":"https:\/\/i0.wp.com\/www.wallendorff.com\/belogue\/wp-content\/uploads\/2025\/11\/20251105-07.jpg?resize=350%2C200&ssl=1 1x, https:\/\/i0.wp.com\/www.wallendorff.com\/belogue\/wp-content\/uploads\/2025\/11\/20251105-07.jpg?resize=525%2C300&ssl=1 1.5x, https:\/\/i0.wp.com\/www.wallendorff.com\/belogue\/wp-content\/uploads\/2025\/11\/20251105-07.jpg?resize=700%2C400&ssl=1 2x, https:\/\/i0.wp.com\/www.wallendorff.com\/belogue\/wp-content\/uploads\/2025\/11\/20251105-07.jpg?resize=1050%2C600&ssl=1 3x"},"classes":[]},{"id":134478,"url":"https:\/\/www.wallendorff.com\/belogue\/2025\/11\/20\/brasil-brasil-xiii-oi-rio-3\/","url_meta":{"origin":134210,"position":4},"title":"[Brasil Brasil XIII] Oi Rio 3.","author":"dpc","date":"20 novembre 2025","format":false,"excerpt":"Rio de Janeiro, 28 et 29 mai 2025.","rel":"","context":"Dans &quot;DPC&quot;","block_context":{"text":"DPC","link":"https:\/\/www.wallendorff.com\/belogue\/category\/dpc\/"},"img":{"alt_text":"","src":"https:\/\/i0.wp.com\/www.wallendorff.com\/belogue\/wp-content\/uploads\/2025\/11\/20251120-03.jpg?resize=350%2C200&ssl=1","width":350,"height":200,"srcset":"https:\/\/i0.wp.com\/www.wallendorff.com\/belogue\/wp-content\/uploads\/2025\/11\/20251120-03.jpg?resize=350%2C200&ssl=1 1x, https:\/\/i0.wp.com\/www.wallendorff.com\/belogue\/wp-content\/uploads\/2025\/11\/20251120-03.jpg?resize=525%2C300&ssl=1 1.5x, https:\/\/i0.wp.com\/www.wallendorff.com\/belogue\/wp-content\/uploads\/2025\/11\/20251120-03.jpg?resize=700%2C400&ssl=1 2x, https:\/\/i0.wp.com\/www.wallendorff.com\/belogue\/wp-content\/uploads\/2025\/11\/20251120-03.jpg?resize=1050%2C600&ssl=1 3x"},"classes":[]},{"id":16487,"url":"https:\/\/www.wallendorff.com\/belogue\/2012\/03\/22\/lucarnes-aval1\/","url_meta":{"origin":134210,"position":5},"title":"Lucarnes aval1.","author":"dpc","date":"22 mars 2012","format":false,"excerpt":"Parvis des droits de l'homme, Paris, 2 f\u00e9vrier. \u00c7a se voit pas dessus, mais j'avais pas eu aussi froid en prenant une photo depuis les bus de Macomb. Et puisqu'il faut bien le noter quelque part\u00a0: cette nuit j'ai r\u00eav\u00e9 qu'un bracelet mal\u00e9fique \u2013\u00a0du genre de celui qui pi\u00e8ge le\u2026","rel":"","context":"Dans &quot;DPC&quot;","block_context":{"text":"DPC","link":"https:\/\/www.wallendorff.com\/belogue\/category\/dpc\/"},"img":{"alt_text":"","src":"https:\/\/i0.wp.com\/www.wallendorff.com\/belogue\/wp-content\/uploads\/2015\/04\/201203221.jpg?resize=350%2C200&ssl=1","width":350,"height":200,"srcset":"https:\/\/i0.wp.com\/www.wallendorff.com\/belogue\/wp-content\/uploads\/2015\/04\/201203221.jpg?resize=350%2C200&ssl=1 1x, https:\/\/i0.wp.com\/www.wallendorff.com\/belogue\/wp-content\/uploads\/2015\/04\/201203221.jpg?resize=525%2C300&ssl=1 1.5x, https:\/\/i0.wp.com\/www.wallendorff.com\/belogue\/wp-content\/uploads\/2015\/04\/201203221.jpg?resize=700%2C400&ssl=1 2x"},"classes":[]}],"_links":{"self":[{"href":"https:\/\/www.wallendorff.com\/belogue\/wp-json\/wp\/v2\/posts\/134210","targetHints":{"allow":["GET"]}}],"collection":[{"href":"https:\/\/www.wallendorff.com\/belogue\/wp-json\/wp\/v2\/posts"}],"about":[{"href":"https:\/\/www.wallendorff.com\/belogue\/wp-json\/wp\/v2\/types\/post"}],"author":[{"embeddable":true,"href":"https:\/\/www.wallendorff.com\/belogue\/wp-json\/wp\/v2\/users\/1"}],"replies":[{"embeddable":true,"href":"https:\/\/www.wallendorff.com\/belogue\/wp-json\/wp\/v2\/comments?post=134210"}],"version-history":[{"count":14,"href":"https:\/\/www.wallendorff.com\/belogue\/wp-json\/wp\/v2\/posts\/134210\/revisions"}],"predecessor-version":[{"id":134608,"href":"https:\/\/www.wallendorff.com\/belogue\/wp-json\/wp\/v2\/posts\/134210\/revisions\/134608"}],"wp:featuredmedia":[{"embeddable":true,"href":"https:\/\/www.wallendorff.com\/belogue\/wp-json\/wp\/v2\/media\/134218"}],"wp:attachment":[{"href":"https:\/\/www.wallendorff.com\/belogue\/wp-json\/wp\/v2\/media?parent=134210"}],"wp:term":[{"taxonomy":"category","embeddable":true,"href":"https:\/\/www.wallendorff.com\/belogue\/wp-json\/wp\/v2\/categories?post=134210"},{"taxonomy":"post_tag","embeddable":true,"href":"https:\/\/www.wallendorff.com\/belogue\/wp-json\/wp\/v2\/tags?post=134210"}],"curies":[{"name":"wp","href":"https:\/\/api.w.org\/{rel}","templated":true}]}}