{"id":13327,"date":"2011-09-30T10:26:04","date_gmt":"2011-09-30T08:26:04","guid":{"rendered":"http:\/\/www.po-l.com\/belogue\/?p=13327"},"modified":"2018-05-23T08:07:25","modified_gmt":"2018-05-23T06:07:25","slug":"conti-nuite","status":"publish","type":"post","link":"https:\/\/www.wallendorff.com\/belogue\/2011\/09\/30\/conti-nuite\/","title":{"rendered":"Conti nuit\u00e9."},"content":{"rendered":"<div id=\"photo\">\n<p><img decoding=\"async\" src=\"https:\/\/www.wallendorff.com\/belogue\/photo\/2011\/09\/20110930.jpg\" \/><br \/>\nQuai de Conti, Paris, 11 ao&ucirc;t.<\/p>\n<\/p><\/div>\n<div id=\"bandeson\">\n<p><img decoding=\"async\" src=\"https:\/\/www.wallendorff.com\/belogue\/photo\/pochettes\/m\/mona-mona.jpg\" align=\"left\" \/><a href=\"http:\/\/www.monatheband.com\/\">Mona<\/a> &ndash; <em>Shooting the Moon<\/em> [un peu facile oui.]<br \/>\n        [youtube]http:\/\/www.youtube.com\/watch?v=60GKTp0pf1A[\/youtube]<\/p>\n<\/p><\/div>\n","protected":false},"excerpt":{"rendered":"<p>Quai de Conti, Paris, 11 ao&ucirc;t. Mona &ndash; Shooting the Moon [un peu facile oui.] [youtube]http:\/\/www.youtube.com\/watch?v=60GKTp0pf1A[\/youtube]<\/p>\n","protected":false},"author":1,"featured_media":26252,"comment_status":"open","ping_status":"open","sticky":false,"template":"","format":"standard","meta":{"_acf_changed":false,"ngg_post_thumbnail":0,"jetpack_post_was_ever_published":false,"_jetpack_newsletter_access":"","_jetpack_dont_email_post_to_subs":false,"_jetpack_newsletter_tier_id":0,"_jetpack_memberships_contains_paywalled_content":false,"_jetpack_memberships_contains_paid_content":false,"footnotes":"","jetpack_publicize_message":"","jetpack_publicize_feature_enabled":true,"jetpack_social_post_already_shared":false,"jetpack_social_options":{"image_generator_settings":{"template":"highway","default_image_id":0,"font":"","enabled":false},"version":2}},"categories":[3],"tags":[10250,2571,2615,10120,10121,4288,10151,5235,10147,10098,10592,4607,13260,5236,5234],"class_list":["post-13327","post","type-post","status-publish","format-standard","has-post-thumbnail","hentry","category-dpc","tag-10250","tag-ef-16-35-mm-f28l-ii-usm","tag-eos-5d-mark-ii","tag-france","tag-ile-de-france","tag-institut-de-france","tag-lune","tag-mona","tag-nuit","tag-paris","tag-pose-longue","tag-quai-de-conti","tag-quai-des-tuileries","tag-shooting-the-moon","tag-zoom"],"acf":[],"geo":{"latitude":48.8591537,"longitude":2.3371789,"description":"Paris 01 Louvre, \u00cele-de-France, 75028 CEDEX 01, FR"},"jetpack_publicize_connections":[],"jetpack_featured_media_url":"https:\/\/www.wallendorff.com\/belogue\/wp-content\/uploads\/2015\/04\/201109301.jpg","jetpack_shortlink":"https:\/\/wp.me\/p3b35P-3sX","jetpack_sharing_enabled":true,"jetpack-related-posts":[{"id":21802,"url":"https:\/\/www.wallendorff.com\/belogue\/2013\/10\/21\/conti-nuite-2\/","url_meta":{"origin":13327,"position":0},"title":"Conti nuit\u00e9 #2.","author":"dpc","date":"21 octobre 2013","format":false,"excerpt":"Port du Louvre, Paris, 9 septembre. Fireside Arctic Monkeys","rel":"","context":"Dans &quot;DPC&quot;","block_context":{"text":"DPC","link":"https:\/\/www.wallendorff.com\/belogue\/category\/dpc\/"},"img":{"alt_text":"","src":"https:\/\/i0.wp.com\/www.wallendorff.com\/belogue\/wp-content\/uploads\/2015\/04\/201310211.jpg?resize=350%2C200&ssl=1","width":350,"height":200,"srcset":"https:\/\/i0.wp.com\/www.wallendorff.com\/belogue\/wp-content\/uploads\/2015\/04\/201310211.jpg?resize=350%2C200&ssl=1 1x, https:\/\/i0.wp.com\/www.wallendorff.com\/belogue\/wp-content\/uploads\/2015\/04\/201310211.jpg?resize=525%2C300&ssl=1 1.5x, https:\/\/i0.wp.com\/www.wallendorff.com\/belogue\/wp-content\/uploads\/2015\/04\/201310211.jpg?resize=700%2C400&ssl=1 2x"},"classes":[]},{"id":11900,"url":"https:\/\/www.wallendorff.com\/belogue\/2011\/01\/18\/bronze-est-fondu1\/","url_meta":{"origin":13327,"position":1},"title":"Bronze est fondu1.","author":"dpc","date":"18 janvier 2011","format":false,"excerpt":"Quai de Conti, Paris, 28 novembre 2010. J'aime beaucoup qu'on commente mes statues. \u00a0Wire \u2013 Two Minutes _____ 1 Faudra penser \u00e0 terminer ce titre, un jour.","rel":"","context":"Dans &quot;DPC&quot;","block_context":{"text":"DPC","link":"https:\/\/www.wallendorff.com\/belogue\/category\/dpc\/"},"img":{"alt_text":"","src":"https:\/\/i0.wp.com\/www.wallendorff.com\/belogue\/wp-content\/uploads\/2015\/04\/201101181.jpg?resize=350%2C200&ssl=1","width":350,"height":200},"classes":[]},{"id":349,"url":"https:\/\/www.wallendorff.com\/belogue\/2005\/06\/09\/elle-aime-hante-erre-ment-chez-ouat-sonne\/","url_meta":{"origin":13327,"position":2},"title":"Elle aime, hante, erre, ment&#8230; chez ouat, sonne&sup1;.","author":"dpc","date":"9 juin 2005","format":false,"excerpt":"Port de Conti, Paris, 2 juin. [J'avais oubli\u00e9 pourquoi j'ai pas la t\u00e9l\u00e9. Maintenant, je me souviens.] Bande-son\u00a0: Jean-Luc Delarue \u2014 Mon Kiki Est Tout Petit (feat. Robert et Monique) _____ 1 Yeah, le retour du verlan dans les titres, yeah.","rel":"","context":"Dans &quot;DPC&quot;","block_context":{"text":"DPC","link":"https:\/\/www.wallendorff.com\/belogue\/category\/dpc\/"},"img":{"alt_text":"","src":"https:\/\/i0.wp.com\/www.wallendorff.com\/belogue\/wp-content\/uploads\/2015\/04\/200506091.jpg?resize=350%2C200&ssl=1","width":350,"height":200},"classes":[]},{"id":32055,"url":"https:\/\/www.wallendorff.com\/belogue\/2016\/08\/09\/shooting-people-121\/","url_meta":{"origin":13327,"position":3},"title":"Shooting people #121.","author":"dpc","date":"9 ao\u00fbt 2016","format":false,"excerpt":"Quai de Bourbon, Paris, 3 juin. Way Down We Go Kaleo","rel":"","context":"Dans &quot;Portraits&quot;","block_context":{"text":"Portraits","link":"https:\/\/www.wallendorff.com\/belogue\/category\/portraits\/"},"img":{"alt_text":"","src":"https:\/\/i0.wp.com\/www.wallendorff.com\/belogue\/wp-content\/uploads\/2016\/08\/20160809.jpg?resize=350%2C200&ssl=1","width":350,"height":200,"srcset":"https:\/\/i0.wp.com\/www.wallendorff.com\/belogue\/wp-content\/uploads\/2016\/08\/20160809.jpg?resize=350%2C200&ssl=1 1x, https:\/\/i0.wp.com\/www.wallendorff.com\/belogue\/wp-content\/uploads\/2016\/08\/20160809.jpg?resize=525%2C300&ssl=1 1.5x, https:\/\/i0.wp.com\/www.wallendorff.com\/belogue\/wp-content\/uploads\/2016\/08\/20160809.jpg?resize=700%2C400&ssl=1 2x"},"classes":[]},{"id":13831,"url":"https:\/\/www.wallendorff.com\/belogue\/2011\/10\/24\/shooting-people-90\/","url_meta":{"origin":13327,"position":4},"title":"Shooting people #90.","author":"dpc","date":"24 octobre 2011","format":false,"excerpt":"Quai de la Gironde, Paris, 16 ao\u00fbt. Tom Vek \u2013 We Do Nothing [youtube]http:\/\/www.youtube.com\/watch?v=pOY411TH4vk[\/youtube]","rel":"","context":"Dans &quot;Portraits&quot;","block_context":{"text":"Portraits","link":"https:\/\/www.wallendorff.com\/belogue\/category\/portraits\/"},"img":{"alt_text":"","src":"https:\/\/i0.wp.com\/www.wallendorff.com\/belogue\/wp-content\/uploads\/2015\/04\/201110241.jpg?resize=350%2C200&ssl=1","width":350,"height":200,"srcset":"https:\/\/i0.wp.com\/www.wallendorff.com\/belogue\/wp-content\/uploads\/2015\/04\/201110241.jpg?resize=350%2C200&ssl=1 1x, https:\/\/i0.wp.com\/www.wallendorff.com\/belogue\/wp-content\/uploads\/2015\/04\/201110241.jpg?resize=525%2C300&ssl=1 1.5x, https:\/\/i0.wp.com\/www.wallendorff.com\/belogue\/wp-content\/uploads\/2015\/04\/201110241.jpg?resize=700%2C400&ssl=1 2x"},"classes":[]},{"id":31050,"url":"https:\/\/www.wallendorff.com\/belogue\/2016\/06\/09\/shooting-people-120\/","url_meta":{"origin":13327,"position":5},"title":"Shooting people #120.","author":"dpc","date":"9 juin 2016","format":false,"excerpt":"Le Point \u00c9ph\u00e9m\u00e8re, Paris, 16 avril. Stormy Coves","rel":"","context":"Dans &quot;Portraits&quot;","block_context":{"text":"Portraits","link":"https:\/\/www.wallendorff.com\/belogue\/category\/portraits\/"},"img":{"alt_text":"","src":"https:\/\/i0.wp.com\/www.wallendorff.com\/belogue\/wp-content\/uploads\/2016\/06\/20160609-04.jpg?resize=350%2C200&ssl=1","width":350,"height":200,"srcset":"https:\/\/i0.wp.com\/www.wallendorff.com\/belogue\/wp-content\/uploads\/2016\/06\/20160609-04.jpg?resize=350%2C200&ssl=1 1x, https:\/\/i0.wp.com\/www.wallendorff.com\/belogue\/wp-content\/uploads\/2016\/06\/20160609-04.jpg?resize=525%2C300&ssl=1 1.5x"},"classes":[]}],"_links":{"self":[{"href":"https:\/\/www.wallendorff.com\/belogue\/wp-json\/wp\/v2\/posts\/13327","targetHints":{"allow":["GET"]}}],"collection":[{"href":"https:\/\/www.wallendorff.com\/belogue\/wp-json\/wp\/v2\/posts"}],"about":[{"href":"https:\/\/www.wallendorff.com\/belogue\/wp-json\/wp\/v2\/types\/post"}],"author":[{"embeddable":true,"href":"https:\/\/www.wallendorff.com\/belogue\/wp-json\/wp\/v2\/users\/1"}],"replies":[{"embeddable":true,"href":"https:\/\/www.wallendorff.com\/belogue\/wp-json\/wp\/v2\/comments?post=13327"}],"version-history":[{"count":1,"href":"https:\/\/www.wallendorff.com\/belogue\/wp-json\/wp\/v2\/posts\/13327\/revisions"}],"predecessor-version":[{"id":38225,"href":"https:\/\/www.wallendorff.com\/belogue\/wp-json\/wp\/v2\/posts\/13327\/revisions\/38225"}],"wp:featuredmedia":[{"embeddable":true,"href":"https:\/\/www.wallendorff.com\/belogue\/wp-json\/wp\/v2\/media\/26252"}],"wp:attachment":[{"href":"https:\/\/www.wallendorff.com\/belogue\/wp-json\/wp\/v2\/media?parent=13327"}],"wp:term":[{"taxonomy":"category","embeddable":true,"href":"https:\/\/www.wallendorff.com\/belogue\/wp-json\/wp\/v2\/categories?post=13327"},{"taxonomy":"post_tag","embeddable":true,"href":"https:\/\/www.wallendorff.com\/belogue\/wp-json\/wp\/v2\/tags?post=13327"}],"curies":[{"name":"wp","href":"https:\/\/api.w.org\/{rel}","templated":true}]}}