{"id":13318,"date":"2011-09-28T11:51:38","date_gmt":"2011-09-28T09:51:38","guid":{"rendered":"http:\/\/www.po-l.com\/belogue\/?p=13318"},"modified":"2012-04-16T10:49:29","modified_gmt":"2012-04-16T08:49:29","slug":"chapelle-chapelle","status":"publish","type":"post","link":"https:\/\/www.wallendorff.com\/belogue\/2011\/09\/28\/chapelle-chapelle\/","title":{"rendered":"Chapelle chapelle."},"content":{"rendered":"<div id=\"photo\">\n<p><img decoding=\"async\" src=\"https:\/\/www.wallendorff.com\/belogue\/photo\/2011\/09\/20110928.jpg\" \/><br \/>\nChapelle Notre-Dame de Tr&eacute;mor, Riec-sur-Belon, 8 ao&ucirc;t.<\/p>\n<\/p><\/div>\n<p style=\"text-align:right\">Et demain on arr&ecirc;te.<\/p>\n<div id=\"bandeson\">\n<p><img decoding=\"async\" src=\"https:\/\/www.wallendorff.com\/belogue\/photo\/pochettes\/c\/corps_mince_de_francoise_le-le_corps_mince_de_francoise.jpg\" align=\"left\" \/><a href=\"http:\/\/www.myspace.com\/lecorpsmincedefrancoise\">Le Corps Mince de Fran&ccedil;oise<\/a> &ndash; <em>Cool and Bored<\/em><br \/>\n        [youtube]http:\/\/www.youtube.com\/watch?v=9Xj4UJr0_Sk[\/youtube]<\/p>\n<\/p><\/div>\n","protected":false},"excerpt":{"rendered":"<p>Chapelle Notre-Dame de Tr&eacute;mor, Riec-sur-Belon, 8 ao&ucirc;t. Et demain on arr&ecirc;te. Le Corps Mince de Fran&ccedil;oise &ndash; Cool and Bored [youtube]http:\/\/www.youtube.com\/watch?v=9Xj4UJr0_Sk[\/youtube]<\/p>\n","protected":false},"author":1,"featured_media":26250,"comment_status":"open","ping_status":"open","sticky":false,"template":"","format":"standard","meta":{"_acf_changed":false,"ngg_post_thumbnail":0,"jetpack_post_was_ever_published":false,"_jetpack_newsletter_access":"","_jetpack_dont_email_post_to_subs":false,"_jetpack_newsletter_tier_id":0,"_jetpack_memberships_contains_paywalled_content":false,"_jetpack_memberships_contains_paid_content":false,"footnotes":"","jetpack_publicize_message":"","jetpack_publicize_feature_enabled":true,"jetpack_social_post_already_shared":false,"jetpack_social_options":{"image_generator_settings":{"template":"highway","default_image_id":0,"font":"","enabled":false},"version":2}},"categories":[3],"tags":[10791,2571,2615,10788,5232,10238,4157,10120,10619,5231,5228,4396,5229],"class_list":["post-13318","post","type-post","status-publish","format-standard","has-post-thumbnail","hentry","category-dpc","tag-bretagne","tag-ef-16-35-mm-f28l-ii-usm","tag-eos-5d-mark-ii","tag-chapelle","tag-cool-and-bored","tag-eglise","tag-finistere","tag-france","tag-jardin","tag-le-corps-mince-de-francoise","tag-notre-dame-de-tremor","tag-pelouse","tag-riec-sur-belon"],"acf":[],"geo":{"latitude":47.8383217,"longitude":-3.7468979,"description":"1723 Tremoor, 29340 Riec-sur-Belon, France"},"jetpack_publicize_connections":[],"jetpack_featured_media_url":"https:\/\/www.wallendorff.com\/belogue\/wp-content\/uploads\/2015\/04\/201109281.jpg","jetpack_shortlink":"https:\/\/wp.me\/p3b35P-3sO","jetpack_sharing_enabled":true,"jetpack-related-posts":[{"id":9826,"url":"https:\/\/www.wallendorff.com\/belogue\/2010\/11\/20\/papy-la-fayette-2\/","url_meta":{"origin":13318,"position":0},"title":"Papy la Fayette [2].","author":"dpc","date":"20 novembre 2010","format":false,"excerpt":"Chapelle Notre-Dame-de-la-Paix de Picpus, Paris, 4 septembre. Radical Face \u2013 Doorways","rel":"","context":"Dans &quot;DPC&quot;","block_context":{"text":"DPC","link":"https:\/\/www.wallendorff.com\/belogue\/category\/dpc\/"},"img":{"alt_text":"","src":"https:\/\/i0.wp.com\/www.wallendorff.com\/belogue\/wp-content\/uploads\/2015\/04\/201011201.jpg?resize=350%2C200&ssl=1","width":350,"height":200},"classes":[]},{"id":126856,"url":"https:\/\/www.wallendorff.com\/belogue\/2023\/11\/30\/novembre-2023\/","url_meta":{"origin":13318,"position":1},"title":"Novembre 2023.","author":"dpc","date":"30 novembre 2023","format":false,"excerpt":"Un panneau, une citrouille, un chat pr\u00e9nomm\u00e9 Azal\u00e9e, un chien pr\u00e9nomm\u00e9 Le Chien, un strabisme, un panneau, une tombe, un TGV, un toit, un four, un nuage, un chat pr\u00e9nomm\u00e9 Sans-Titre-1, une pyramide, un mus\u00e9e, un chevalet, un escalier, un pont, un miroir, un affiche, une expo, des retrouvailles, un\u2026","rel":"","context":"Dans &quot;Blog-note&quot;","block_context":{"text":"Blog-note","link":"https:\/\/www.wallendorff.com\/belogue\/category\/blog-note\/"},"img":{"alt_text":"","src":"https:\/\/i0.wp.com\/www.wallendorff.com\/belogue\/wp-content\/uploads\/2023\/12\/20231212-43.jpg?resize=350%2C200&ssl=1","width":350,"height":200,"srcset":"https:\/\/i0.wp.com\/www.wallendorff.com\/belogue\/wp-content\/uploads\/2023\/12\/20231212-43.jpg?resize=350%2C200&ssl=1 1x, https:\/\/i0.wp.com\/www.wallendorff.com\/belogue\/wp-content\/uploads\/2023\/12\/20231212-43.jpg?resize=525%2C300&ssl=1 1.5x, https:\/\/i0.wp.com\/www.wallendorff.com\/belogue\/wp-content\/uploads\/2023\/12\/20231212-43.jpg?resize=700%2C400&ssl=1 2x, https:\/\/i0.wp.com\/www.wallendorff.com\/belogue\/wp-content\/uploads\/2023\/12\/20231212-43.jpg?resize=1050%2C600&ssl=1 3x"},"classes":[]},{"id":126806,"url":"https:\/\/www.wallendorff.com\/belogue\/2023\/11\/29\/into-the-wide-285\/","url_meta":{"origin":13318,"position":2},"title":"Into the wide #285.","author":"dpc","date":"29 novembre 2023","format":false,"excerpt":"Chapelle fun\u00e9raire du W\u00fcrtemberg, 23 septembre 2023.","rel":"","context":"Dans &quot;Into the wide&quot;","block_context":{"text":"Into the wide","link":"https:\/\/www.wallendorff.com\/belogue\/category\/into-the-wide\/"},"img":{"alt_text":"","src":"https:\/\/i0.wp.com\/www.wallendorff.com\/belogue\/wp-content\/uploads\/2023\/11\/20231129.jpg?resize=350%2C200&ssl=1","width":350,"height":200,"srcset":"https:\/\/i0.wp.com\/www.wallendorff.com\/belogue\/wp-content\/uploads\/2023\/11\/20231129.jpg?resize=350%2C200&ssl=1 1x, https:\/\/i0.wp.com\/www.wallendorff.com\/belogue\/wp-content\/uploads\/2023\/11\/20231129.jpg?resize=525%2C300&ssl=1 1.5x, https:\/\/i0.wp.com\/www.wallendorff.com\/belogue\/wp-content\/uploads\/2023\/11\/20231129.jpg?resize=700%2C400&ssl=1 2x, https:\/\/i0.wp.com\/www.wallendorff.com\/belogue\/wp-content\/uploads\/2023\/11\/20231129.jpg?resize=1050%2C600&ssl=1 3x"},"classes":[]},{"id":17596,"url":"https:\/\/www.wallendorff.com\/belogue\/2012\/06\/05\/walcourt\/","url_meta":{"origin":13318,"position":3},"title":"Walcourt.","author":"dpc","date":"5 juin 2012","format":false,"excerpt":"Chapelle de Walcourt, Givet, 20 avril. B\u00e2tie au XVIIe, reb\u00e2tie au XVIIIe, orthodoxe quand les Russes s'installent pour trois ans apr\u00e8s Waterloo, cimeti\u00e8re militaire et temple protestant sous l'occupation allemande (celle dont on ne parle jamais, celle de 14-18), puis abandonn\u00e9e et restaur\u00e9e en 2007-2008. Ses ruines m'impressionnaient beaucoup quand\u2026","rel":"","context":"Dans &quot;DPC&quot;","block_context":{"text":"DPC","link":"https:\/\/www.wallendorff.com\/belogue\/category\/dpc\/"},"img":{"alt_text":"","src":"https:\/\/i0.wp.com\/www.wallendorff.com\/belogue\/wp-content\/uploads\/2015\/04\/201206051.jpg?resize=350%2C200&ssl=1","width":350,"height":200,"srcset":"https:\/\/i0.wp.com\/www.wallendorff.com\/belogue\/wp-content\/uploads\/2015\/04\/201206051.jpg?resize=350%2C200&ssl=1 1x, https:\/\/i0.wp.com\/www.wallendorff.com\/belogue\/wp-content\/uploads\/2015\/04\/201206051.jpg?resize=525%2C300&ssl=1 1.5x, https:\/\/i0.wp.com\/www.wallendorff.com\/belogue\/wp-content\/uploads\/2015\/04\/201206051.jpg?resize=700%2C400&ssl=1 2x"},"classes":[]},{"id":5242,"url":"https:\/\/www.wallendorff.com\/belogue\/2009\/12\/05\/i-build-a-house-for-your-bones\/","url_meta":{"origin":13318,"position":4},"title":"I build a house for your bones.","author":"dpc","date":"5 d\u00e9cembre 2009","format":false,"excerpt":"Chapelle expiatoire, Paris, 20 septembre. \u00a0The Dead Weather \u2013 Bone House","rel":"","context":"Dans &quot;DPC&quot;","block_context":{"text":"DPC","link":"https:\/\/www.wallendorff.com\/belogue\/category\/dpc\/"},"img":{"alt_text":"","src":"https:\/\/i0.wp.com\/www.wallendorff.com\/belogue\/wp-content\/uploads\/2015\/04\/200912051.jpg?resize=350%2C200&ssl=1","width":350,"height":200},"classes":[]},{"id":5247,"url":"https:\/\/www.wallendorff.com\/belogue\/2009\/12\/06\/cille-aisselles-mont-sis\/","url_meta":{"origin":13318,"position":5},"title":"Cille ; aisselles m&rsquo;ont sis.","author":"dpc","date":"6 d\u00e9cembre 2009","format":false,"excerpt":"Chapelle expiatoire, Paris, 20 septembre. \u00a0The Asteroids Galaxy Tour \u2013 The Golden Age [lalala.]","rel":"","context":"Dans &quot;DPC&quot;","block_context":{"text":"DPC","link":"https:\/\/www.wallendorff.com\/belogue\/category\/dpc\/"},"img":{"alt_text":"","src":"https:\/\/i0.wp.com\/www.wallendorff.com\/belogue\/wp-content\/uploads\/2015\/04\/200912061.jpg?resize=350%2C200&ssl=1","width":350,"height":200},"classes":[]}],"_links":{"self":[{"href":"https:\/\/www.wallendorff.com\/belogue\/wp-json\/wp\/v2\/posts\/13318","targetHints":{"allow":["GET"]}}],"collection":[{"href":"https:\/\/www.wallendorff.com\/belogue\/wp-json\/wp\/v2\/posts"}],"about":[{"href":"https:\/\/www.wallendorff.com\/belogue\/wp-json\/wp\/v2\/types\/post"}],"author":[{"embeddable":true,"href":"https:\/\/www.wallendorff.com\/belogue\/wp-json\/wp\/v2\/users\/1"}],"replies":[{"embeddable":true,"href":"https:\/\/www.wallendorff.com\/belogue\/wp-json\/wp\/v2\/comments?post=13318"}],"version-history":[{"count":1,"href":"https:\/\/www.wallendorff.com\/belogue\/wp-json\/wp\/v2\/posts\/13318\/revisions"}],"predecessor-version":[{"id":16919,"href":"https:\/\/www.wallendorff.com\/belogue\/wp-json\/wp\/v2\/posts\/13318\/revisions\/16919"}],"wp:featuredmedia":[{"embeddable":true,"href":"https:\/\/www.wallendorff.com\/belogue\/wp-json\/wp\/v2\/media\/26250"}],"wp:attachment":[{"href":"https:\/\/www.wallendorff.com\/belogue\/wp-json\/wp\/v2\/media?parent=13318"}],"wp:term":[{"taxonomy":"category","embeddable":true,"href":"https:\/\/www.wallendorff.com\/belogue\/wp-json\/wp\/v2\/categories?post=13318"},{"taxonomy":"post_tag","embeddable":true,"href":"https:\/\/www.wallendorff.com\/belogue\/wp-json\/wp\/v2\/tags?post=13318"}],"curies":[{"name":"wp","href":"https:\/\/api.w.org\/{rel}","templated":true}]}}