{"id":13312,"date":"2011-09-26T10:55:11","date_gmt":"2011-09-26T08:55:11","guid":{"rendered":"http:\/\/www.po-l.com\/belogue\/?p=13312"},"modified":"2011-12-29T14:39:55","modified_gmt":"2011-12-29T12:39:55","slug":"pature-a-lhuile","status":"publish","type":"post","link":"https:\/\/www.wallendorff.com\/belogue\/2011\/09\/26\/pature-a-lhuile\/","title":{"rendered":"P\u00e2ture [\u00e0 l&rsquo;huile]."},"content":{"rendered":"<div id=\"photo\">\n<p><img decoding=\"async\" src=\"https:\/\/www.wallendorff.com\/belogue\/photo\/2011\/09\/20110926.jpg\" \/><br \/>\nRue Job Philippe, Pont-Aven, 8 ao&ucirc;t.<\/p>\n<\/p><\/div>\n<div id=\"bandeson\">\n<p><img decoding=\"async\" src=\"https:\/\/www.wallendorff.com\/belogue\/photo\/pochettes\/p\/pack_ad_the-unpersons.jpg\" align=\"left\" \/><a href=\"http:\/\/thepackad.com\/\">The Pack A.D.<\/a> &ndash; <em>Sirens<\/em><br \/>\n        [youtube]http:\/\/www.youtube.com\/watch?v=TnwWdIoGWl0[\/youtube]<\/p>\n<\/p><\/div>\n","protected":false},"excerpt":{"rendered":"<p>Rue Job Philippe, Pont-Aven, 8 ao&ucirc;t. The Pack A.D. &ndash; Sirens [youtube]http:\/\/www.youtube.com\/watch?v=TnwWdIoGWl0[\/youtube]<\/p>\n","protected":false},"author":1,"featured_media":26248,"comment_status":"open","ping_status":"open","sticky":false,"template":"","format":"standard","meta":{"_acf_changed":false,"ngg_post_thumbnail":0,"jetpack_post_was_ever_published":false,"_jetpack_newsletter_access":"","_jetpack_dont_email_post_to_subs":false,"_jetpack_newsletter_tier_id":0,"_jetpack_memberships_contains_paywalled_content":false,"_jetpack_memberships_contains_paid_content":false,"footnotes":"","jetpack_publicize_message":"","jetpack_publicize_feature_enabled":true,"jetpack_social_post_already_shared":false,"jetpack_social_options":{"image_generator_settings":{"template":"highway","default_image_id":0,"font":"","enabled":false},"version":2}},"categories":[3],"tags":[10791,1438,2615,4157,10120,10619,10229,5224,10305,5227,5226,10943,5457],"class_list":["post-13312","post","type-post","status-publish","format-standard","has-post-thumbnail","hentry","category-dpc","tag-bretagne","tag-ef-50-mm-f14-usm","tag-eos-5d-mark-ii","tag-finistere","tag-france","tag-jardin","tag-mur","tag-pont-aven","tag-porte","tag-rue-job-philippe","tag-sirens","tag-the-pack-a-d","tag-unpersons"],"acf":[],"geo":{"latitude":47.8561058,"longitude":-3.7491651,"description":"10-45 Rue Job Philippe, 29930 Pont-Aven, France"},"jetpack_publicize_connections":[],"jetpack_featured_media_url":"https:\/\/www.wallendorff.com\/belogue\/wp-content\/uploads\/2015\/04\/201109261.jpg","jetpack_shortlink":"https:\/\/wp.me\/p3b35P-3sI","jetpack_sharing_enabled":true,"jetpack-related-posts":[{"id":14560,"url":"https:\/\/www.wallendorff.com\/belogue\/2011\/11\/25\/the-pack-a-d-decibelles-le-point-ephemere-paris\/","url_meta":{"origin":13312,"position":0},"title":"The Pack A.D. + D\u00e9cibelles @ le Point \u00c9ph\u00e9m\u00e8re, Paris.","author":"dpc","date":"25 novembre 2011","format":false,"excerpt":"En voil\u00e0 deux qui savent d\u00e9cid\u00e9ment d\u00e9friser du poney. J'esp\u00e8re que vous aimez les contre-jours, les enfants. The Pack A.D. \u2013 8 [youtube]http:\/\/www.youtube.com\/watch?v=sBOB_HvccB4[\/youtube] D\u00e9cibelles The Pack A.D.","rel":"","context":"Dans &quot;Alive&quot;","block_context":{"text":"Alive","link":"https:\/\/www.wallendorff.com\/belogue\/category\/alive\/"},"img":{"alt_text":"","src":"https:\/\/i0.wp.com\/www.wallendorff.com\/belogue\/wp-content\/uploads\/2015\/04\/201111251.jpg?resize=350%2C200&ssl=1","width":350,"height":200,"srcset":"https:\/\/i0.wp.com\/www.wallendorff.com\/belogue\/wp-content\/uploads\/2015\/04\/201111251.jpg?resize=350%2C200&ssl=1 1x, https:\/\/i0.wp.com\/www.wallendorff.com\/belogue\/wp-content\/uploads\/2015\/04\/201111251.jpg?resize=525%2C300&ssl=1 1.5x, https:\/\/i0.wp.com\/www.wallendorff.com\/belogue\/wp-content\/uploads\/2015\/04\/201111251.jpg?resize=700%2C400&ssl=1 2x"},"classes":[]},{"id":14124,"url":"https:\/\/www.wallendorff.com\/belogue\/2011\/10\/27\/julien-dore-lolympia-paris-25-octobre\/","url_meta":{"origin":13312,"position":1},"title":"Julien Dor\u00e9 @ l&rsquo;Olympia, Paris, 25 octobre.","author":"dpc","date":"27 octobre 2011","format":false,"excerpt":"The Pack A.D. \u2013 Haunt You [youtube]http:\/\/www.youtube.com\/watch?v=nbwM9a_kPaE[\/youtube]","rel":"","context":"Dans &quot;Alive&quot;","block_context":{"text":"Alive","link":"https:\/\/www.wallendorff.com\/belogue\/category\/alive\/"},"img":{"alt_text":"","src":"https:\/\/i0.wp.com\/www.wallendorff.com\/belogue\/wp-content\/uploads\/2015\/04\/201110271.jpg?resize=350%2C200&ssl=1","width":350,"height":200,"srcset":"https:\/\/i0.wp.com\/www.wallendorff.com\/belogue\/wp-content\/uploads\/2015\/04\/201110271.jpg?resize=350%2C200&ssl=1 1x, https:\/\/i0.wp.com\/www.wallendorff.com\/belogue\/wp-content\/uploads\/2015\/04\/201110271.jpg?resize=525%2C300&ssl=1 1.5x, https:\/\/i0.wp.com\/www.wallendorff.com\/belogue\/wp-content\/uploads\/2015\/04\/201110271.jpg?resize=700%2C400&ssl=1 2x"},"classes":[]},{"id":135693,"url":"https:\/\/www.wallendorff.com\/belogue\/2026\/03\/27\/tcho-metz\/","url_meta":{"origin":13312,"position":2},"title":"Tch\u00f4 Metz.","author":"dpc","date":"27 mars 2026","format":false,"excerpt":"","rel":"","context":"Dans &quot;DPC&quot;","block_context":{"text":"DPC","link":"https:\/\/www.wallendorff.com\/belogue\/category\/dpc\/"},"img":{"alt_text":"","src":"https:\/\/i0.wp.com\/www.wallendorff.com\/belogue\/wp-content\/uploads\/2026\/03\/20260327-10.jpg?resize=350%2C200&ssl=1","width":350,"height":200,"srcset":"https:\/\/i0.wp.com\/www.wallendorff.com\/belogue\/wp-content\/uploads\/2026\/03\/20260327-10.jpg?resize=350%2C200&ssl=1 1x, https:\/\/i0.wp.com\/www.wallendorff.com\/belogue\/wp-content\/uploads\/2026\/03\/20260327-10.jpg?resize=525%2C300&ssl=1 1.5x, https:\/\/i0.wp.com\/www.wallendorff.com\/belogue\/wp-content\/uploads\/2026\/03\/20260327-10.jpg?resize=700%2C400&ssl=1 2x, https:\/\/i0.wp.com\/www.wallendorff.com\/belogue\/wp-content\/uploads\/2026\/03\/20260327-10.jpg?resize=1050%2C600&ssl=1 3x"},"classes":[]},{"id":131991,"url":"https:\/\/www.wallendorff.com\/belogue\/2025\/03\/26\/metz-de-noel\/","url_meta":{"origin":13312,"position":3},"title":"Metz de No\u00ebl.","author":"dpc","date":"26 mars 2025","format":false,"excerpt":"","rel":"","context":"Dans &quot;DPC&quot;","block_context":{"text":"DPC","link":"https:\/\/www.wallendorff.com\/belogue\/category\/dpc\/"},"img":{"alt_text":"","src":"https:\/\/i0.wp.com\/www.wallendorff.com\/belogue\/wp-content\/uploads\/2025\/03\/20250326-04.jpg?resize=350%2C200&ssl=1","width":350,"height":200,"srcset":"https:\/\/i0.wp.com\/www.wallendorff.com\/belogue\/wp-content\/uploads\/2025\/03\/20250326-04.jpg?resize=350%2C200&ssl=1 1x, https:\/\/i0.wp.com\/www.wallendorff.com\/belogue\/wp-content\/uploads\/2025\/03\/20250326-04.jpg?resize=525%2C300&ssl=1 1.5x, https:\/\/i0.wp.com\/www.wallendorff.com\/belogue\/wp-content\/uploads\/2025\/03\/20250326-04.jpg?resize=700%2C400&ssl=1 2x"},"classes":[]},{"id":127373,"url":"https:\/\/www.wallendorff.com\/belogue\/2024\/01\/31\/janvier-2024\/","url_meta":{"origin":13312,"position":4},"title":"Janvier 2024.","author":"dpc","date":"31 janvier 2024","format":false,"excerpt":"Un panneau de nuit, un feu de camp, une bouteille, un premier matin, un miroir, une for\u00eat, un champ, un arbre, une balan\u00e7oire, un champ, un panneau de jour, un souper, un livre, un m\u00e9tropolitain, un lever de soleil, un pigeon, un h\u00f4tel, un caf\u00e9, un chantier, une plante, un\u2026","rel":"","context":"Dans &quot;Blog-note&quot;","block_context":{"text":"Blog-note","link":"https:\/\/www.wallendorff.com\/belogue\/category\/blog-note\/"},"img":{"alt_text":"","src":"https:\/\/i0.wp.com\/www.wallendorff.com\/belogue\/wp-content\/uploads\/2024\/02\/20240214-69.jpg?resize=350%2C200&ssl=1","width":350,"height":200,"srcset":"https:\/\/i0.wp.com\/www.wallendorff.com\/belogue\/wp-content\/uploads\/2024\/02\/20240214-69.jpg?resize=350%2C200&ssl=1 1x, https:\/\/i0.wp.com\/www.wallendorff.com\/belogue\/wp-content\/uploads\/2024\/02\/20240214-69.jpg?resize=525%2C300&ssl=1 1.5x, https:\/\/i0.wp.com\/www.wallendorff.com\/belogue\/wp-content\/uploads\/2024\/02\/20240214-69.jpg?resize=700%2C400&ssl=1 2x, https:\/\/i0.wp.com\/www.wallendorff.com\/belogue\/wp-content\/uploads\/2024\/02\/20240214-69.jpg?resize=1050%2C600&ssl=1 3x"},"classes":[]},{"id":4984,"url":"https:\/\/www.wallendorff.com\/belogue\/2009\/11\/04\/les-digues-a-gars\/","url_meta":{"origin":13312,"position":5},"title":"Les digues \u00e0 gars.","author":"dpc","date":"4 novembre 2009","format":false,"excerpt":"Rue de Nantes, Paris, 31 mai. Bien s\u00fbr pour voir un rapport entre la photo et le titre il faut penser \u00e0 des gars qui aiment entrer chez toi par les fen\u00eatres comme Dawson-de-dans-Dawson, Rom\u00e9o Montaigu de dans Rom\u00e9o et Juyette1 ou les m\u00e9chants de dans Le 11 Septembre. Sinon\u2026","rel":"","context":"Dans &quot;DPC&quot;","block_context":{"text":"DPC","link":"https:\/\/www.wallendorff.com\/belogue\/category\/dpc\/"},"img":{"alt_text":"","src":"https:\/\/i0.wp.com\/www.wallendorff.com\/belogue\/wp-content\/uploads\/2015\/04\/200911041.jpg?resize=350%2C200&ssl=1","width":350,"height":200},"classes":[]}],"_links":{"self":[{"href":"https:\/\/www.wallendorff.com\/belogue\/wp-json\/wp\/v2\/posts\/13312","targetHints":{"allow":["GET"]}}],"collection":[{"href":"https:\/\/www.wallendorff.com\/belogue\/wp-json\/wp\/v2\/posts"}],"about":[{"href":"https:\/\/www.wallendorff.com\/belogue\/wp-json\/wp\/v2\/types\/post"}],"author":[{"embeddable":true,"href":"https:\/\/www.wallendorff.com\/belogue\/wp-json\/wp\/v2\/users\/1"}],"replies":[{"embeddable":true,"href":"https:\/\/www.wallendorff.com\/belogue\/wp-json\/wp\/v2\/comments?post=13312"}],"version-history":[{"count":1,"href":"https:\/\/www.wallendorff.com\/belogue\/wp-json\/wp\/v2\/posts\/13312\/revisions"}],"predecessor-version":[{"id":15065,"href":"https:\/\/www.wallendorff.com\/belogue\/wp-json\/wp\/v2\/posts\/13312\/revisions\/15065"}],"wp:featuredmedia":[{"embeddable":true,"href":"https:\/\/www.wallendorff.com\/belogue\/wp-json\/wp\/v2\/media\/26248"}],"wp:attachment":[{"href":"https:\/\/www.wallendorff.com\/belogue\/wp-json\/wp\/v2\/media?parent=13312"}],"wp:term":[{"taxonomy":"category","embeddable":true,"href":"https:\/\/www.wallendorff.com\/belogue\/wp-json\/wp\/v2\/categories?post=13312"},{"taxonomy":"post_tag","embeddable":true,"href":"https:\/\/www.wallendorff.com\/belogue\/wp-json\/wp\/v2\/tags?post=13312"}],"curies":[{"name":"wp","href":"https:\/\/api.w.org\/{rel}","templated":true}]}}