{"id":13304,"date":"2011-09-22T13:03:59","date_gmt":"2011-09-22T11:03:59","guid":{"rendered":"http:\/\/www.po-l.com\/belogue\/?p=13304"},"modified":"2012-05-04T11:19:09","modified_gmt":"2012-05-04T09:19:09","slug":"phare-ouest","status":"publish","type":"post","link":"https:\/\/www.wallendorff.com\/belogue\/2011\/09\/22\/phare-ouest\/","title":{"rendered":"Phare-ouest."},"content":{"rendered":"<div id=\"photo\">\n<p><img decoding=\"async\" src=\"https:\/\/www.wallendorff.com\/belogue\/photo\/2011\/09\/20110922.jpg\" \/><br \/>\nK&eacute;rity, 6 ao&ucirc;t.<\/p>\n<\/p><\/div>\n<div id=\"bandeson\">\n<p><img decoding=\"async\" src=\"https:\/\/www.wallendorff.com\/belogue\/photo\/pochettes\/c\/cults-cults.jpg\" align=\"left\" \/><a href=\"http:\/\/cultscultscults.com\">Cults<\/a> &ndash; <em>Abducted<\/em><br \/>\n        [youtube]http:\/\/www.youtube.com\/watch?v=I6VfmjfiEtg[\/youtube]<\/p>\n<\/p><\/div>\n","protected":false},"excerpt":{"rendered":"<p>K&eacute;rity, 6 ao&ucirc;t. Cults &ndash; Abducted [youtube]http:\/\/www.youtube.com\/watch?v=I6VfmjfiEtg[\/youtube]<\/p>\n","protected":false},"author":1,"featured_media":26246,"comment_status":"open","ping_status":"open","sticky":false,"template":"","format":"standard","meta":{"_acf_changed":false,"ngg_post_thumbnail":0,"jetpack_post_was_ever_published":false,"_jetpack_newsletter_access":"","_jetpack_dont_email_post_to_subs":false,"_jetpack_newsletter_tier_id":0,"_jetpack_memberships_contains_paywalled_content":false,"_jetpack_memberships_contains_paid_content":false,"footnotes":"","jetpack_publicize_message":"","jetpack_publicize_feature_enabled":true,"jetpack_social_post_already_shared":false,"jetpack_social_options":{"image_generator_settings":{"template":"highway","default_image_id":0,"font":"","enabled":false},"version":2}},"categories":[3],"tags":[5219,10791,2615,10144,11022,10326,5000,4157,10120,5220,793,5221,10817,5217,5218,170],"class_list":["post-13304","post","type-post","status-publish","format-standard","has-post-thumbnail","hentry","category-dpc","tag-abducted","tag-bretagne","tag-eos-5d-mark-ii","tag-ciel","tag-coucher-de-soleil","tag-crepuscule","tag-cults","tag-finistere","tag-france","tag-kerity","tag-orange","tag-penmach","tag-phare","tag-phare-deckmuhl","tag-rue-de-la-corniche","tag-sigma-70-300-mm-f4-56-dg-apo-macro"],"acf":[],"geo":{"latitude":47.7967567,"longitude":-4.3581181,"description":"190 Rue de la Corniche, 29760 Penmarch, France"},"jetpack_publicize_connections":[],"jetpack_featured_media_url":"https:\/\/www.wallendorff.com\/belogue\/wp-content\/uploads\/2015\/04\/201109221.jpg","jetpack_shortlink":"https:\/\/wp.me\/p3b35P-3sA","jetpack_sharing_enabled":true,"jetpack-related-posts":[{"id":41728,"url":"https:\/\/www.wallendorff.com\/belogue\/2019\/04\/29\/du-phare-au-matin\/","url_meta":{"origin":13304,"position":0},"title":"Du phare (au matin).","author":"dpc","date":"29 avril 2019","format":false,"excerpt":"Bod\u00f8, 2 mars 2019. Hang Me High Crows","rel":"","context":"Dans &quot;DPC&quot;","block_context":{"text":"DPC","link":"https:\/\/www.wallendorff.com\/belogue\/category\/dpc\/"},"img":{"alt_text":"Bod\u00f8, 2 mars 2019.","src":"https:\/\/i0.wp.com\/www.wallendorff.com\/belogue\/wp-content\/uploads\/2019\/04\/20190429.jpg?resize=350%2C200&ssl=1","width":350,"height":200,"srcset":"https:\/\/i0.wp.com\/www.wallendorff.com\/belogue\/wp-content\/uploads\/2019\/04\/20190429.jpg?resize=350%2C200&ssl=1 1x, https:\/\/i0.wp.com\/www.wallendorff.com\/belogue\/wp-content\/uploads\/2019\/04\/20190429.jpg?resize=525%2C300&ssl=1 1.5x, https:\/\/i0.wp.com\/www.wallendorff.com\/belogue\/wp-content\/uploads\/2019\/04\/20190429.jpg?resize=700%2C400&ssl=1 2x, https:\/\/i0.wp.com\/www.wallendorff.com\/belogue\/wp-content\/uploads\/2019\/04\/20190429.jpg?resize=1050%2C600&ssl=1 3x"},"classes":[]},{"id":22756,"url":"https:\/\/www.wallendorff.com\/belogue\/2014\/04\/30\/phare-et-huit-lames\/","url_meta":{"origin":13304,"position":1},"title":"Phare et huit lames.","author":"dpc","date":"30 avril 2014","format":false,"excerpt":"Howth Head, 11 avril. Still Life The Horrors","rel":"","context":"Dans &quot;DPC&quot;","block_context":{"text":"DPC","link":"https:\/\/www.wallendorff.com\/belogue\/category\/dpc\/"},"img":{"alt_text":"","src":"https:\/\/i0.wp.com\/www.wallendorff.com\/belogue\/wp-content\/uploads\/2015\/04\/201404301.jpg?resize=350%2C200&ssl=1","width":350,"height":200,"srcset":"https:\/\/i0.wp.com\/www.wallendorff.com\/belogue\/wp-content\/uploads\/2015\/04\/201404301.jpg?resize=350%2C200&ssl=1 1x, https:\/\/i0.wp.com\/www.wallendorff.com\/belogue\/wp-content\/uploads\/2015\/04\/201404301.jpg?resize=525%2C300&ssl=1 1.5x, https:\/\/i0.wp.com\/www.wallendorff.com\/belogue\/wp-content\/uploads\/2015\/04\/201404301.jpg?resize=700%2C400&ssl=1 2x"},"classes":[]},{"id":20816,"url":"https:\/\/www.wallendorff.com\/belogue\/2013\/04\/29\/phare-ouest-2\/","url_meta":{"origin":13304,"position":2},"title":"Phare ouest.","author":"dpc","date":"29 avril 2013","format":false,"excerpt":"Saint-Malo, 23 f\u00e9vrier. Wedding SongYeah Yeah Yeahs","rel":"","context":"Dans &quot;DPC&quot;","block_context":{"text":"DPC","link":"https:\/\/www.wallendorff.com\/belogue\/category\/dpc\/"},"img":{"alt_text":"","src":"https:\/\/i0.wp.com\/www.wallendorff.com\/belogue\/wp-content\/uploads\/2015\/04\/20130429.jpg?resize=350%2C200&ssl=1","width":350,"height":200,"srcset":"https:\/\/i0.wp.com\/www.wallendorff.com\/belogue\/wp-content\/uploads\/2015\/04\/20130429.jpg?resize=350%2C200&ssl=1 1x, https:\/\/i0.wp.com\/www.wallendorff.com\/belogue\/wp-content\/uploads\/2015\/04\/20130429.jpg?resize=525%2C300&ssl=1 1.5x, https:\/\/i0.wp.com\/www.wallendorff.com\/belogue\/wp-content\/uploads\/2015\/04\/20130429.jpg?resize=700%2C400&ssl=1 2x"},"classes":[]},{"id":20047,"url":"https:\/\/www.wallendorff.com\/belogue\/2013\/01\/08\/phare-away\/","url_meta":{"origin":13304,"position":3},"title":"Phare, away.","author":"dpc","date":"8 janvier 2013","format":false,"excerpt":"Jet\u00e9e des P\u00e2quis, Gen\u00e8ve, 11 novembre 2012. Someone Told Me Jake Bugg","rel":"","context":"Dans &quot;DPC&quot;","block_context":{"text":"DPC","link":"https:\/\/www.wallendorff.com\/belogue\/category\/dpc\/"},"img":{"alt_text":"","src":"https:\/\/i0.wp.com\/www.wallendorff.com\/belogue\/wp-content\/uploads\/2015\/04\/201301081.jpg?resize=350%2C200&ssl=1","width":350,"height":200,"srcset":"https:\/\/i0.wp.com\/www.wallendorff.com\/belogue\/wp-content\/uploads\/2015\/04\/201301081.jpg?resize=350%2C200&ssl=1 1x, https:\/\/i0.wp.com\/www.wallendorff.com\/belogue\/wp-content\/uploads\/2015\/04\/201301081.jpg?resize=525%2C300&ssl=1 1.5x, https:\/\/i0.wp.com\/www.wallendorff.com\/belogue\/wp-content\/uploads\/2015\/04\/201301081.jpg?resize=700%2C400&ssl=1 2x"},"classes":[]},{"id":45714,"url":"https:\/\/www.wallendorff.com\/belogue\/2020\/05\/15\/phare-a-houer-soc-lose\/","url_meta":{"origin":13304,"position":4},"title":"Phare \u00e0 houer (soc l&rsquo;ose).","author":"dpc","date":"15 mai 2020","format":false,"excerpt":"Paris, 21 f\u00e9vrier 2020. \u00a0PJ Harvey \u2013 We Float","rel":"","context":"Dans &quot;DPC&quot;","block_context":{"text":"DPC","link":"https:\/\/www.wallendorff.com\/belogue\/category\/dpc\/"},"img":{"alt_text":"","src":"https:\/\/i0.wp.com\/www.wallendorff.com\/belogue\/wp-content\/uploads\/2020\/05\/20200515.gif?resize=350%2C200&ssl=1","width":350,"height":200,"srcset":"https:\/\/i0.wp.com\/www.wallendorff.com\/belogue\/wp-content\/uploads\/2020\/05\/20200515.gif?resize=350%2C200&ssl=1 1x, https:\/\/i0.wp.com\/www.wallendorff.com\/belogue\/wp-content\/uploads\/2020\/05\/20200515.gif?resize=525%2C300&ssl=1 1.5x, https:\/\/i0.wp.com\/www.wallendorff.com\/belogue\/wp-content\/uploads\/2020\/05\/20200515.gif?resize=700%2C400&ssl=1 2x"},"classes":[]},{"id":13290,"url":"https:\/\/www.wallendorff.com\/belogue\/2011\/09\/20\/phare-y-tasse1\/","url_meta":{"origin":13304,"position":5},"title":"Phare, y tasse1.","author":"dpc","date":"20 septembre 2011","format":false,"excerpt":"Penfret, 6 ao\u00fbt. ... Ou Guiriden, 6 ao\u00fbt, peut-\u00eatre, parce que s'il s'agit bien d'une photo de Penfret, elle a \u00e9t\u00e9 prise de Guiriden. Ce qui nous plonge dans le m\u00eame d\u00e9bat cosmique que l'ann\u00e9e derni\u00e8re avec la pointe du Van et la pointe du Raz [mais avec pas le\u2026","rel":"","context":"Dans &quot;DPC&quot;","block_context":{"text":"DPC","link":"https:\/\/www.wallendorff.com\/belogue\/category\/dpc\/"},"img":{"alt_text":"","src":"https:\/\/i0.wp.com\/www.wallendorff.com\/belogue\/wp-content\/uploads\/2015\/04\/201109201.jpg?resize=350%2C200&ssl=1","width":350,"height":200},"classes":[]}],"_links":{"self":[{"href":"https:\/\/www.wallendorff.com\/belogue\/wp-json\/wp\/v2\/posts\/13304","targetHints":{"allow":["GET"]}}],"collection":[{"href":"https:\/\/www.wallendorff.com\/belogue\/wp-json\/wp\/v2\/posts"}],"about":[{"href":"https:\/\/www.wallendorff.com\/belogue\/wp-json\/wp\/v2\/types\/post"}],"author":[{"embeddable":true,"href":"https:\/\/www.wallendorff.com\/belogue\/wp-json\/wp\/v2\/users\/1"}],"replies":[{"embeddable":true,"href":"https:\/\/www.wallendorff.com\/belogue\/wp-json\/wp\/v2\/comments?post=13304"}],"version-history":[{"count":1,"href":"https:\/\/www.wallendorff.com\/belogue\/wp-json\/wp\/v2\/posts\/13304\/revisions"}],"predecessor-version":[{"id":17188,"href":"https:\/\/www.wallendorff.com\/belogue\/wp-json\/wp\/v2\/posts\/13304\/revisions\/17188"}],"wp:featuredmedia":[{"embeddable":true,"href":"https:\/\/www.wallendorff.com\/belogue\/wp-json\/wp\/v2\/media\/26246"}],"wp:attachment":[{"href":"https:\/\/www.wallendorff.com\/belogue\/wp-json\/wp\/v2\/media?parent=13304"}],"wp:term":[{"taxonomy":"category","embeddable":true,"href":"https:\/\/www.wallendorff.com\/belogue\/wp-json\/wp\/v2\/categories?post=13304"},{"taxonomy":"post_tag","embeddable":true,"href":"https:\/\/www.wallendorff.com\/belogue\/wp-json\/wp\/v2\/tags?post=13304"}],"curies":[{"name":"wp","href":"https:\/\/api.w.org\/{rel}","templated":true}]}}