{"id":132422,"date":"2025-06-12T12:01:24","date_gmt":"2025-06-12T10:01:24","guid":{"rendered":"https:\/\/www.wallendorff.com\/belogue\/?p=132422"},"modified":"2025-06-12T12:49:37","modified_gmt":"2025-06-12T10:49:37","slug":"jaunes-dombres","status":"publish","type":"post","link":"https:\/\/www.wallendorff.com\/belogue\/2025\/06\/12\/jaunes-dombres\/","title":{"rendered":"Jaunes d&rsquo;ombres."},"content":{"rendered":"\t\t<div data-elementor-type=\"wp-post\" data-elementor-id=\"132422\" class=\"elementor elementor-132422\" data-elementor-post-type=\"post\">\n\t\t\t\t\t\t<section class=\"elementor-section elementor-top-section elementor-element elementor-element-fd7a49b elementor-section-boxed elementor-section-height-default elementor-section-height-default\" data-id=\"fd7a49b\" data-element_type=\"section\" data-e-type=\"section\">\n\t\t\t\t\t\t<div class=\"elementor-container elementor-column-gap-default\">\n\t\t\t\t\t<div class=\"elementor-column elementor-col-100 elementor-top-column elementor-element elementor-element-43ab7ea\" data-id=\"43ab7ea\" data-element_type=\"column\" data-e-type=\"column\">\n\t\t\t<div class=\"elementor-widget-wrap elementor-element-populated\">\n\t\t\t\t\t\t<div class=\"elementor-element elementor-element-bd00263 elementor-widget elementor-widget-text-editor\" data-id=\"bd00263\" data-element_type=\"widget\" data-e-type=\"widget\" data-widget_type=\"text-editor.default\">\n\t\t\t\t<div class=\"elementor-widget-container\">\n\t\t\t\t\t\t\t\t\t<div id=\"photo\"><p><img decoding=\"async\" src=\"https:\/\/www.wallendorff.com\/belogue\/wp-content\/uploads\/2025\/06\/20250612-08.jpg\" \/><br \/>Tour Montparnasse, Paris, 18 avril 2024.<\/p><\/div><p style=\"text-align: right;\">Merci \u00e0 Lala mais pas \u00e0 Leffe<sup>\u00ae<\/sup> ni Twinuts<sup>\u00ae<\/sup> car j&rsquo;ai sottement oubli\u00e9 de faire les commissions.<\/p>\t\t\t\t\t\t\t\t<\/div>\n\t\t\t\t<\/div>\n\t\t\t\t<div class=\"elementor-element elementor-element-3c7f0e8 gallery-spacing-custom elementor-widget elementor-widget-image-gallery\" data-id=\"3c7f0e8\" data-element_type=\"widget\" data-e-type=\"widget\" data-widget_type=\"image-gallery.default\">\n\t\t\t\t<div class=\"elementor-widget-container\">\n\t\t\t\t\t\t\t<div class=\"elementor-image-gallery\">\n\t\t\t<div id='gallery-1' class='gallery galleryid-132422 gallery-columns-1 gallery-size-full'><figure class='gallery-item'>\n\t\t\t<div class='gallery-icon landscape'>\n\t\t\t\t<a data-elementor-open-lightbox=\"yes\" data-elementor-lightbox-slideshow=\"3c7f0e8\" data-e-action-hash=\"#elementor-action%3Aaction%3Dlightbox%26settings%3DeyJpZCI6MTMyNDI1LCJ1cmwiOiJodHRwczpcL1wvd3d3LndhbGxlbmRvcmZmLmNvbVwvYmVsb2d1ZVwvd3AtY29udGVudFwvdXBsb2Fkc1wvMjAyNVwvMDZcLzIwMjUwNjEyLTAxLmpwZyIsInNsaWRlc2hvdyI6IjNjN2YwZTgifQ%3D%3D\" href='https:\/\/www.wallendorff.com\/belogue\/wp-content\/uploads\/2025\/06\/20250612-01.jpg'><img fetchpriority=\"high\" width=\"1170\" height=\"780\" src=\"https:\/\/www.wallendorff.com\/belogue\/wp-content\/uploads\/2025\/06\/20250612-01.jpg\" class=\"attachment-full size-full\" alt=\"\" decoding=\"async\" srcset=\"https:\/\/www.wallendorff.com\/belogue\/wp-content\/uploads\/2025\/06\/20250612-01.jpg 1170w, https:\/\/www.wallendorff.com\/belogue\/wp-content\/uploads\/2025\/06\/20250612-01-1116x744.jpg 1116w, https:\/\/www.wallendorff.com\/belogue\/wp-content\/uploads\/2025\/06\/20250612-01-806x537.jpg 806w, https:\/\/www.wallendorff.com\/belogue\/wp-content\/uploads\/2025\/06\/20250612-01-558x372.jpg 558w, https:\/\/www.wallendorff.com\/belogue\/wp-content\/uploads\/2025\/06\/20250612-01-655x437.jpg 655w\" sizes=\"(max-width: 1170px) 100vw, 1170px\" \/><\/a>\n\t\t\t<\/div><\/figure><figure class='gallery-item'>\n\t\t\t<div class='gallery-icon landscape'>\n\t\t\t\t<a data-elementor-open-lightbox=\"yes\" data-elementor-lightbox-slideshow=\"3c7f0e8\" data-e-action-hash=\"#elementor-action%3Aaction%3Dlightbox%26settings%3DeyJpZCI6MTMyNDI2LCJ1cmwiOiJodHRwczpcL1wvd3d3LndhbGxlbmRvcmZmLmNvbVwvYmVsb2d1ZVwvd3AtY29udGVudFwvdXBsb2Fkc1wvMjAyNVwvMDZcLzIwMjUwNjEyLTAyLmpwZyIsInNsaWRlc2hvdyI6IjNjN2YwZTgifQ%3D%3D\" href='https:\/\/www.wallendorff.com\/belogue\/wp-content\/uploads\/2025\/06\/20250612-02.jpg'><img width=\"1170\" height=\"780\" src=\"https:\/\/www.wallendorff.com\/belogue\/wp-content\/uploads\/2025\/06\/20250612-02.jpg\" class=\"attachment-full size-full\" alt=\"\" decoding=\"async\" srcset=\"https:\/\/www.wallendorff.com\/belogue\/wp-content\/uploads\/2025\/06\/20250612-02.jpg 1170w, https:\/\/www.wallendorff.com\/belogue\/wp-content\/uploads\/2025\/06\/20250612-02-1116x744.jpg 1116w, https:\/\/www.wallendorff.com\/belogue\/wp-content\/uploads\/2025\/06\/20250612-02-806x537.jpg 806w, https:\/\/www.wallendorff.com\/belogue\/wp-content\/uploads\/2025\/06\/20250612-02-558x372.jpg 558w, https:\/\/www.wallendorff.com\/belogue\/wp-content\/uploads\/2025\/06\/20250612-02-655x437.jpg 655w\" sizes=\"(max-width: 1170px) 100vw, 1170px\" \/><\/a>\n\t\t\t<\/div><\/figure><figure class='gallery-item'>\n\t\t\t<div class='gallery-icon landscape'>\n\t\t\t\t<a data-elementor-open-lightbox=\"yes\" data-elementor-lightbox-slideshow=\"3c7f0e8\" data-e-action-hash=\"#elementor-action%3Aaction%3Dlightbox%26settings%3DeyJpZCI6MTMyNDI3LCJ1cmwiOiJodHRwczpcL1wvd3d3LndhbGxlbmRvcmZmLmNvbVwvYmVsb2d1ZVwvd3AtY29udGVudFwvdXBsb2Fkc1wvMjAyNVwvMDZcLzIwMjUwNjEyLTAzLmpwZyIsInNsaWRlc2hvdyI6IjNjN2YwZTgifQ%3D%3D\" href='https:\/\/www.wallendorff.com\/belogue\/wp-content\/uploads\/2025\/06\/20250612-03.jpg'><img width=\"1170\" height=\"780\" src=\"https:\/\/www.wallendorff.com\/belogue\/wp-content\/uploads\/2025\/06\/20250612-03.jpg\" class=\"attachment-full size-full\" alt=\"\" decoding=\"async\" srcset=\"https:\/\/www.wallendorff.com\/belogue\/wp-content\/uploads\/2025\/06\/20250612-03.jpg 1170w, https:\/\/www.wallendorff.com\/belogue\/wp-content\/uploads\/2025\/06\/20250612-03-1116x744.jpg 1116w, https:\/\/www.wallendorff.com\/belogue\/wp-content\/uploads\/2025\/06\/20250612-03-806x537.jpg 806w, https:\/\/www.wallendorff.com\/belogue\/wp-content\/uploads\/2025\/06\/20250612-03-558x372.jpg 558w, https:\/\/www.wallendorff.com\/belogue\/wp-content\/uploads\/2025\/06\/20250612-03-655x437.jpg 655w\" sizes=\"(max-width: 1170px) 100vw, 1170px\" \/><\/a>\n\t\t\t<\/div><\/figure><figure class='gallery-item'>\n\t\t\t<div class='gallery-icon landscape'>\n\t\t\t\t<a data-elementor-open-lightbox=\"yes\" data-elementor-lightbox-slideshow=\"3c7f0e8\" data-e-action-hash=\"#elementor-action%3Aaction%3Dlightbox%26settings%3DeyJpZCI6MTMyNDI4LCJ1cmwiOiJodHRwczpcL1wvd3d3LndhbGxlbmRvcmZmLmNvbVwvYmVsb2d1ZVwvd3AtY29udGVudFwvdXBsb2Fkc1wvMjAyNVwvMDZcLzIwMjUwNjEyLTA0LmpwZyIsInNsaWRlc2hvdyI6IjNjN2YwZTgifQ%3D%3D\" href='https:\/\/www.wallendorff.com\/belogue\/wp-content\/uploads\/2025\/06\/20250612-04.jpg'><img loading=\"lazy\" width=\"1170\" height=\"780\" src=\"https:\/\/www.wallendorff.com\/belogue\/wp-content\/uploads\/2025\/06\/20250612-04.jpg\" class=\"attachment-full size-full\" alt=\"\" decoding=\"async\" srcset=\"https:\/\/www.wallendorff.com\/belogue\/wp-content\/uploads\/2025\/06\/20250612-04.jpg 1170w, https:\/\/www.wallendorff.com\/belogue\/wp-content\/uploads\/2025\/06\/20250612-04-1116x744.jpg 1116w, https:\/\/www.wallendorff.com\/belogue\/wp-content\/uploads\/2025\/06\/20250612-04-806x537.jpg 806w, https:\/\/www.wallendorff.com\/belogue\/wp-content\/uploads\/2025\/06\/20250612-04-558x372.jpg 558w, https:\/\/www.wallendorff.com\/belogue\/wp-content\/uploads\/2025\/06\/20250612-04-655x437.jpg 655w\" sizes=\"(max-width: 1170px) 100vw, 1170px\" \/><\/a>\n\t\t\t<\/div><\/figure><figure class='gallery-item'>\n\t\t\t<div class='gallery-icon portrait'>\n\t\t\t\t<a data-elementor-open-lightbox=\"yes\" data-elementor-lightbox-slideshow=\"3c7f0e8\" data-e-action-hash=\"#elementor-action%3Aaction%3Dlightbox%26settings%3DeyJpZCI6MTMyNDI5LCJ1cmwiOiJodHRwczpcL1wvd3d3LndhbGxlbmRvcmZmLmNvbVwvYmVsb2d1ZVwvd3AtY29udGVudFwvdXBsb2Fkc1wvMjAyNVwvMDZcLzIwMjUwNjEyLTA1LmpwZyIsInNsaWRlc2hvdyI6IjNjN2YwZTgifQ%3D%3D\" href='https:\/\/www.wallendorff.com\/belogue\/wp-content\/uploads\/2025\/06\/20250612-05.jpg'><img loading=\"lazy\" width=\"780\" height=\"1170\" src=\"https:\/\/www.wallendorff.com\/belogue\/wp-content\/uploads\/2025\/06\/20250612-05.jpg\" class=\"attachment-full size-full\" alt=\"\" decoding=\"async\" srcset=\"https:\/\/www.wallendorff.com\/belogue\/wp-content\/uploads\/2025\/06\/20250612-05.jpg 780w, https:\/\/www.wallendorff.com\/belogue\/wp-content\/uploads\/2025\/06\/20250612-05-558x837.jpg 558w, https:\/\/www.wallendorff.com\/belogue\/wp-content\/uploads\/2025\/06\/20250612-05-655x983.jpg 655w\" sizes=\"(max-width: 780px) 100vw, 780px\" \/><\/a>\n\t\t\t<\/div><\/figure><figure class='gallery-item'>\n\t\t\t<div class='gallery-icon landscape'>\n\t\t\t\t<a data-elementor-open-lightbox=\"yes\" data-elementor-lightbox-slideshow=\"3c7f0e8\" data-e-action-hash=\"#elementor-action%3Aaction%3Dlightbox%26settings%3DeyJpZCI6MTMyNDMwLCJ1cmwiOiJodHRwczpcL1wvd3d3LndhbGxlbmRvcmZmLmNvbVwvYmVsb2d1ZVwvd3AtY29udGVudFwvdXBsb2Fkc1wvMjAyNVwvMDZcLzIwMjUwNjEyLTA2LmpwZyIsInNsaWRlc2hvdyI6IjNjN2YwZTgifQ%3D%3D\" href='https:\/\/www.wallendorff.com\/belogue\/wp-content\/uploads\/2025\/06\/20250612-06.jpg'><img loading=\"lazy\" width=\"1170\" height=\"780\" src=\"https:\/\/www.wallendorff.com\/belogue\/wp-content\/uploads\/2025\/06\/20250612-06.jpg\" class=\"attachment-full size-full\" alt=\"\" decoding=\"async\" srcset=\"https:\/\/www.wallendorff.com\/belogue\/wp-content\/uploads\/2025\/06\/20250612-06.jpg 1170w, https:\/\/www.wallendorff.com\/belogue\/wp-content\/uploads\/2025\/06\/20250612-06-1116x744.jpg 1116w, https:\/\/www.wallendorff.com\/belogue\/wp-content\/uploads\/2025\/06\/20250612-06-806x537.jpg 806w, https:\/\/www.wallendorff.com\/belogue\/wp-content\/uploads\/2025\/06\/20250612-06-558x372.jpg 558w, https:\/\/www.wallendorff.com\/belogue\/wp-content\/uploads\/2025\/06\/20250612-06-655x437.jpg 655w\" sizes=\"(max-width: 1170px) 100vw, 1170px\" \/><\/a>\n\t\t\t<\/div><\/figure><figure class='gallery-item'>\n\t\t\t<div class='gallery-icon landscape'>\n\t\t\t\t<a data-elementor-open-lightbox=\"yes\" data-elementor-lightbox-slideshow=\"3c7f0e8\" data-e-action-hash=\"#elementor-action%3Aaction%3Dlightbox%26settings%3DeyJpZCI6MTMyNDMxLCJ1cmwiOiJodHRwczpcL1wvd3d3LndhbGxlbmRvcmZmLmNvbVwvYmVsb2d1ZVwvd3AtY29udGVudFwvdXBsb2Fkc1wvMjAyNVwvMDZcLzIwMjUwNjEyLTA3LmpwZyIsInNsaWRlc2hvdyI6IjNjN2YwZTgifQ%3D%3D\" href='https:\/\/www.wallendorff.com\/belogue\/wp-content\/uploads\/2025\/06\/20250612-07.jpg'><img loading=\"lazy\" width=\"1170\" height=\"780\" src=\"https:\/\/www.wallendorff.com\/belogue\/wp-content\/uploads\/2025\/06\/20250612-07.jpg\" class=\"attachment-full size-full\" alt=\"\" decoding=\"async\" srcset=\"https:\/\/www.wallendorff.com\/belogue\/wp-content\/uploads\/2025\/06\/20250612-07.jpg 1170w, https:\/\/www.wallendorff.com\/belogue\/wp-content\/uploads\/2025\/06\/20250612-07-1116x744.jpg 1116w, https:\/\/www.wallendorff.com\/belogue\/wp-content\/uploads\/2025\/06\/20250612-07-806x537.jpg 806w, https:\/\/www.wallendorff.com\/belogue\/wp-content\/uploads\/2025\/06\/20250612-07-558x372.jpg 558w, https:\/\/www.wallendorff.com\/belogue\/wp-content\/uploads\/2025\/06\/20250612-07-655x437.jpg 655w\" sizes=\"(max-width: 1170px) 100vw, 1170px\" \/><\/a>\n\t\t\t<\/div><\/figure><figure class='gallery-item'>\n\t\t\t<div class='gallery-icon landscape'>\n\t\t\t\t<a data-elementor-open-lightbox=\"yes\" data-elementor-lightbox-slideshow=\"3c7f0e8\" data-e-action-hash=\"#elementor-action%3Aaction%3Dlightbox%26settings%3DeyJpZCI6MTMyNDMyLCJ1cmwiOiJodHRwczpcL1wvd3d3LndhbGxlbmRvcmZmLmNvbVwvYmVsb2d1ZVwvd3AtY29udGVudFwvdXBsb2Fkc1wvMjAyNVwvMDZcLzIwMjUwNjEyLTA4LmpwZyIsInNsaWRlc2hvdyI6IjNjN2YwZTgifQ%3D%3D\" href='https:\/\/www.wallendorff.com\/belogue\/wp-content\/uploads\/2025\/06\/20250612-08.jpg'><img loading=\"lazy\" width=\"1170\" height=\"780\" src=\"https:\/\/www.wallendorff.com\/belogue\/wp-content\/uploads\/2025\/06\/20250612-08.jpg\" class=\"attachment-full size-full\" alt=\"\" decoding=\"async\" srcset=\"https:\/\/www.wallendorff.com\/belogue\/wp-content\/uploads\/2025\/06\/20250612-08.jpg 1170w, https:\/\/www.wallendorff.com\/belogue\/wp-content\/uploads\/2025\/06\/20250612-08-1116x744.jpg 1116w, https:\/\/www.wallendorff.com\/belogue\/wp-content\/uploads\/2025\/06\/20250612-08-806x537.jpg 806w, https:\/\/www.wallendorff.com\/belogue\/wp-content\/uploads\/2025\/06\/20250612-08-558x372.jpg 558w, https:\/\/www.wallendorff.com\/belogue\/wp-content\/uploads\/2025\/06\/20250612-08-655x437.jpg 655w, https:\/\/www.wallendorff.com\/belogue\/wp-content\/uploads\/2025\/06\/20250612-08-600x400.jpg 600w\" sizes=\"(max-width: 1170px) 100vw, 1170px\" \/><\/a>\n\t\t\t<\/div><\/figure>\n\t\t<\/div>\n\t\t<\/div>\n\t\t\t\t\t\t<\/div>\n\t\t\t\t<\/div>\n\t\t\t\t<div class=\"elementor-element elementor-element-df2ebbf elementor-widget elementor-widget-text-editor\" data-id=\"df2ebbf\" data-element_type=\"widget\" data-e-type=\"widget\" data-widget_type=\"text-editor.default\">\n\t\t\t\t<div class=\"elementor-widget-container\">\n\t\t\t\t\t\t\t\t\t<p  style=\"text-align: right;\">Et \u00e0 part \u00e7a&#8230;<\/p>\n<p style=\"text-align: left;\">Il y a vingt-et-un ans, les Pistons de D\u00e9troit \u00e9taient en finale NBA.<\/p>\n<p style=\"text-align: right;\"><a href=\"https:\/\/www.wallendorff.com\/belogue\/2005\/06\/13\/youve-gone-way-too-far-by-now-to-turn-around\/\">Il y a vingt ans<\/a>, les Pistons de D\u00e9troit \u00e9taient encore en finale NBA.<\/p>\n<p style=\"text-align: left;\"><a href=\"https:\/\/www.wallendorff.com\/belogue\/2006\/06\/12\/l-emu-rond-des-zoos-raye\/\">Il y a dix-neuf ans<\/a>, les Pistons de D\u00e9troit \u00e9taient en vacances apr\u00e8s s&rsquo;\u00eatre fait vider comme des nases en 7 manches de finale de conf\u00e9rence par Miami<em>.<\/em><\/p>\n<p style=\"text-align: right;\"><a href=\"https:\/\/www.wallendorff.com\/belogue\/2007\/06\/12\/trois\/\">Il y a dix-huit ans<\/a>, les Pistons de D\u00e9troit \u00e9taient toujours en vacances, cette fois-ci gr\u00e2ce \u00e0 Cleveland.<\/p>\n<p  style=\"text-align: left;\"><a href=\"https:\/\/www.wallendorff.com\/belogue\/2008\/06\/12\/le-pied-o-la-vieille-m-oint-cher\/\">Il y a dix-sept ans<\/a>, j&rsquo;en avais marre de ressasser chaque ann\u00e9e des histoires de basket, ce sport de nase, tout \u00e7a \u00e0 cause de la <a href=\"http:\/\/en.wikipedia.org\/wiki\/2004%E2%80%9305_NHL_lockout\">gr\u00e8ve de 2004<\/a> qui m&rsquo;avait forc\u00e9 \u00e0 causer d\u00e8s l&rsquo;origine de basket, ce sport de nase, plut\u00f4t que de hockey sur glace, qui est un VRAI sport. Cette ann\u00e9e-l\u00e0, donc, les Red Wings de D\u00e9troit emport\u00e8rent le championnat et tout le monde fut content, sauf moi<sup>1<\/sup>.<\/p>\n<p style=\"text-align: right;\"><a href=\"https:\/\/www.wallendorff.com\/belogue\/2009\/06\/12\/me-nuisant-plus-bele-que-vaux-je-hourds\/\">Il y a seize ans<\/a>, j&rsquo;\u00e9tais persuad\u00e9 que D\u00e9troit allait redevenir champion en regagnant contre rePittsburgh puisque le 7<sup>e<\/sup> match de la finale, c&rsquo;\u00e9tait le soir-m\u00eame et que sur les 14 fois pr\u00e9c\u00e9dentes o\u00f9 la coupe s&rsquo;\u00e9tait jou\u00e9e en 7 manches, l&rsquo;\u00e9quipe qui accueillait avait gagn\u00e9 12 fois. Je pensais que c&rsquo;\u00e9tait pas plus mal, parce que \u00e7a allait donner au moins un truc \u00e0 f\u00eater dans le Michigan cette ann\u00e9e-l\u00e0. Manque de pot, Pittsburgh gagna 2-1, ce qui prouva bien que dans la vie, rien n&rsquo;est gagn\u00e9 d&rsquo;avance.<\/p>\n<p  style=\"text-align: left;\"><a href=\"https:\/\/www.wallendorff.com\/belogue\/2010\/06\/12\/six\/\">Il y a quinze ans<\/a>, D\u00e9troit s&rsquo;\u00e9tait fait \u00e9liminer par San Jose en demi-finale de conf\u00e9rence, Chicago avait remport\u00e9 le championnat pour la premi\u00e8re fois depuis 1961 et se rebaptisait Hawkeytown pour faire la nique au Hockeytown de D\u00e9troit, ce que je trouvais fort dr\u00f4le car j&rsquo;ai toujours pr\u00e9f\u00e9r\u00e9 Chicago \u00e0 D\u00e9troit.<\/p>\n<p style=\"text-align: right;\"><a href=\"https:\/\/www.wallendorff.com\/belogue\/2011\/06\/12\/direction-linfini\/\">Il y a quatorze ans<\/a>, D\u00e9troit s&rsquo;\u00e9tait encore fait \u00e9liminer par San Jose en demi-finale de conf\u00e9rence alors que Chicago s&rsquo;\u00e9tait injustement fait sortir par Vancouver d\u00e8s les quarts de finale de conf\u00e9rence en prolongation apr\u00e8s avoir remont\u00e9 un d\u00e9ficit de 3 matchs et impos\u00e9 une 7<sup>e<\/sup> manche. Du coup c&rsquo;\u00e9tait Vancouver qui allait gagner. Ou Boston. Oui, finalement c&rsquo;\u00e9tait Boston.<\/p>\n<p  style=\"text-align: left;\"><a href=\"https:\/\/www.wallendorff.com\/belogue\/2012\/06\/12\/o-verts-oeufs-ils-effarent-rouets\/\">Il y a treize ans<\/a>, Nashville, non content d&rsquo;avoir piqu\u00e9 Jack White et ses potes \u00e0 D\u00e9troit, en avait profit\u00e9 pour \u00e9galement les \u00e9liminer au premier tour, pendant que Chicago se faisait sortir par Phoenix d\u00e8s le premier tour aussi. Pas de jaloux cette ann\u00e9e-l\u00e0, donc, et Los Angeles avait pu en profiter pour niquer tout le monde en se qualifiant \u00e0 l&rsquo;arrache pour les s\u00e9ries avant de d\u00e9gager sans mal et dans l&rsquo;ordre le 1<sup>er<\/sup>, le 2<sup>e<\/sup> puis le 3<sup>e<\/sup> de la conf\u00e9rence et finalement <a href=\"http:\/\/www.nhl.com\/ice\/recap.htm?id=2011030416\">New Jersey cette nuit-l\u00e0-m\u00eame<\/a> pour gagner le premier championnat de leur histoire et oublier leur finale perdue en 1993 contre les tra\u00eetres et les faux-jetons.<\/p>\n<p style=\"text-align: right;\"><a href=\"https:\/\/www.wallendorff.com\/belogue\/2013\/06\/12\/into-the-wide-9\/\">Il y a douze ans<\/a>, D\u00e9troit et Chicago se rencontraient en demi-finale de conf\u00e9rence pour la derni\u00e8re fois et c&rsquo;\u00e9tait Chicago qui avait gagn\u00e9 de justesse en 7 matches apr\u00e8s avoir \u00e9t\u00e9 men\u00e9s 3 victoires \u00e0 1. D\u00e9troit se retrouvait donc en vacances pendant que Chicago entamait sa finale du championnat ce m\u00eame soir contre Boston \u2014\u00a0et s&rsquo;appr\u00eatait \u00e0 remporter un 2<sup>e<\/sup> titre en 3 ans, donc, mais \u00e7a nous ne le s\u00fbmes que plus tard\u00a0\u2014, ce qui promettait une fatigante semaine.<\/p>\n<p  style=\"text-align: left;\"><a href=\"https:\/\/www.wallendorff.com\/belogue\/2014\/06\/12\/dix-ans\/\">Il y a onze ans<\/a>, D\u00e9troit \u00e9tait en vacances depuis un bon mois apr\u00e8s s&rsquo;\u00eatre fait \u00e9liminer d\u00e8s le premier tour par Boston et Chicago avait injustement perdu en prolongation du 7<sup>e<\/sup> match de la finale de conf\u00e9rence face \u00e0 Los Angeles, une bande de p\u00e2les types qui, \u00e0 l&rsquo;heure qu&rsquo;il \u00e9tait, \u00e9tait en train de remporter la finale face \u00e0 New York, quoique ayant perdu le 4<sup>e<\/sup> match cette nuit-l\u00e0.<\/p>\n<p style=\"text-align: right;\"><a href=\"https:\/\/www.wallendorff.com\/belogue\/2015\/06\/12\/commercent-et-quittent-tables\/\">Il y a dix ans<\/a>, D\u00e9troit se faisait vider d\u00e8s le premier tour en 7 manches par Tampa Bay, qui s&rsquo;\u00e9tait ainsi fray\u00e9 un chemin jusqu&rsquo;en finale contre Chicago, o\u00f9 l&rsquo;on en \u00e9tait \u00e0 2 victoires partout dans une s\u00e9rie tr\u00e8s tr\u00e8s stressante, et je n&rsquo;avais pas vu de rasoir depuis plus de trois mois, ce qui commen\u00e7ait \u00e0 gratter. Chicago l&#8217;emporta 4 victoires \u00e0 2 et tout le monde fut content, surtout moi qui put me raser en chantant.<\/p>\n<p style=\"text-align: left;\"><a href=\"https:\/\/www.wallendorff.com\/belogue\/2016\/06\/12\/into-the-wide-67\/\">Il y a neuf ans<\/a>, D\u00e9troit et Chicago s&rsquo;\u00e9taient tous fait toquer d\u00e8s le premier tour 2 mois auparavant, respectivement contre Tampa Bay et Saint-Louis, donc pas de jaloux, et j&rsquo;attendais que Pittsburgh batt\u00eet San Jose en finale 4 victoires \u00e0 2 en caressant mes belles joues glabres.<\/p>\n<p style=\"text-align: right;\"><a href=\"https:\/\/www.wallendorff.com\/belogue\/2017\/06\/12\/le-retour-du-jet-deau\/\">Il y a huit ans<\/a>, D\u00e9troit ne s&rsquo;\u00e9tait m\u00eame pas qualifi\u00e9 pour les \u00e9liminatoires, ce qui n&rsquo;\u00e9tait pas arriv\u00e9 depuis 25 ans, et Chicago avait d\u00e9gag\u00e9 d\u00e8s le premier tour face \u00e0 des faquins nashvillois que Pittsburgh venait de battre cette nuit-l\u00e0 m\u00eame pour remporter un troisi\u00e8me titre cons\u00e9cutif.<\/p>\n<p style=\"text-align: left;\"><a href=\"https:\/\/www.wallendorff.com\/belogue\/2018\/06\/12\/54-51-39416-n-9-13-2402-e\/\">Il y a sept ans<\/a>, ni D\u00e9troit, ni Chicago ne s&rsquo;\u00e9taient qualifi\u00e9s pour les \u00e9liminatoires, ce qui n&rsquo;\u00e9tait arriv\u00e9 qu&rsquo;une fois dans l&rsquo;histoire du monde, en 68\u201369. Cela avait donn\u00e9 des \u00e9liminatoires tartes remport\u00e9s par une \u00e9quipe de Washington tarte contre une \u00e9quipe de Vegas un peu moins tarte puisqu&rsquo;ayant battu le record tous sports \u00e9tasuniens confondus de la meilleure premi\u00e8re saison de l&rsquo;histoire (et ce, malgr\u00e9 leur logo tarte).<\/p>\n<p style=\"text-align: right;\"><a href=\"https:\/\/www.wallendorff.com\/belogue\/2019\/06\/12\/faire-tache-dile\/\">Il y a six ans<\/a>, D\u00e9troit et Chicago ne s&rsquo;\u00e9taient pas qualifi\u00e9s non plus, ce qui avait encore donn\u00e9 des \u00e9liminatoires tartes o\u00f9 les vainqueurs des deux conf\u00e9rences s&rsquo;\u00e9taient fait vider comme des bouses d\u00e8s le premier tour, ce qui n&rsquo;\u00e9tait jamais arriv\u00e9, et une finale pas tr\u00e8s int\u00e9ressante entre Boston et Saint-Louis qui se closit ce soir-l\u00e0 lors du 7<sup>e<\/sup> match, qui eu lieu \u00e0 Boston et qui, d&rsquo;apr\u00e8s les statistiques, aurait d\u00fb voir Boston gagner cette ann\u00e9e encore sauf que non, ce fut Saint-Louis.<\/p>\n<p style=\"text-align: left;\"><a href=\"https:\/\/www.wallendorff.com\/belogue\/2020\/06\/12\/ma-soeur-masseuse-massure-ma-suze\/\">Il y a cinq ans<\/a>, D\u00e9troit et Chicago ne s&rsquo;\u00e9taient toujours pas qualifi\u00e9s non plus sauf que, le Covid passant par l\u00e0, les \u00e9liminatoires eurent lieu \u00e0 partir du 10 juillet avec une \u00e9quipe de Chicago rep\u00each\u00e9e et \u00e9limin\u00e9e au troisi\u00e8me tour par Las Vegas avant que Tampa Bay finisse par gagner tout \u00e7a.<\/p>\n<p style=\"text-align: right;\"><a href=\"https:\/\/www.wallendorff.com\/belogue\/2021\/06\/12\/dix-sept\/\">Il y a quatre ans<\/a>, D\u00e9troit et Chicago s&rsquo;\u00e9taient ENCORE pas qualifi\u00e9s pour les s\u00e9ries et nous \u00e9tions loin de savoir qui irait en finale (et c&rsquo;est encore Tampa Bay qui gagna).<\/p>\n<p style=\"text-align: left;\"><a href=\"https:\/\/www.wallendorff.com\/belogue\/2022\/06\/12\/into-the-wide-254\/\">Il y a trois ans<\/a>, toujours pas de Chicago ni D\u00e9troit en vue et Tampa Bay s&rsquo;appr\u00eatait \u00e0 gagner un 3<sup>e<\/sup> titre en 3 ans, mais contre Colorado&#8230; quand tout \u00e0 coup Colorado l&#8217;emporta 4 victoires \u00e0 2.<\/p>\n<p style=\"text-align: right;\"><a href=\"https:\/\/www.wallendorff.com\/belogue\/2023\/06\/12\/servus-wien-6\/\">Il y a deux ans<\/a>, toujours pas de D\u00e9troit ou Chicago en \u00e9liminatoires, et nous \u00e9tions bien partis pour voir Las Vegas emporter le bazar vu qu&rsquo;ils menaient 3 \u00e0 1 et en mirent une 4<sup>e<\/sup>.<\/p>\n<p style=\"text-align: left;\"><a href=\"https:\/\/www.wallendorff.com\/belogue\/2024\/06\/12\/cetait-2004\/\">Il y a un an<\/a>, toujours pas de Chicago, ni de D\u00e9troit, et la Floride menait joyeusement 2 \u00e0 0 contre Edmonton avant de finalement s&rsquo;imposer 4 victoires \u00e0 3.<\/em><\/p>\n<p style=\"text-align: right;\"><em>Aujourd&rsquo;hui, toujours pas de Chicago, ni de D\u00e9troit, et la Floride m\u00e8ne joyeusement 2 \u00e0 1 contre Edmonton oui oui on croirait une erreur de copier-coller de l&rsquo;ann\u00e9e derni\u00e8re mais non non.<\/em><\/p>\n<p>&nbsp;<\/p>\n<p>&nbsp;<\/p>\n<p>&nbsp;<\/p>\n<p style=\"text-align: left;\">Il y a vingt-et-un ans, je d\u00e9jeunais avec des cookies Pepperidge Farm<sup>\u2122<\/sup> au milieu d&rsquo;un bureau quelque part \u00e0 Pontiac.<\/p>\n<p style=\"text-align: right;\">Il y a vingt ans, je d\u00e9jeunais avec des cookies Hello<sup>\u00ae<\/sup> de Lu<sup>\u2122<\/sup> au milieu d&rsquo;un bureau quelque part \u00e0 \u00c9vry.<\/p>\n<p style=\"text-align: left;\">Il y a dix-neuf ans, je d\u00e9jeunais avec des Prince<sup>\u2122<\/sup> chocolat au milieu d&rsquo;un bureau quelque part \u00e0 Clamart parce qu&rsquo;on \u00e9tait lundi.<\/p>\n<p style=\"text-align: right;\">Il y a dix-huit ans, je d\u00e9jeunais avec un Panier<sup>\u00ae<\/sup> de Yoplait<sup>\u2122<\/sup> au milieu de toujours le m\u00eame patin de bureau. Je me s\u00e9dentarisais un peu trop, l\u00e0.<\/p>\n<p style=\"text-align: left;\">Il y a dix-sept ans, je d\u00e9jeunais avec des tartines beurr\u00e9es au milieu d&rsquo;encore le m\u00eame !@#$ de bureau, au secours quelqu&rsquo;un, mais personne ne vint.<\/p>\n<p style=\"text-align: right;\">Il y a seize ans, je d\u00e9jeunais tard avec un sandwich au milieu d&rsquo;un bureau dont je n&rsquo;osai m\u00eame pas avouer l&#8217;emplacement.<\/p>\n<p style=\"text-align: left;\">Il y a quinze ans, je d\u00e9jeunais avec un caf\u00e9 au milieu d&rsquo;un endroit qui n&rsquo;\u00e9tait pas un bureau, parce que c&rsquo;\u00e9tait samedi.<\/p>\n<p style=\"text-align: right;\">Il y a quatorze ans, je d\u00e9jeunais avec un autre caf\u00e9 au milieu du m\u00eame endroit qui n&rsquo;\u00e9tait pas un bureau, parce que c&rsquo;\u00e9tait dimanche.<\/p>\n<p style=\"text-align: left;\">Il y a treize ans, je d\u00e9jeunais avec des cookies Pepperidge Farm<sup>\u2122<\/sup> Sausalito<sup>\u00ae<\/sup> (qui sont pas les meilleurs Pepperidge Farm<sup>\u2122<\/sup> mais il ne me restait que \u00e7a) au milieu d&rsquo;un bureau quelque part dans le XIII<sup>e<\/sup> arrondissement de Paris.<\/p>\n<p style=\"text-align: right;\">Il y a douze ans, je d\u00e9jeunais avec un croissant et une pomme, parce que, comme le dit le dicton, \u00ab\u00a0une pomme chaque matin \u00e9vince le m\u00e9decin\u00a0\u00bb, au milieu du m\u00eame bureau quelque part dans le XIII<sup>e<\/sup> arrondissement de Paris.<\/p>\n<p style=\"text-align: left;\">Il y a onze ans, je d\u00e9jeunais avec des couquies Pepperidge Farm<sup>\u2122<\/sup> aux grosses grosse p\u00e9pites de chocolat \u2014\u00a0les verts\u00a0\u2014, qui sont de loin les meilleurs couquies Pepperidge Farm<sup>\u2122<\/sup> de tout l&rsquo;ouest du Pecos, pour la derni\u00e8re fois dans le m\u00eame bureau quelque part dans le XIII<sup>e<\/sup> arrondissement de Paris.<\/p>\n<p style=\"text-align: right;\">Il y a dix ans, je d\u00e9jeunais avec un croissant aux amandes assez roboratif pour me tenir la journ\u00e9e, dans un bureau d&rsquo;un 9<sup>e<\/sup> \u00e9tage du XIII<sup>e<\/sup> arrondissement de Paris.<\/p>\n<p style=\"text-align: left;\">Il y a neuf ans, je ne d\u00e9jeunais pas encore, car c&rsquo;\u00e9tait dimanche et que le dimanche, on d\u00e9jeune tard.<\/p>\n<p style=\"text-align: right;\">Il y a huit ans, je d\u00e9jeunais avec deux <em>Petit \u00e9colier<\/em> \u2013\u00a0et non pas deux petits \u00e9coliers\u00a0\u2013 parce qu&rsquo;il ne me restait que \u00e7a, dans un bureau d&rsquo;un 9<sup>e<\/sup> \u00e9tage du XIII<sup>e<\/sup> arrondissement de Paris<em>.<\/em><\/p>\n<p style=\"text-align: left;\">Il y a sept ans, je d\u00e9jeunais avec une viennoiserie pleine de cr\u00e8me anglaise attrap\u00e9e au vol et aval\u00e9e dans la ligne 12 du M\u00e9tropolitain de Paris.<\/p>\n<p style=\"text-align: right;\">Il y a six ans, je d\u00e9jeunais pour la derni\u00e8re fois dans un bureau quelque part \u00e0 Clamart avec un snack Manner<sup>\u2122<\/sup> chocolat\u00a0\u2013 coco.<\/p>\n<p style=\"text-align: left;\">Il y a cinq ans, je d\u00e9jeunais avec un croissant dans un bureau quelque part \u00e0 Suresnes.<\/p>\n<p style=\"text-align: right;\">Il y a quatre ans, je ne d\u00e9jeunais plus parce qu&rsquo;il \u00e9tait tard, mais dans un appartement du XVIII<sup>e<\/sup> arrondissement de Paris<em>.<\/em><\/p>\n<p style=\"text-align: left;\">Il y a trois ans, je d\u00e9jeunais au moyen d&rsquo;un caf\u00e9 dans la cour du m\u00eame appartement du XVIII<sup>e<\/sup> arrondissement de Paris.<\/p>\n<p style=\"text-align: right;\">Il y a deux ans, je go\u00fbtais au moyen d&rsquo;une gourde de flotte dans, tenez-vous bien, \u00e0 nouveau le bureau quelque part \u00e0 Clamart, ce qui \u00e9tait tout bonnement farfelu.<\/p>\n<p style=\"text-align: left;\">Il y a un an, je go\u00fbtais avec un Leibnitz chocolat noir.<\/p>\n<p style=\"text-align: right;\"><i>Aujourd&rsquo;hui, je d\u00e9jeune avec un vieux croissant chop\u00e9 en descendant dans le m\u00e9tropolitain.<\/i><\/p>\n<p>&nbsp;<\/p>\n<p>&nbsp;<\/p>\n<p>&nbsp;<\/p>\n<p style=\"text-align: left;\">Il y a vingt-et-un ans, j&rsquo;allais voir Franz Ferdinand au Majestic Theater de D\u00e9troit.<\/p>\n<p style=\"text-align: right;\">Il y a vingt ans, j&rsquo;allais voir Ghinzu \u00e0 l&rsquo;Olympia de Paris.<\/p>\n<p style=\"text-align: left;\">Il y a dix-neuf ans, j&rsquo;allais voir si j&rsquo;allais voir Guillemots \u00e0 la Boule Noire de Paris ce soir-l\u00e0 ou bien, pour ne finalement pas y aller.<\/p>\n<p style=\"text-align: right;\">Il y a dix-huit ans et un jour, les White Stripes au Z\u00e9nith de Paris. Les trois jours suivants, Mademoiselle K \u00e0 l&rsquo;\u00c9lys\u00e9e-Montmartre de Paris puis au Trabendo de Paris. Y&rsquo;avait pas \u00e0 dire, on n&rsquo;avait pas des vies faciles. Et je passais beaucoup trop de temps \u00e0 Paris.<\/p>\n<p style=\"text-align: left;\">Il y a dix-sept ans, j&rsquo;allais voir Supergrass \u00e0 l&rsquo;\u00c9lys\u00e9e-Montmartre de Paris, qui comme son nom l&rsquo;indiquait, \u00e9tait toujours \u00e0 Paris, donc moi aussi.<\/p>\n<p style=\"text-align: right;\">Il y a seize ans, j&rsquo;allais peut-\u00eatre voir Elmer Food Beat toujours dans le m\u00eame \u00c9lys\u00e9e-Montmartre de Paris, parce qu&rsquo;un photographe de rock et de roll a rat\u00e9 sa vie si, \u00e0 50 ans, il n&rsquo;a jamais photographi\u00e9 de chanteur bedonnant en zlip kangourou. Et j&rsquo;y allai. Ma vie fut sauv\u00e9e ce soir-l\u00e0.<\/p>\n<p style=\"text-align: left;\">Il y a quinze ans, apr\u00e8s \u00eatre all\u00e9 la veille au Stade de France de Saint-Denis, juste \u00e0 c\u00f4t\u00e9 de Paris, avec plein de gens, voir Muse se produire, je r\u00e9allais le resoir-m\u00eame au reStade de France de reSaint-Denis, rejuste \u00e0 c\u00f4t\u00e9 de reParis, avec replein de gens, pour revoir reMuse se reproduire. Oh mon dieu. C&rsquo;\u00e9tait un pi\u00e8ge.<\/p>\n<p style=\"text-align: right;\">Il y a quatorze ans, je n&rsquo;allais rien voir du tout dans aucune salle de Paris car on ne peut pas vivre des trucs int\u00e9ressants tous les ans non plus.<\/p>\n<p style=\"text-align: left;\">Il y a treize ans, je n&rsquo;allais rien voir non plus dans aucune salle de Paris non plus, mais seulement parce que je le voulais bien ou bien.<\/p>\n<p style=\"text-align: right;\">Il y a douze ans, je n&rsquo;allais voir encore-non-plus parce que va savoir pourquoi.<\/p>\n<p style=\"text-align: left;\">Il y a onze ans, j&rsquo;allais voir Tom Vek \u00e0 la Fl\u00e8che d&rsquo;Or de Paris.<\/p>\n<p style=\"text-align: right;\">Il y a dix ans, je n&rsquo;allais rien voir non plus parce qu&rsquo;il y avait bar et qu&rsquo;on ne peut pas \u00eatre au mour et au foulin.<\/p>\n<p style=\"text-align: left;\">Il y a neuf ans, j&rsquo;allais voir la 3<sup>e<\/sup> journ\u00e9e du T\u00e9l\u00e9chargement Festival au chevalodrome de Longchamp de Paris pour voir des m\u00e9talleux, boire des bi\u00e8res et manger des Monster Munch<sup>\u00ae<\/sup> gratuits.<\/p>\n<p style=\"text-align: right;\">Il y a huit ans, je n&rsquo;allais rien voir du tout car je revenais fort justement du T\u00e9l\u00e9chargement Festival qui avait eu lieu sur l&rsquo;avionodrome de Br\u00e9tigny-sur-Orge, un patelin situ\u00e9 loin loin l\u00e0-bas en banlieue, o\u00f9 j&rsquo;avais pu voir des m\u00e9talleux, boire des bi\u00e8res et ne pas manger de Monster Munch<sup>\u00ae<\/sup> gratuits, comme quoi tout se perdait.<\/p>\n<p style=\"text-align: left;\">Il y a sept ans, je n&rsquo;allais rien voir du tout non plus car le T\u00e9l\u00e9chargement Festival tombait cette ann\u00e9e-l\u00e0 le 15 juin, et non le 8 comme je l&rsquo;avait cru toute l&rsquo;ann\u00e9e durant.<\/p>\n<p style=\"text-align: right;\">Il y a six ans, je n&rsquo;allai rien voir non plus car j&rsquo;avais \u00e0 nouveau bar, comme quoi l&rsquo;histoire se r\u00e9p\u00e8te inlassablement.<\/p>\n<p style=\"text-align: left;\">Il y a cinq ans, je n&rsquo;avais pas mis les pieds dans une salle de concert depuis 3 mois pour d&rsquo;\u00e9videntes raison d&rsquo;\u00e9pid\u00e9mie de grippe-zombie et je me demandais si \u00e7a m&rsquo;arriverait \u00e0 nouveau un jour, le regarde embu\u00e9 de larmes.<\/p>\n<p style=\"text-align: right;\">Il y a quatre ans, je n&rsquo;avais pour ainsi dire toujours pas fait de concert depuis un an et quatre mois, ce qui \u00e9tait quand m\u00eame incroyable cette histoire dites donc. Nous all\u00e2mes picoler en terrasse pour oublier \u00e7a.<\/p>\n<p style=\"text-align: left;\">Il y a trois ans, je n&rsquo;allais pas en concert non plus, parce que tout \u00e7a red\u00e9marrait bien lentement.<\/p>\n<p style=\"text-align: right;\">Il y a deux ans, je n&rsquo;allais toujours rien voir non plus, car on dirait bien que les temps changaient.<\/p>\n<p style=\"text-align: left;\">Il y a un an, toujours rien, ce qui montrait bien que les temps changent.<\/p>\n<p style=\"text-align: right;\"><em>Aujourd&rsquo;hui, je n&rsquo;ai pas vu de concert depuis plus de 3 mois, ce qui en dit encore une fois bien long sur l&rsquo;\u00e9volution de la vie.<\/em><\/p>\n<p>&nbsp;<\/p>\n<p>&nbsp;<\/p>\n<p>&nbsp;<\/p>\n\n\n\n<p style=\"text-align: left;\">Il y a vingt-et-un ans, je m&rsquo;\u00e9veillais le matin au doux son de <em>Bonjour Le Monde\u00a0!<\/em>, sur CBEF Windsor, avec Charles L\u00e9vesque et Maryse Tourette, dans ma voiture lanc\u00e9e \u00e0 vive lenteur sur Orchard Lake Road.<\/p>\n<p style=\"text-align: right;\">Il y a vingt ans, je m&rsquo;\u00e9veillais au doux son de Marylin Manson, dans mon RER D lanc\u00e9 \u00e0 vive lenteur sur RER D Trail.<\/p>\n<p style=\"text-align: left;\">Il y a dix-neuf ans, je m&rsquo;\u00e9veillais au doux son de Wayne Coyne introduisant son acoustique de <em>Thank You Jack White (For the Fiber-Optic Jesus That You Gave Me)<\/em><sup>2<\/sup> par \u00ab\u00a0Always read the instructions before plugging in a gift from Jack White.\u00a0\u00bb<\/p>\n<p style=\"text-align: right;\">Il y a dix-huit ans, je m&rsquo;\u00e9veillais doucement au doux son de <em>Que de la radio<\/em> sur <a href=\"http:\/\/www.couleur3.ch\">la 3<\/a>, en b\u00e9nissant une fois de plus le ciel pour avoir invent\u00e9 la Suisse.<\/p>\n<p style=\"text-align: left;\">Il y a dix-sept ans, je m&rsquo;\u00e9veillais doucement au doux son de la douce voix d&rsquo;\u00c9milie Gasc-Milesi visitant le mus\u00e9e d&rsquo;ethnographie de J&rsquo;n\u00e8ve, avant d&rsquo;envoyer Beck chanter <em>Cellphone&rsquo;s Dead<\/em>, un titre pas entendu depuis pfioulala-\u00e7a-nous-rajeunissait-pas, toujours dans <em>Que de la radio<\/em> et toujours sur la <a href=\"http:\/\/www.couleur3.ch\">3<\/a>, c&rsquo;\u00e9tait dingue.<\/p>\n<p style=\"text-align: right;\">Il y a seize ans, je ne m&rsquo;\u00e9veillais plus car il \u00e9tait tard, mais au son de toujours-la-m\u00eame-<a href=\"http:\/\/www.couleur3.ch\">3<\/a> qui passait une version jazzy \u00e0 la guitare de <em>Pump Up the Jam<\/em>, reprise par The Lost Fingers, qui sonnait super bizarre, je me demandai subitement si je m&rsquo;\u00e9tais vraiment \u00e9veill\u00e9 ce matin.<\/p>\n<p style=\"text-align: left;\">Il y a quinze ans, je m&rsquo;\u00e9veillais au doux son de la rediff&rsquo; de la <a href=\"http:\/\/www.rsr.ch\/#\/couleur3\/programmes\/2-0-en-cabine\/?date=11-06-2010\">premi\u00e8re de <em>2-0 en cabine<\/em><\/a>, la principale attraction de la coupe du monde de foute qu&rsquo;<a href=\"http:\/\/www.facebook.com\/cabineC3\">on \u00e9tait tous fans<\/a> et que je n&rsquo;avais pas pu \u00e9couter la veille pour cause de Muse. Ignacio Chollet, \u00e9pouse-moi.<\/p>\n<p style=\"text-align: right;\">Il y a quatorze ans, je m&rsquo;\u00e9veillais au doux son d&rsquo;<em><a href=\"http:\/\/www.rsr.ch\/#\/couleur3\/programmes\/au-milieu-du-village-dominical\/?date=12-06-2011\">Au milieu du village, promenade dominicale<\/a><\/em>, la compilation hebdomadaire du monument de bon go\u00fbt et de sociologie qu&rsquo;\u00e9tait <em><a href=\"http:\/\/www.rsr.ch\/#\/couleur3\/programmes\/au-milieu-du-village\/2276086-au-milieu-du-village.html\">Au milieu du village<\/a><\/em>, ce qui montrait bien que je change rarement de cr\u00e8merie radiophonique.<\/p>\n<p style=\"text-align: left;\">Il y a treize ans, je m&rsquo;\u00e9veillais au doux son de <em>Plata O Plomo<\/em> de Soulfly dans <em>Que de la radio<\/em>, sur la <a href=\"http:\/\/www.couleur3.ch\">3<\/a> et ce pour la derni\u00e8re ann\u00e9e, vu que le Dujany se cassait \u00e0 la fin de la saison pour aller voir ailleurs s&rsquo;il y \u00e9tait, mais seulement apr\u00e8s qu&rsquo;il eut finit d&rsquo;imiter Max Cavalera dans le poste.<\/p>\n<p style=\"text-align: right;\">Il y a douze ans, je m&rsquo;\u00e9veillais <a href=\"http:\/\/www.rts.ch\/couleur3\/programmes\/audioguide\/4940742-famous-nightclubs-3-4.html\">au doux son du <em>Ghost Rider<\/em> de Suicide qui closait l&rsquo;\u00e9pisode sur le CBGB de la semaine sp\u00e9ciale <em>Famous Nightclubs<\/em> d&rsquo;<em>Audioguide<\/em> dans <em>le Bronx<\/em> sur devine-un-peu-quelle-radio.<\/a><\/p>\n<p style=\"text-align: left;\">Il y a onze ans, je m&rsquo;\u00e9veillais au doux son d&rsquo;<a href=\"http:\/\/www.rts.ch\/couleur3\/programmes\/tartare\/5888110-tartare-12-06-2014.html?f=player\/popup&amp;date=12-06-2014\">Anselme, l&rsquo;invit\u00e9 tr\u00e8s tr\u00e8s na\u00eff qui ressemblait \u00e0 une pizza dig\u00e9r\u00e9e parce qu&rsquo;il mettait des tonnes d&rsquo;Axe<sup>\u00ae<\/sup> pour attirer les filles et qui mourrait b\u00eatement en sautant par la fen\u00eatre parce qu&rsquo;il venait de boire un Redbull<sup>\u00ae<\/sup> de <em>Tartare<\/em><\/a>, la chronique d\u00e9bile de dans <em>One-Two<\/em> l&rsquo;\u00e9mission du matin sur \u00e9videmment-toujours-la-m\u00eame-radio, une \u00e9mission dr\u00f4le qui s&rsquo;arr\u00eatait le lendemain parce que la grille d&rsquo;\u00e9t\u00e9 commen\u00e7ait d\u00e8s le lundi et pas au moment des Eurock\u00e9ennes comme chaque ann\u00e9e, ce qui me perturbait beaucoup cette phrase est tr\u00e8s longue.<\/p>\n<p style=\"text-align: right;\">Il y a dix ans, je m&rsquo;\u00e9veillais au doux son de la spiquerine de <a href=\"http:\/\/www.rts.ch\/couleur3\/programmes\/one-two\/6821250-one-two-12-06-2015.html?f=player\/popup&amp;date=12-06-2015\"><em>One-Two<\/em> (son \u00e0 1\u00a0h 20\u00a0min 22\u00a0s dans le fichier)<\/a> sur c&rsquo;est-m\u00eame-plus-la-peine-de-dire-quelle-radio, qui \u00e9tait en train de danser la <em>Carioca<\/em> avec un Doquin de Saint-Preux qui chantait tr\u00e8s, mais alors tr\u00e8s tr\u00e8s mal.<\/p>\n<p style=\"text-align: left;\">Il y a neuf ans, je m&rsquo;\u00e9veillais au doux sons des <em><a href=\"http:\/\/www.rtbf.be\/classic21\/emissions_les-classiques?programId=732&amp;emissionId=83d34530bf3158ba0ea252d0d9701215&amp;date=20160612&amp;period=9\">Classiques<\/a><\/em> de Marc Ysa\u00ffe sur <a href=\"http:\/\/www.rtbf.be\/classic21\/\">Classic 21<\/a> \u2013\u00a0car, par tradition familiale mill\u00e9naire, le dimanche matin, on \u00e9coute les <em>Classiques<\/em> de Marc Ysa\u00ffe\u00a0\u2013 qui nous d\u00e9crassait l&rsquo;\u00e9metteur avec <em>Modern Times Rock &lsquo;n&rsquo; Roll<\/em> de Queen, sur le premier album, que je n&rsquo;avais jamais entendu, comme quoi il n&rsquo;est jamais trop tard pour apprendre.<\/p>\n<p style=\"text-align: right;\">Il y a huit ans, je m&rsquo;\u00e9veillais au doux son de la bonne parole de <a href=\"https:\/\/www.rts.ch\/play\/radio\/365-pensees-philosophiques\/audio\/365-pensees-philosophiques?id=8649976\">Jean-Gabriel Cu\u00e9nod expliquant \u00e0 ses ouailles qu&rsquo;il faut br\u00fbler les saltimbanques<\/a>, et ce dans le <em>One-Two<\/em> du matin, toujours sur la m\u00eame radio.<\/p>\n<p style=\"text-align: left;\">Il y a sept ans, je m&rsquo;\u00e9veillais au doux son de la voix du <a href=\"https:\/\/www.rts.ch\/play\/radio\/bille-en-tete\/audio\/annecy-circulaire-25?id=9604987\">Dujany visitant un traiteur ann\u00e9cien avec le Ligron qui nous expliquait comment reconna\u00eetre un bon saucisson<\/a>, et ce sur pour-une-fois-pas-la-m\u00eame-radio car <em>Bille en t\u00eate<\/em>, \u00e7a passait sur la Premi\u00e8re.<\/p>\n<p style=\"text-align: right;\">Il y a six ans, je m&rsquo;\u00e9veillais au doux son d&rsquo;<em><a href=\"https:\/\/www.rts.ch\/play\/radio\/emission\/rvd2?id=8848989\">RVD2<\/a><\/em>, la s\u00e9rie idiote de la 3, qui voyait <a href=\"https:\/\/www.rts.ch\/play\/radio\/rvd2\/audio\/rvd2?id=10484355\">ce matin-l\u00e0<\/a> nos h\u00e9ros continuer leur qu\u00eate himalayenne vers le monast\u00e8re dans lequel s&rsquo;\u00e9tait retir\u00e9e Sophie Favier, la seule personne en mesure de sauver le monde d&rsquo;une invasion extra-terrestre. La routine, quoi.<\/p>\n<p style=\"text-align: left;\">Il y a cinq ans, je m&rsquo;\u00e9veillais au doux son de l&rsquo;\u00e9pisode 37\/50 de la s\u00e9rie sp\u00e9ciale histoire de la gastronomie de <em>Bille en t\u00eate<\/em>, qui marqua la fin de cette \u00e9mission qui ma foi aimait bien parler de saucisses.<\/p>\n<p style=\"text-align: right;\">Il y a quatre ans, je m&rsquo;\u00e9veillais au doux son des commentaires de l&rsquo;\u00e9quipe de <a href=\"https:\/\/www.rts.ch\/couleur3\/12257852-footaises-euro-2021.html\">Footaises<\/a> qui commentaient le Suisse \u2013 Pays de Galles de l&rsquo;Euro 2020+1<em>.<\/em><\/p>\n<p style=\"text-align: left;\">Il y a trois ans, je m&rsquo;\u00e9veillais au doux son des <a href=\"https:\/\/www.rtbf.be\/auvio\/emissions\/detail_les-classiques?id=732\">Classiques de Marc Ysa\u00ffe<\/a>, car les ann\u00e9es passaient mais la tradition restait, et je r\u00e9\u00e9coutais encore une fois cette incroyable version de <em>Kashmir<\/em> par Page et Plant en 1995, ce qui ne nous rajeunissait pas non plus.<\/p>\n<p style=\"text-align: right;\">Il y a deux ans, j&rsquo;essayais de rester \u00e9veill\u00e9 au doux son des Bras Cass\u00e9s du soir \u00e0 l&rsquo;issue d&rsquo;une harassante journ\u00e9e de labeur num\u00e9rique.<\/p>\n<p style=\"text-align: left;\">Il y a un an, je go\u00fbtais au doux son de la <a href=\"https:\/\/www.radiofrance.fr\/franceculture\/podcasts\/lsd-la-serie-documentaire\/ou-mettre-les-juifs-9910308\">S\u00e9rie Documentaire sur la mise en \u0153uvre de la Shoah<\/a>, ce qui n&rsquo;avait rien de r\u00e9jouissant, comme programme.<\/p>\n<p style=\"text-align: right;\"><em>Aujourd&rsquo;hui, je m&rsquo;\u00e9veille le matin au doux son des <a href=\"https:\/\/www.rts.ch\/audio-podcast\/2025\/audio\/les-bras-casses-28910436.html\">Bras Cass\u00e9s de mardi soir<\/a>, dans ma ligne 13 lanc\u00e9e \u00e0 vive lenteur dans son tunnel obscur.<\/em><\/p>\n<p>&nbsp;<\/p>\n<p>&nbsp;<\/p>\n<p>&nbsp;<\/p>\n\n<p style=\"text-align: left;\">Il y a vingt-et-un ans, il faisait beau.<\/p>\n<p style=\"text-align: right;\">Il y a vingt ans, il faisait beau aussi.<\/p>\n<p style=\"text-align: left;\">Il y a dix-neuf ans il faisait beau et surtout chaud, j&rsquo;\u00e9tais d\u00e9j\u00e0 liqu\u00e9fi\u00e9 alors qu&rsquo;il n&rsquo;\u00e9tait que 10&nbsp;h et \u00e7a, \u00e7a su\u00e7ait grave.<\/p>\n<p style=\"text-align: right;\">Il y a dix-huit ans il faisait gris, ce qui su\u00e7ait un peu moins.<\/p>\n<p style=\"text-align: left;\">Il y a dix-sept ans il faisait gris aussi, ce qui me faisait r\u00e9aliser que mon histoire se r\u00e9p\u00e9tait un peu trop, ces temps-l\u00e0.<\/p>\n<p style=\"text-align: right;\">Il y a seize ans, il faisait carr\u00e9ment moche. \u00c7a devenait une tradition.<\/p>\n<p style=\"text-align: left;\">Il y a quinze ans, il faisait moche aussi. Je croyais qu&rsquo;on m&rsquo;en voulait personnellement.<\/p>\n<p style=\"text-align: right;\">Il y a quatorze ans, GLORIA ALLELU\u00cfA il faisait enfin beau, dis donc.<\/p>\n<p style=\"text-align: left;\">Il y a treize ans, il refaisait remoche. \u00a1Caramba! Encore rat\u00e9.<\/p>\n<p style=\"text-align: right;\">Il y a douze ans, il continuait \u00e0 faire moche. C&rsquo;\u00e9tait d\u00e9sesp\u00e9rant.<\/p>\n<p style=\"text-align: left;\">Il y a onze ans, il faisait beau et chaud. Ou chaud et beau. Je ne savais pas trop.<\/p>\n<p style=\"text-align: right;\">Il y a dix ans, il fait tr\u00e8s beau et tr\u00e8s tr\u00e8s chaud et je pensais fondre avant ce soir-l\u00e0 (ce qui n&rsquo;arriva heureusement point).<\/p>\n<p style=\"text-align: left;\">Il y a neuf ans, il ne faisait ni vraiment beau, ni vraiment chaud, ou peut-\u00eatre le contraire.<\/p>\n<p style=\"text-align: right;\">Il y a huit ans, il faisait cheau et baud.<\/p>\n<p style=\"text-align: left;\">Il y a sept ans, il fait vraiment, vraiment tr\u00e8s moche.<\/p>\n<p style=\"text-align: right;\">Il y a six ans, il faisait tr\u00e8s moche aussi<em>.<\/em><\/p>\n<p style=\"text-align: left;\">Il y a cinq ans, il faisait vraiment, vraiment, vraiment tr\u00e8s moche.<\/p>\n<p style=\"text-align: right;\">Il y a quatre ans, il faisait vraiment beau et vraiment chaud.<\/p>\n<p style=\"text-align: left;\">Il y a trois ans, il faisait vraiment beau et vraiment chaud.<\/p>\n<p style=\"text-align: right;\">Il y a deux ans, il faisait beau.<\/p>\n<p style=\"text-align: left;\">Il y a un an, il faisait froid et moche et je ne transpirais pas. Meilleur \u00e9t\u00e9 de ma vie.<\/em><\/p>\n<p style=\"text-align: right;\"><em>Aujourd&rsquo;hui, il va faire tr\u00e8s tr\u00e8s chaud et j&rsquo;ai peur de devoir m&rsquo;auto-peler avec un \u00e9conome \u00e9mouss\u00e9.<\/em><\/p>\n<p>&nbsp;<\/p>\n<p>&nbsp;<\/p>\n<p>&nbsp;<\/p>\n\n<p style=\"text-align: left;\">Il y a vingt-et-un ans, nous \u00e9tions le 12 juin.<\/p>\n<p style=\"text-align: right;\">Il y a vingt ans, nous \u00e9tions le 12 et un jour, ce qui signifiait que j&rsquo;\u00e9tais en retard.<\/p>\n<p style=\"text-align: left;\">Il y a dix-neuf ans, nous \u00e9tions le 12 juin, ce qui voulait dire que je sais retenir les le\u00e7ons du pass\u00e9.<\/p>\n<p style=\"text-align: right;\">Il y a dix-huit ans, nous \u00e9tions encore le 12 juin, et je n&rsquo;avais r\u00e9alis\u00e9 que 5 minutes auparavant que le 12 juin, c&rsquo;\u00e9tait aujourd&rsquo;hui.<\/p>\n<p style=\"text-align: left;\">Il y a dix-sept ans nous \u00e9tions, c&rsquo;est fou \u00e7a, le 12 juin.<\/p>\n<p style=\"text-align: right;\">Il y a seize ans nous \u00e9tions, gr\u00e2ce \u00e0 l&rsquo;implacable r\u00e9gularit\u00e9 cyclique super-pr\u00e9visible du calendrier gr\u00e9gorien, deviniez quoi\u00a0? Le 12 juin.<\/p>\n<p style=\"text-align: left;\">Il y a quinze ans, nous \u00e9tions justement un Il y a quinze ans qui tombait un 12 juin. Mais pas le m\u00eame que les autres.<\/p>\n<p style=\"text-align: right;\">Il y a quatorze ans, nous \u00e9tions la veille du 13 juin et donc le 12. C&rsquo;\u00e9tait \u00e9patant.<\/p>\n<p style=\"text-align: left;\">Il y a treize ans, nous \u00e9tions encore le 12 juin, croyais-je.<\/p>\n<p style=\"text-align: right;\">Il y a douze ans, il me semblait, si je me souvenais bien, que, voyiez-vous, nous \u00e9tions le 12 juin.<\/p>\n<p style=\"text-align: left;\">Il y a onze ans, nous \u00e9tions encore et toujours le 12 juin.<\/p>\n<p style=\"text-align: right;\">Il y a dix ans, et ce gr\u00e2ce \u2014\u00a0ou \u00e0 cause, tout d\u00e9pend du point de vue duquel on se place\u00a0\u2014, Il y a dix ans, donc, selon \u2014\u00a0ne nous mouillons point\u00a0\u2014 la marche immuable de l&rsquo;univers vers le bonheur universel et le progr\u00e8s mondial, nous \u00e9tions, si j&rsquo;avais bien compris, le 12 juin.<\/p>\n<p style=\"text-align: left;\">Il y a neuf ans, nous \u00e9tions, une fois encore, le 12 juin.<\/p>\n<p style=\"text-align: right;\">Il y a huit ans nous \u00e9tions \u2013\u00a0\u00e7a m&rsquo;\u00e9patera toujours \u2013\u00a0teniez-vous bien\u00a0: le 12 juin.<\/p>\n<p style=\"text-align: left;\">Il y a sept ans nous \u00e9tions \u2013\u00a0je regardai mon calendrier des Postes\u00a0\u2013 fichtre alors\u00a0! Le 12 juin.<\/p>\n<p style=\"text-align: right;\">Il y a six ans nous \u00e9tions, je pensais que vous l&rsquo;aviez devin\u00e9, le 12 juin.<\/p>\n<p style=\"text-align: left;\">Il y a cinq ans nous \u00e9tions, une fois de plus (appr\u00e9cions la chance que nous avons), le 12 juin.<\/p>\n<p style=\"text-align: right;\">Il y a quatre ans nous \u00e9tions, et \u00e7a je venais de m&rsquo;en apercevoir il y avait 10 minutes de cela&#8230; le 12 juin.<\/p>\n<p style=\"text-align: left;\">Il y a trois ans nous \u00e9tions, tralala, le 12 juin&#8230; enfin \u00e7a c&rsquo;est ce qu&rsquo;ILS veulaient nous faire croire.<\/p>\n<p style=\"text-align: right;\">Il y a deux ans, je venais de constater \u00e0 l&rsquo;arrache que nous \u00e9tions une fois de plus le 12 juin et je tapais ce texte vite vite pour ne pas rater l&rsquo;express de 18&nbsp;h qui devait me ramener vers la civilisation.<\/p>\n<p style=\"text-align: left;\">Il y a un an, nous \u00e9tions le vingti\u00e8me 12 juin de cette s\u00e9rie.<\/p>\n<p style=\"text-align: right;\"><em>Aujourd&rsquo;hui, nous sommes le 12 juin et j&rsquo;ai encore failli louper le coche.<\/em><\/p>\n<p>&nbsp;<\/p>\n<p>&nbsp;<\/p>\n<p>&nbsp;<\/p>\n\n<p style=\"text-align: right;\">Bon bah \u00e7a en fait 21. Ce journal peut maintenant boire de l&rsquo;alcool dans les m\u00eame d\u00e9bits de boissons \u00e9tatusiens dans lesquels il est n\u00e9. La boucle est boucl\u00e9e, et je compte bien la continuer car plus le temps passe et plus je me dis qu&rsquo;il est plus s\u00fbr de compter sur sa plateforme de publication \u00e0 soi plut\u00f4t que sur des r\u00e9seauces qui vont et viennent et d\u00e9cident \u00e0 ta place si ton boulot m\u00e9rite d&rsquo;\u00eatre montr\u00e9 ou pas (ce qui dans l&rsquo;absolu n&rsquo;est pas forc\u00e9ment une mauvaise chose mais fl\u00fbte elle \u00e9tait belle ma photo de caquelon du 16 mai 2011 elle m\u00e9ritait plus de liques que \u00e7a.)<\/p>\n<p style=\"text-align: left;\"><em>We lived through another day,\nIt&rsquo;s a good excuse to celebrate.<\/em><\/p>\n<p style=\"text-align: left;\">Mais \u00e0 part \u00e7a, rien.<\/p>\n<p style=\"text-align: left;\">\u00c0 l&rsquo;ann\u00e9e prochaine, peut-\u00eatre. \u00c0 demain, s\u00fbrement.<\/p>\n_____\n<div id=\"bas_note\">\n\n<sup>1<\/sup> Et 2 ann\u00e9es plus tard, je me d\u00e9cidai enfin \u00e0 vous expliquer <a href=\"https:\/\/www.wallendorff.com\/belogue\/photo\/2010\/06\/20100612-01.jpg\">pourquoi<\/a>.\n\n<sup>2<\/sup> Que je conseille au passage toujours toujours toujours autant pour les commentaires qu&rsquo;il fait tout au long du morceau. Il est chez le bel\u00f6gue mort de <a href=\"http:\/\/vox.skynetblogs.be\">Vox<\/a>.\n\n<\/div>\t\t\t\t\t\t\t\t<\/div>\n\t\t\t\t<\/div>\n\t\t\t\t\t<\/div>\n\t\t<\/div>\n\t\t\t\t\t<\/div>\n\t\t<\/section>\n\t\t\t\t<\/div>\n\t\t","protected":false},"excerpt":{"rendered":"<p>Tour Montparnasse, Paris, 18 avril 2024. Merci \u00e0 Lala mais pas \u00e0 Leffe\u00ae ni Twinuts\u00ae car j&rsquo;ai sottement oubli\u00e9 de faire les commissions. Et \u00e0 part \u00e7a&#8230; Il y a vingt-et-un ans, les Pistons de D\u00e9troit \u00e9taient en finale NBA. Il y a vingt ans, les Pistons de D\u00e9troit \u00e9taient encore en finale NBA. Il&hellip;<\/p>\n","protected":false},"author":1,"featured_media":132432,"comment_status":"open","ping_status":"open","sticky":false,"template":"","format":"standard","meta":{"_acf_changed":false,"ngg_post_thumbnail":0,"jetpack_post_was_ever_published":false,"_jetpack_newsletter_access":"","_jetpack_dont_email_post_to_subs":false,"_jetpack_newsletter_tier_id":0,"_jetpack_memberships_contains_paywalled_content":false,"_jetpack_memberships_contains_paid_content":false,"footnotes":"","jetpack_publicize_message":"","jetpack_publicize_feature_enabled":true,"jetpack_social_post_already_shared":true,"jetpack_social_options":{"image_generator_settings":{"template":"highway","default_image_id":0,"enabled":false},"version":2}},"categories":[3],"tags":[10243,708,8016,20274,15129,10487,10743,931,11022,10238,10120,17279,19009,10538,10257,20275,10121,10646,2745,10142,18152,10098,18621,10514,15794,19267,10851,10236,1357,4488,18947],"class_list":["post-132422","post","type-post","status-publish","format-standard","has-post-thumbnail","hentry","category-dpc","tag-10243","tag-arc-de-triomphe","tag-arc-de-triomphe-de-letoile","tag-avenue-du-maine","tag-basilique","tag-basilique-du-sacre-coeur","tag-cathedrale","tag-cathedrale-notre-dame-de-paris","tag-coucher-de-soleil","tag-eglise","tag-france","tag-fujifilm-x-e4","tag-fujinon-xf-70-300-mm-f-4-5-6-r-lm-ois-wr","tag-gratte-ciel","tag-hotel","tag-hotel-hyatt-regency-paris-etoile","tag-ile-de-france","tag-immeuble","tag-la-defense","tag-montmartre","tag-monument-historique","tag-paris","tag-patrimoine","tag-paysage","tag-restauration","tag-sigma-10-18-mm-f-2-8-dc-dn-contemporary","tag-tour","tag-tour-eiffel","tag-tour-montparnasse","tag-travaux","tag-urbanisme"],"acf":[],"geo":{"latitude":48.8423653,"longitude":2.3215215,"description":"33 Avenue du Maine, 75015 Paris, France"},"jetpack_publicize_connections":[],"jetpack_featured_media_url":"https:\/\/www.wallendorff.com\/belogue\/wp-content\/uploads\/2025\/06\/20250612-08.jpg","jetpack_shortlink":"https:\/\/wp.me\/p3b35P-yrQ","jetpack_sharing_enabled":true,"jetpack-related-posts":[{"id":130396,"url":"https:\/\/www.wallendorff.com\/belogue\/2024\/08\/22\/les-toits-moussent-que-terre\/","url_meta":{"origin":132422,"position":0},"title":"Les toits moussent que terre.","author":"dpc","date":"22 ao\u00fbt 2024","format":false,"excerpt":"Tour Montparnasse, Paris, 18 avril 2024. Merci \u00e0 Lala, Leffe\u00ae et Twinuts\u00ae.","rel":"","context":"Dans &quot;DPC&quot;","block_context":{"text":"DPC","link":"https:\/\/www.wallendorff.com\/belogue\/category\/dpc\/"},"img":{"alt_text":"","src":"https:\/\/i0.wp.com\/www.wallendorff.com\/belogue\/wp-content\/uploads\/2024\/08\/20240822-07.jpg?resize=350%2C200&ssl=1","width":350,"height":200,"srcset":"https:\/\/i0.wp.com\/www.wallendorff.com\/belogue\/wp-content\/uploads\/2024\/08\/20240822-07.jpg?resize=350%2C200&ssl=1 1x, https:\/\/i0.wp.com\/www.wallendorff.com\/belogue\/wp-content\/uploads\/2024\/08\/20240822-07.jpg?resize=525%2C300&ssl=1 1.5x, https:\/\/i0.wp.com\/www.wallendorff.com\/belogue\/wp-content\/uploads\/2024\/08\/20240822-07.jpg?resize=700%2C400&ssl=1 2x, https:\/\/i0.wp.com\/www.wallendorff.com\/belogue\/wp-content\/uploads\/2024\/08\/20240822-07.jpg?resize=1050%2C600&ssl=1 3x"},"classes":[]},{"id":127545,"url":"https:\/\/www.wallendorff.com\/belogue\/2024\/02\/29\/fevrier-2024\/","url_meta":{"origin":132422,"position":1},"title":"F\u00e9vrier 2024.","author":"dpc","date":"29 f\u00e9vrier 2024","format":false,"excerpt":"Un gros piquet, des lumi\u00e8res, un si\u00e8ge, un man\u00e8ge, un m\u00e9tro, des chaises, un spectacle, un bisou, une expo, un gros dino, un v\u00e9lo, un reflet, un m\u00e9tro, un logo, une vitrine, une flaque, une cour, un pont, une grue, un chat pr\u00e9nomm\u00e9 Albert, un serpent tout vert, une marche,\u2026","rel":"","context":"Dans &quot;Blog-note&quot;","block_context":{"text":"Blog-note","link":"https:\/\/www.wallendorff.com\/belogue\/category\/blog-note\/"},"img":{"alt_text":"","src":"https:\/\/i0.wp.com\/www.wallendorff.com\/belogue\/wp-content\/uploads\/2024\/03\/20240321-50.jpg?resize=350%2C200&ssl=1","width":350,"height":200,"srcset":"https:\/\/i0.wp.com\/www.wallendorff.com\/belogue\/wp-content\/uploads\/2024\/03\/20240321-50.jpg?resize=350%2C200&ssl=1 1x, https:\/\/i0.wp.com\/www.wallendorff.com\/belogue\/wp-content\/uploads\/2024\/03\/20240321-50.jpg?resize=525%2C300&ssl=1 1.5x, https:\/\/i0.wp.com\/www.wallendorff.com\/belogue\/wp-content\/uploads\/2024\/03\/20240321-50.jpg?resize=700%2C400&ssl=1 2x, https:\/\/i0.wp.com\/www.wallendorff.com\/belogue\/wp-content\/uploads\/2024\/03\/20240321-50.jpg?resize=1050%2C600&ssl=1 3x"},"classes":[]},{"id":43739,"url":"https:\/\/www.wallendorff.com\/belogue\/2019\/08\/31\/aout-2019\/","url_meta":{"origin":132422,"position":2},"title":"Ao\u00fbt 2019.","author":"dpc","date":"31 ao\u00fbt 2019","format":false,"excerpt":"Une colonie de chats, un chien, un vide-grenier, un barbecue, une autoroute, un ap\u00e9ro, un arc de triomphe, un bateau, une tour, un bateau, un boulevard, un h\u00f4pital, une affichette, un escalier, un reflet, un ap\u00e9ro, un chat pr\u00e9nomm\u00e9 Mouch\u00e0m', une vache, des sangliers, un parc, un daim, des vautours,\u2026","rel":"","context":"Dans &quot;Blog-note&quot;","block_context":{"text":"Blog-note","link":"https:\/\/www.wallendorff.com\/belogue\/category\/blog-note\/"},"img":{"alt_text":"","src":"https:\/\/i0.wp.com\/www.wallendorff.com\/belogue\/wp-content\/uploads\/2019\/09\/20190927-07.jpg?resize=350%2C200&ssl=1","width":350,"height":200,"srcset":"https:\/\/i0.wp.com\/www.wallendorff.com\/belogue\/wp-content\/uploads\/2019\/09\/20190927-07.jpg?resize=350%2C200&ssl=1 1x, https:\/\/i0.wp.com\/www.wallendorff.com\/belogue\/wp-content\/uploads\/2019\/09\/20190927-07.jpg?resize=525%2C300&ssl=1 1.5x, https:\/\/i0.wp.com\/www.wallendorff.com\/belogue\/wp-content\/uploads\/2019\/09\/20190927-07.jpg?resize=700%2C400&ssl=1 2x, https:\/\/i0.wp.com\/www.wallendorff.com\/belogue\/wp-content\/uploads\/2019\/09\/20190927-07.jpg?resize=1050%2C600&ssl=1 3x"},"classes":[]},{"id":129867,"url":"https:\/\/www.wallendorff.com\/belogue\/2024\/08\/06\/bulle-tint-mais-tres-haut\/","url_meta":{"origin":132422,"position":3},"title":"Bulle tint [mais tr\u00e8s haut].","author":"dpc","date":"6 ao\u00fbt 2024","format":false,"excerpt":"Elle a de la gueule, cette vasque, et elle fait presque l'unanimit\u00e9. Sur place je n'ai vu que des gens heureux d'\u00eatre l\u00e0, sans aucune manifestation d\u00e9sapprobatoire des anti-vasques.[Pardon.]","rel":"","context":"Dans &quot;DPC&quot;","block_context":{"text":"DPC","link":"https:\/\/www.wallendorff.com\/belogue\/category\/dpc\/"},"img":{"alt_text":"","src":"https:\/\/i0.wp.com\/www.wallendorff.com\/belogue\/wp-content\/uploads\/2024\/08\/20240806-17.jpg?resize=350%2C200&ssl=1","width":350,"height":200,"srcset":"https:\/\/i0.wp.com\/www.wallendorff.com\/belogue\/wp-content\/uploads\/2024\/08\/20240806-17.jpg?resize=350%2C200&ssl=1 1x, https:\/\/i0.wp.com\/www.wallendorff.com\/belogue\/wp-content\/uploads\/2024\/08\/20240806-17.jpg?resize=525%2C300&ssl=1 1.5x, https:\/\/i0.wp.com\/www.wallendorff.com\/belogue\/wp-content\/uploads\/2024\/08\/20240806-17.jpg?resize=700%2C400&ssl=1 2x, https:\/\/i0.wp.com\/www.wallendorff.com\/belogue\/wp-content\/uploads\/2024\/08\/20240806-17.jpg?resize=1050%2C600&ssl=1 3x"},"classes":[]},{"id":128077,"url":"https:\/\/www.wallendorff.com\/belogue\/2024\/04\/30\/avril-2024\/","url_meta":{"origin":132422,"position":4},"title":"Avril 2024.","author":"dpc","date":"30 avril 2024","format":false,"excerpt":"Une \u00e9glise, un train, une fondue, une fen\u00eatre, une plage, un blockhaus, un ap\u00e9ro, un train, une plage, une terrasse, une maison, une jet\u00e9e, un phare, une c\u00f4te, un rocher, une tour, un r\u00e9cif, une urne, une halle, des toits, une grille, une vitrine en cours, une gare, un train,\u2026","rel":"","context":"Dans &quot;Blog-note&quot;","block_context":{"text":"Blog-note","link":"https:\/\/www.wallendorff.com\/belogue\/category\/blog-note\/"},"img":{"alt_text":"","src":"https:\/\/i0.wp.com\/www.wallendorff.com\/belogue\/wp-content\/uploads\/2024\/05\/20240523-70.jpg?resize=350%2C200&ssl=1","width":350,"height":200,"srcset":"https:\/\/i0.wp.com\/www.wallendorff.com\/belogue\/wp-content\/uploads\/2024\/05\/20240523-70.jpg?resize=350%2C200&ssl=1 1x, https:\/\/i0.wp.com\/www.wallendorff.com\/belogue\/wp-content\/uploads\/2024\/05\/20240523-70.jpg?resize=525%2C300&ssl=1 1.5x, https:\/\/i0.wp.com\/www.wallendorff.com\/belogue\/wp-content\/uploads\/2024\/05\/20240523-70.jpg?resize=700%2C400&ssl=1 2x, https:\/\/i0.wp.com\/www.wallendorff.com\/belogue\/wp-content\/uploads\/2024\/05\/20240523-70.jpg?resize=1050%2C600&ssl=1 3x"},"classes":[]},{"id":129919,"url":"https:\/\/www.wallendorff.com\/belogue\/2024\/07\/31\/juillet-2024\/","url_meta":{"origin":132422,"position":5},"title":"Juillet 2024.","author":"dpc","date":"31 juillet 2024","format":false,"excerpt":"Un graffiti, un festival, un match de fote, un orage, un train, un scrabble, un village, un train, un coucher de soleil, une limousine, un match de fote, un chantier, des barri\u00e8res, des chim\u00e8res, un match de fote, une tribune, une cath\u00e9drale, un escalier, un miroir, une flaque, un coucher\u2026","rel":"","context":"Dans &quot;Blog-note&quot;","block_context":{"text":"Blog-note","link":"https:\/\/www.wallendorff.com\/belogue\/category\/blog-note\/"},"img":{"alt_text":"","src":"https:\/\/i0.wp.com\/www.wallendorff.com\/belogue\/wp-content\/uploads\/2024\/08\/20240814-32.jpg?resize=350%2C200&ssl=1","width":350,"height":200,"srcset":"https:\/\/i0.wp.com\/www.wallendorff.com\/belogue\/wp-content\/uploads\/2024\/08\/20240814-32.jpg?resize=350%2C200&ssl=1 1x, https:\/\/i0.wp.com\/www.wallendorff.com\/belogue\/wp-content\/uploads\/2024\/08\/20240814-32.jpg?resize=525%2C300&ssl=1 1.5x, https:\/\/i0.wp.com\/www.wallendorff.com\/belogue\/wp-content\/uploads\/2024\/08\/20240814-32.jpg?resize=700%2C400&ssl=1 2x, https:\/\/i0.wp.com\/www.wallendorff.com\/belogue\/wp-content\/uploads\/2024\/08\/20240814-32.jpg?resize=1050%2C600&ssl=1 3x"},"classes":[]}],"_links":{"self":[{"href":"https:\/\/www.wallendorff.com\/belogue\/wp-json\/wp\/v2\/posts\/132422","targetHints":{"allow":["GET"]}}],"collection":[{"href":"https:\/\/www.wallendorff.com\/belogue\/wp-json\/wp\/v2\/posts"}],"about":[{"href":"https:\/\/www.wallendorff.com\/belogue\/wp-json\/wp\/v2\/types\/post"}],"author":[{"embeddable":true,"href":"https:\/\/www.wallendorff.com\/belogue\/wp-json\/wp\/v2\/users\/1"}],"replies":[{"embeddable":true,"href":"https:\/\/www.wallendorff.com\/belogue\/wp-json\/wp\/v2\/comments?post=132422"}],"version-history":[{"count":21,"href":"https:\/\/www.wallendorff.com\/belogue\/wp-json\/wp\/v2\/posts\/132422\/revisions"}],"predecessor-version":[{"id":132452,"href":"https:\/\/www.wallendorff.com\/belogue\/wp-json\/wp\/v2\/posts\/132422\/revisions\/132452"}],"wp:featuredmedia":[{"embeddable":true,"href":"https:\/\/www.wallendorff.com\/belogue\/wp-json\/wp\/v2\/media\/132432"}],"wp:attachment":[{"href":"https:\/\/www.wallendorff.com\/belogue\/wp-json\/wp\/v2\/media?parent=132422"}],"wp:term":[{"taxonomy":"category","embeddable":true,"href":"https:\/\/www.wallendorff.com\/belogue\/wp-json\/wp\/v2\/categories?post=132422"},{"taxonomy":"post_tag","embeddable":true,"href":"https:\/\/www.wallendorff.com\/belogue\/wp-json\/wp\/v2\/tags?post=132422"}],"curies":[{"name":"wp","href":"https:\/\/api.w.org\/{rel}","templated":true}]}}