{"id":132160,"date":"2025-04-23T16:45:37","date_gmt":"2025-04-23T14:45:37","guid":{"rendered":"https:\/\/www.wallendorff.com\/belogue\/?p=132160"},"modified":"2026-04-22T17:00:49","modified_gmt":"2026-04-22T15:00:49","slug":"etoiles-filees-20","status":"publish","type":"post","link":"https:\/\/www.wallendorff.com\/belogue\/2025\/04\/23\/etoiles-filees-20\/","title":{"rendered":"\u00c9toiles fil\u00e9es #20."},"content":{"rendered":"\t\t<div data-elementor-type=\"wp-post\" data-elementor-id=\"132160\" class=\"elementor elementor-132160\" data-elementor-post-type=\"post\">\n\t\t\t\t\t\t<section class=\"elementor-section elementor-top-section elementor-element elementor-element-18f9c4bc elementor-section-boxed elementor-section-height-default elementor-section-height-default\" data-id=\"18f9c4bc\" data-element_type=\"section\" data-e-type=\"section\">\n\t\t\t\t\t\t<div class=\"elementor-container elementor-column-gap-default\">\n\t\t\t\t\t<div class=\"elementor-column elementor-col-100 elementor-top-column elementor-element elementor-element-31b37445\" data-id=\"31b37445\" data-element_type=\"column\" data-e-type=\"column\">\n\t\t\t<div class=\"elementor-widget-wrap elementor-element-populated\">\n\t\t\t\t\t\t<div class=\"elementor-element elementor-element-3e90fa35 elementor-widget elementor-widget-text-editor\" data-id=\"3e90fa35\" data-element_type=\"widget\" data-e-type=\"widget\" data-widget_type=\"text-editor.default\">\n\t\t\t\t<div class=\"elementor-widget-container\">\n\t\t\t\t\t\t\t\t\t<div id=\"photo\"><img decoding=\"async\" src=\"https:\/\/www.wallendorff.com\/belogue\/wp-content\/uploads\/2025\/04\/20250423.jpg\" \/><br \/>\u00c9peign\u00e9-sur-D\u00eame, 14 f\u00e9vrier 2025.<\/div>\t\t\t\t\t\t\t\t<\/div>\n\t\t\t\t<\/div>\n\t\t\t\t<div class=\"elementor-element elementor-element-320aa4a elementor-widget elementor-widget-text-editor\" data-id=\"320aa4a\" data-element_type=\"widget\" data-e-type=\"widget\" data-widget_type=\"text-editor.default\">\n\t\t\t\t<div class=\"elementor-widget-container\">\n\t\t\t\t\t\t\t\t\t<p style=\"text-align: right;\">Aujourd&rsquo;hui, 23 avril 2025, marque le 4<sup>e<\/sup> anniversaire de ma plus retentissante foirade photographique<sup>1<\/sup>, une photo qui me fait encore me r\u00e9veiller la nuit, le dos ruisselant de sueur froide, hurlant \u00ab ET MERDE ELLE EST SUREXPOS\u00c9E \u00bb dans le noir.<\/p><p>L&rsquo;occasion est belle pour vous publier ici un nouvel exemple d&rsquo;\u00e9chec cuisant, de cadrage cette fois-ci, alors que la m\u00e9t\u00e9o se pr\u00eatait bien \u00e0 l&rsquo;exercice, que j&rsquo;avais le mat\u00e9riel sous la main, que la lune me laissait 20 minutes avant de se lever et que tout roulait sans encombre.<\/p><p>Ce soir-l\u00e0, je me couchai serein, certain du travail bien fait, et je dormis tel une grosse souche s\u00e8che d&rsquo;un sommeil \u00e0 peine entrecoup\u00e9 de deux ou trois \u00ab ET MERDE ELLE EST SUREXPOS\u00c9E \u00bb tonitruants.<\/p><p>Ce n&rsquo;est donc que le lendemain, quand j&rsquo;ai vid\u00e9 ma carte, que j&rsquo;ai pu r\u00e9aliser que j&rsquo;avais :<\/p><ol><li>Mis une grosse b\u00eate branche dans le cadre ;<\/li><li>Cal\u00e9 cette grosse b\u00eate branche pile devant la polaire ;<\/li><li>Arrang\u00e9 le tout de mani\u00e8re \u00e0 ce que l&rsquo;ensemble soit tout \u00e0 fait impossible \u00e0 recadrer.<\/li><\/ol><p style=\"text-align: right;\">\u00c0 ce niveau, oui mesdames, oui messieurs, on peut parler de talent.<\/p><p style=\"text-align: right;\">Je vous souhaite une bonne journ\u00e9e internationale de la foirade photographique et je retourne me coucher.<\/p>\t\t\t\t\t\t\t\t<\/div>\n\t\t\t\t<\/div>\n\t\t\t\t<div class=\"elementor-element elementor-element-eb98cda elementor-widget elementor-widget-text-editor\" data-id=\"eb98cda\" data-element_type=\"widget\" data-e-type=\"widget\" data-widget_type=\"text-editor.default\">\n\t\t\t\t<div class=\"elementor-widget-container\">\n\t\t\t\t\t\t\t\t\t<div id=\"bas_note\"><p>1 Cette photo a progressivement gliss\u00e9 sous le tapis du temps. Je ne vous la remettrai donc pas sous le nez. Allez la chercher vous-m\u00eames et, s&rsquo;il vous pla\u00eet, arr\u00eatez de me dire qu&rsquo;elle n&rsquo;est pas si nulle que \u00e7a, car <b>je ne l&rsquo;aime pas<\/b>.<\/div>\t\t\t\t\t\t\t\t<\/div>\n\t\t\t\t<\/div>\n\t\t\t\t\t<\/div>\n\t\t<\/div>\n\t\t\t\t\t<\/div>\n\t\t<\/section>\n\t\t\t\t<\/div>\n\t\t","protected":false},"excerpt":{"rendered":"<p>\u00c9peign\u00e9-sur-D\u00eame, 14 f\u00e9vrier 2025. Aujourd&rsquo;hui, 23 avril 2025, marque le 4e anniversaire de ma plus retentissante foirade photographique1, une photo qui me fait encore me r\u00e9veiller la nuit, le dos ruisselant de sueur froide, hurlant \u00ab ET MERDE ELLE EST SUREXPOS\u00c9E \u00bb dans le noir. L&rsquo;occasion est belle pour vous publier ici un nouvel exemple&hellip;<\/p>\n","protected":false},"author":1,"featured_media":132163,"comment_status":"open","ping_status":"open","sticky":false,"template":"","format":"standard","meta":{"_acf_changed":false,"ngg_post_thumbnail":0,"jetpack_post_was_ever_published":false,"_jetpack_newsletter_access":"","_jetpack_dont_email_post_to_subs":false,"_jetpack_newsletter_tier_id":0,"_jetpack_memberships_contains_paywalled_content":false,"_jetpack_memberships_contains_paid_content":false,"footnotes":"","jetpack_publicize_message":"","jetpack_publicize_feature_enabled":true,"jetpack_social_post_already_shared":true,"jetpack_social_options":{"image_generator_settings":{"template":"highway","enabled":false},"version":2}},"categories":[3],"tags":[11310,10304,10144,18071,16573,16454,10120,18290,10306,10147,10592,14274],"class_list":["post-132160","post","type-post","status-publish","format-standard","has-post-thumbnail","hentry","category-dpc","tag-autoportrait","tag-centre","tag-ciel","tag-epeigne-sur-deme","tag-etoiles","tag-etoiles-filees","tag-france","tag-fujifilm-x-t5","tag-indre-et-loire","tag-nuit","tag-pose-longue","tag-samyang-8-mm-f2-8-umc-fisheye-ii"],"acf":[],"geo":{"latitude":47.6690102,"longitude":0.6123537,"description":null},"jetpack_publicize_connections":[],"jetpack_featured_media_url":"https:\/\/www.wallendorff.com\/belogue\/wp-content\/uploads\/2025\/04\/20250423.jpg","jetpack_shortlink":"https:\/\/wp.me\/p3b35P-ynC","jetpack_sharing_enabled":true,"jetpack-related-posts":[{"id":53380,"url":"https:\/\/www.wallendorff.com\/belogue\/2022\/10\/21\/etoiles-filees-14\/","url_meta":{"origin":132160,"position":0},"title":"\u00c9toiles fil\u00e9es #14.","author":"dpc","date":"21 octobre 2022","format":false,"excerpt":"\u00c9peign\u00e9-sur-D\u00eame, 14 ao\u00fbt 2022.","rel":"","context":"Dans &quot;DPC&quot;","block_context":{"text":"DPC","link":"https:\/\/www.wallendorff.com\/belogue\/category\/dpc\/"},"img":{"alt_text":"","src":"https:\/\/i0.wp.com\/www.wallendorff.com\/belogue\/wp-content\/uploads\/2022\/10\/20221021.jpg?resize=350%2C200&ssl=1","width":350,"height":200,"srcset":"https:\/\/i0.wp.com\/www.wallendorff.com\/belogue\/wp-content\/uploads\/2022\/10\/20221021.jpg?resize=350%2C200&ssl=1 1x, https:\/\/i0.wp.com\/www.wallendorff.com\/belogue\/wp-content\/uploads\/2022\/10\/20221021.jpg?resize=525%2C300&ssl=1 1.5x, https:\/\/i0.wp.com\/www.wallendorff.com\/belogue\/wp-content\/uploads\/2022\/10\/20221021.jpg?resize=700%2C400&ssl=1 2x"},"classes":[]},{"id":134692,"url":"https:\/\/www.wallendorff.com\/belogue\/2025\/12\/11\/etoiles-filees-21\/","url_meta":{"origin":132160,"position":1},"title":"\u00c9toiles fil\u00e9es #21.","author":"dpc","date":"11 d\u00e9cembre 2025","format":false,"excerpt":"\u00c9peign\u00e9-sur-D\u00eame, 22 juin 2025.","rel":"","context":"Dans &quot;DPC&quot;","block_context":{"text":"DPC","link":"https:\/\/www.wallendorff.com\/belogue\/category\/dpc\/"},"img":{"alt_text":"","src":"https:\/\/i0.wp.com\/www.wallendorff.com\/belogue\/wp-content\/uploads\/2025\/12\/20251211.jpg?resize=350%2C200&ssl=1","width":350,"height":200,"srcset":"https:\/\/i0.wp.com\/www.wallendorff.com\/belogue\/wp-content\/uploads\/2025\/12\/20251211.jpg?resize=350%2C200&ssl=1 1x, https:\/\/i0.wp.com\/www.wallendorff.com\/belogue\/wp-content\/uploads\/2025\/12\/20251211.jpg?resize=525%2C300&ssl=1 1.5x, https:\/\/i0.wp.com\/www.wallendorff.com\/belogue\/wp-content\/uploads\/2025\/12\/20251211.jpg?resize=700%2C400&ssl=1 2x"},"classes":[]},{"id":131202,"url":"https:\/\/www.wallendorff.com\/belogue\/2024\/11\/29\/etoiles-filees-18\/","url_meta":{"origin":132160,"position":2},"title":"\u00c9toiles fil\u00e9es #18.","author":"dpc","date":"29 novembre 2024","format":false,"excerpt":"\u00c9peign\u00e9-sur-D\u00eame, 10 ao\u00fbt 2024.","rel":"","context":"Dans &quot;DPC&quot;","block_context":{"text":"DPC","link":"https:\/\/www.wallendorff.com\/belogue\/category\/dpc\/"},"img":{"alt_text":"","src":"https:\/\/i0.wp.com\/www.wallendorff.com\/belogue\/wp-content\/uploads\/2024\/11\/20241129.jpg?resize=350%2C200&ssl=1","width":350,"height":200,"srcset":"https:\/\/i0.wp.com\/www.wallendorff.com\/belogue\/wp-content\/uploads\/2024\/11\/20241129.jpg?resize=350%2C200&ssl=1 1x, https:\/\/i0.wp.com\/www.wallendorff.com\/belogue\/wp-content\/uploads\/2024\/11\/20241129.jpg?resize=525%2C300&ssl=1 1.5x, https:\/\/i0.wp.com\/www.wallendorff.com\/belogue\/wp-content\/uploads\/2024\/11\/20241129.jpg?resize=700%2C400&ssl=1 2x"},"classes":[]},{"id":54150,"url":"https:\/\/www.wallendorff.com\/belogue\/2023\/01\/18\/nuit-noire\/","url_meta":{"origin":132160,"position":3},"title":"Nuit noire.","author":"dpc","date":"18 janvier 2023","format":false,"excerpt":"\u00c9peign\u00e9-sur-D\u00eame, 25 novembre 2022. Il est 1 h du matin, j'ai 3 h de route dans les pattes, et la m\u00e9t\u00e9o nous annonce qu'il ne nous reste que 40 minutes avant que le ciel ne reste bouch\u00e9 tout le week-end.Discussion, prise de courage \u00e0 deux mains, et nous voil\u00e0 dans\u2026","rel":"","context":"Dans &quot;DPC&quot;","block_context":{"text":"DPC","link":"https:\/\/www.wallendorff.com\/belogue\/category\/dpc-en\/"},"img":{"alt_text":"","src":"https:\/\/i0.wp.com\/www.wallendorff.com\/belogue\/wp-content\/uploads\/2023\/01\/20230118.jpg?resize=350%2C200&ssl=1","width":350,"height":200,"srcset":"https:\/\/i0.wp.com\/www.wallendorff.com\/belogue\/wp-content\/uploads\/2023\/01\/20230118.jpg?resize=350%2C200&ssl=1 1x, https:\/\/i0.wp.com\/www.wallendorff.com\/belogue\/wp-content\/uploads\/2023\/01\/20230118.jpg?resize=525%2C300&ssl=1 1.5x, https:\/\/i0.wp.com\/www.wallendorff.com\/belogue\/wp-content\/uploads\/2023\/01\/20230118.jpg?resize=700%2C400&ssl=1 2x, https:\/\/i0.wp.com\/www.wallendorff.com\/belogue\/wp-content\/uploads\/2023\/01\/20230118.jpg?resize=1050%2C600&ssl=1 3x"},"classes":[]},{"id":124601,"url":"https:\/\/www.wallendorff.com\/belogue\/2023\/05\/30\/le-petit-chat-peut-ronds-rouges\/","url_meta":{"origin":132160,"position":4},"title":"Le petit chat peut ronds rouges.","author":"dpc","date":"30 mai 2023","format":false,"excerpt":"\u00c9peign\u00e9-sur-D\u00eame, 17 mars 2023. Deuxi\u00e8me \u00e9pisode de notre s\u00e9rie \u00ab\u00a0tentative de photo de maison sous une nuit \u00e9toil\u00e9e g\u00e2ch\u00e9e par le voisin et sa manie d'allumer sa terrasse en pleine prise de vue\u00a0\u00bb, cette fois-ci \u00e9galement entrav\u00e9e par un ciel nuageux. Puisque tout le monde \u00e9tait contre moi, j'ai agr\u00e9ment\u00e9\u2026","rel":"","context":"Dans &quot;DPC&quot;","block_context":{"text":"DPC","link":"https:\/\/www.wallendorff.com\/belogue\/category\/dpc-en\/"},"img":{"alt_text":"","src":"https:\/\/i0.wp.com\/www.wallendorff.com\/belogue\/wp-content\/uploads\/2023\/05\/20230530.jpg?resize=350%2C200&ssl=1","width":350,"height":200,"srcset":"https:\/\/i0.wp.com\/www.wallendorff.com\/belogue\/wp-content\/uploads\/2023\/05\/20230530.jpg?resize=350%2C200&ssl=1 1x, https:\/\/i0.wp.com\/www.wallendorff.com\/belogue\/wp-content\/uploads\/2023\/05\/20230530.jpg?resize=525%2C300&ssl=1 1.5x, https:\/\/i0.wp.com\/www.wallendorff.com\/belogue\/wp-content\/uploads\/2023\/05\/20230530.jpg?resize=700%2C400&ssl=1 2x, https:\/\/i0.wp.com\/www.wallendorff.com\/belogue\/wp-content\/uploads\/2023\/05\/20230530.jpg?resize=1050%2C600&ssl=1 3x"},"classes":[]},{"id":124618,"url":"https:\/\/www.wallendorff.com\/belogue\/2023\/06\/02\/seuil-sur-mars\/","url_meta":{"origin":132160,"position":5},"title":"Seuil sur Mars.","author":"dpc","date":"2 juin 2023","format":false,"excerpt":"\u00c9peign\u00e9-sur-D\u00eame, 18 mars 2023.","rel":"","context":"Dans &quot;DPC&quot;","block_context":{"text":"DPC","link":"https:\/\/www.wallendorff.com\/belogue\/category\/dpc-en\/"},"img":{"alt_text":"","src":"https:\/\/i0.wp.com\/www.wallendorff.com\/belogue\/wp-content\/uploads\/2023\/06\/20230602.jpg?resize=350%2C200&ssl=1","width":350,"height":200,"srcset":"https:\/\/i0.wp.com\/www.wallendorff.com\/belogue\/wp-content\/uploads\/2023\/06\/20230602.jpg?resize=350%2C200&ssl=1 1x, https:\/\/i0.wp.com\/www.wallendorff.com\/belogue\/wp-content\/uploads\/2023\/06\/20230602.jpg?resize=525%2C300&ssl=1 1.5x, https:\/\/i0.wp.com\/www.wallendorff.com\/belogue\/wp-content\/uploads\/2023\/06\/20230602.jpg?resize=700%2C400&ssl=1 2x"},"classes":[]}],"_links":{"self":[{"href":"https:\/\/www.wallendorff.com\/belogue\/wp-json\/wp\/v2\/posts\/132160","targetHints":{"allow":["GET"]}}],"collection":[{"href":"https:\/\/www.wallendorff.com\/belogue\/wp-json\/wp\/v2\/posts"}],"about":[{"href":"https:\/\/www.wallendorff.com\/belogue\/wp-json\/wp\/v2\/types\/post"}],"author":[{"embeddable":true,"href":"https:\/\/www.wallendorff.com\/belogue\/wp-json\/wp\/v2\/users\/1"}],"replies":[{"embeddable":true,"href":"https:\/\/www.wallendorff.com\/belogue\/wp-json\/wp\/v2\/comments?post=132160"}],"version-history":[{"count":5,"href":"https:\/\/www.wallendorff.com\/belogue\/wp-json\/wp\/v2\/posts\/132160\/revisions"}],"predecessor-version":[{"id":132166,"href":"https:\/\/www.wallendorff.com\/belogue\/wp-json\/wp\/v2\/posts\/132160\/revisions\/132166"}],"wp:featuredmedia":[{"embeddable":true,"href":"https:\/\/www.wallendorff.com\/belogue\/wp-json\/wp\/v2\/media\/132163"}],"wp:attachment":[{"href":"https:\/\/www.wallendorff.com\/belogue\/wp-json\/wp\/v2\/media?parent=132160"}],"wp:term":[{"taxonomy":"category","embeddable":true,"href":"https:\/\/www.wallendorff.com\/belogue\/wp-json\/wp\/v2\/categories?post=132160"},{"taxonomy":"post_tag","embeddable":true,"href":"https:\/\/www.wallendorff.com\/belogue\/wp-json\/wp\/v2\/tags?post=132160"}],"curies":[{"name":"wp","href":"https:\/\/api.w.org\/{rel}","templated":true}]}}