{"id":132131,"date":"2025-04-13T12:06:45","date_gmt":"2025-04-13T10:06:45","guid":{"rendered":"https:\/\/www.wallendorff.com\/belogue\/?p=132131"},"modified":"2025-04-13T12:07:35","modified_gmt":"2025-04-13T10:07:35","slug":"diese-starterpacknoai","status":"publish","type":"post","link":"https:\/\/www.wallendorff.com\/belogue\/2025\/04\/13\/diese-starterpacknoai\/","title":{"rendered":"Di\u00e8se-StarterPackNoAI"},"content":{"rendered":"\t\t<div data-elementor-type=\"wp-post\" data-elementor-id=\"132131\" class=\"elementor elementor-132131\" data-elementor-post-type=\"post\">\n\t\t\t\t\t\t<section class=\"elementor-section elementor-top-section elementor-element elementor-element-18f9c4bc elementor-section-boxed elementor-section-height-default elementor-section-height-default\" data-id=\"18f9c4bc\" data-element_type=\"section\" data-e-type=\"section\">\n\t\t\t\t\t\t<div class=\"elementor-container elementor-column-gap-default\">\n\t\t\t\t\t<div class=\"elementor-column elementor-col-100 elementor-top-column elementor-element elementor-element-31b37445\" data-id=\"31b37445\" data-element_type=\"column\" data-e-type=\"column\">\n\t\t\t<div class=\"elementor-widget-wrap elementor-element-populated\">\n\t\t\t\t\t\t<div class=\"elementor-element elementor-element-3e90fa35 elementor-widget elementor-widget-text-editor\" data-id=\"3e90fa35\" data-element_type=\"widget\" data-e-type=\"widget\" data-widget_type=\"text-editor.default\">\n\t\t\t\t<div class=\"elementor-widget-container\">\n\t\t\t\t\t\t\t\t\t<div id=\"photo\">\n\n<img decoding=\"async\" src=\"https:\/\/www.wallendorff.com\/belogue\/wp-content\/uploads\/2025\/04\/20250412.jpg\" \/>\n\nParis, 12 avril 2025.\n\n<\/div>\n<div id=\"photo2\">\n\n<img decoding=\"async\" src=\"https:\/\/www.wallendorff.com\/belogue\/wp-content\/uploads\/2025\/04\/20250412-02.jpg\" \/>\n<\/div>\t\t\t\t\t\t\t\t<\/div>\n\t\t\t\t<\/div>\n\t\t\t\t<div class=\"elementor-element elementor-element-1a34b6a elementor-widget elementor-widget-text-editor\" data-id=\"1a34b6a\" data-element_type=\"widget\" data-e-type=\"widget\" data-widget_type=\"text-editor.default\">\n\t\t\t\t<div class=\"elementor-widget-container\">\n\t\t\t\t\t\t\t\t\t<p style=\"text-align: right;\">Et voici mon #StarterPackNoAI. Photographes, je vous invite \u00e0 en faire autant.<\/p><p style=\"text-align: right;\">\u00c9videmment, j\u2019aurais pr\u00e9f\u00e9r\u00e9 le faire en un seul morceau, mais quand on n\u2019a qu\u2019un bout de mur disponible dans l\u2019appartement, on se d\u00e9brouille comme un peu.<\/p><p style=\"text-align: right;\">Faire mon starter pack uniquement en intelligence artisanale m\u2019a permis de sortir un peu les flashs de studio du placard, me rappeler comment fonctionne cette satan\u00e9e cellule, m\u2019entra\u00eener au d\u00e9tourage sous Photoshop et au masquage sous Illustrator, gal\u00e9rer sur le placement des \u00e9l\u00e9ments (parce que fichtre, je suis photographe, pas graphiste), demander l\u2019avis de mon pr\u00e9cieux entourage, revoir, refaire, bricoler, recommencer, r\u00e2ler et finalement servir le tout avec le m\u00eame sentiment que si je venais de r\u00e9ussir ma premi\u00e8re pizza maison.<\/p><p style=\"text-align: right;\">Parce qu\u2019au final, recourir \u00e0 l\u2019intelligence artificielle, c\u2019est un peu comme acheter des plats industriels tout faits. Et on sait qu\u2019\u00e0 la longue, c\u2019est pas terrible pour la sant\u00e9, les plats industriels tout faits.<\/p><p style=\"text-align: right;\">Photographes, Je vous invite \u00e0 vous essayer au jeu. J\u2019ai h\u00e2te de voir vos cr\u00e9ations\u00a0!<\/p>\t\t\t\t\t\t\t\t<\/div>\n\t\t\t\t<\/div>\n\t\t\t\t\t<\/div>\n\t\t<\/div>\n\t\t\t\t\t<\/div>\n\t\t<\/section>\n\t\t\t\t<\/div>\n\t\t","protected":false},"excerpt":{"rendered":"<p>Paris, 12 avril 2025. Et voici mon #StarterPackNoAI. Photographes, je vous invite \u00e0 en faire autant. \u00c9videmment, j\u2019aurais pr\u00e9f\u00e9r\u00e9 le faire en un seul morceau, mais quand on n\u2019a qu\u2019un bout de mur disponible dans l\u2019appartement, on se d\u00e9brouille comme un peu. Faire mon starter pack uniquement en intelligence artisanale m\u2019a permis de sortir un&hellip;<\/p>\n","protected":false},"author":1,"featured_media":132133,"comment_status":"open","ping_status":"open","sticky":false,"template":"","format":"standard","meta":{"_acf_changed":false,"ngg_post_thumbnail":0,"jetpack_post_was_ever_published":false,"_jetpack_newsletter_access":"","_jetpack_dont_email_post_to_subs":false,"_jetpack_newsletter_tier_id":0,"_jetpack_memberships_contains_paywalled_content":false,"_jetpack_memberships_contains_paid_content":false,"footnotes":"","jetpack_publicize_message":"","jetpack_publicize_feature_enabled":false,"jetpack_social_post_already_shared":true,"jetpack_social_options":{"image_generator_settings":{"template":"highway","enabled":false},"version":2}},"categories":[3],"tags":[11310,8170,18603],"class_list":["post-132131","post","type-post","status-publish","format-standard","has-post-thumbnail","hentry","category-dpc","tag-autoportrait","tag-ef-24-70-mm-f2-8l-ii-usm","tag-canon-eos-r6-mark-ii"],"acf":[],"geo":{"latitude":48.8618889,"longitude":2.3855996,"description":"76 Rue de la Folie-Regnault, 75011 Paris, France"},"jetpack_publicize_connections":[],"jetpack_featured_media_url":"https:\/\/www.wallendorff.com\/belogue\/wp-content\/uploads\/2025\/04\/20250412.jpg","jetpack_shortlink":"https:\/\/wp.me\/p3b35P-yn9","jetpack_sharing_enabled":true,"jetpack-related-posts":[{"id":1055,"url":"https:\/\/www.wallendorff.com\/belogue\/2007\/10\/10\/previously-unreleased-71\/","url_meta":{"origin":132131,"position":0},"title":"Previously unreleased #71\u00b9.","author":"dpc","date":"10 octobre 2007","format":false,"excerpt":"Interpol, Verizon Wireless Theater, Houston, 25 septembre. Je devais prendre de gros gens en photos dans un restaurant. Passionnant. Alors quand l'autre est venu me voir pour faire une session avec Doherty, j'ai dit oui. Doherty \u00e9tait au fond d'un cimeti\u00e8re, teint en blond, d'ailleurs il ne ressemblait pas \u00e0\u2026","rel":"","context":"Dans &quot;Previously unreleased&quot;","block_context":{"text":"Previously unreleased","link":"https:\/\/www.wallendorff.com\/belogue\/category\/previously-unreleased\/"},"img":{"alt_text":"","src":"https:\/\/i0.wp.com\/www.wallendorff.com\/belogue\/wp-content\/uploads\/2015\/04\/200710101.jpg?resize=350%2C200&ssl=1","width":350,"height":200},"classes":[]},{"id":592,"url":"https:\/\/www.wallendorff.com\/belogue\/2004\/11\/02\/fan-tarte\/","url_meta":{"origin":132131,"position":1},"title":"Fan-Tarte.","author":"dpc","date":"2 novembre 2004","format":false,"excerpt":"Probl\u00e9matique\u00a0: Un coll\u00e8gue, bossant dans le cubi d'\u00e0 c\u00f4t\u00e9, vient de m'offrir un sachet entier de bonbons. Hypoth\u00e8ses\u00a0: (cocher la (les) propositions valables) Mon coll\u00e8gue, induit en erreur par mon visage de ch\u00e9rubin, m'a pris pour un gamin de 10 ans. Ce pr\u00e9sent traduit son intention de combler l'espi\u00e8gle petit\u2026","rel":"","context":"Dans &quot;DPC&quot;","block_context":{"text":"DPC","link":"https:\/\/www.wallendorff.com\/belogue\/category\/dpc\/"},"img":{"alt_text":"","src":"https:\/\/i0.wp.com\/www.wallendorff.com\/belogue\/wp-content\/uploads\/2015\/04\/036.jpg?resize=350%2C200&ssl=1","width":350,"height":200,"srcset":"https:\/\/i0.wp.com\/www.wallendorff.com\/belogue\/wp-content\/uploads\/2015\/04\/036.jpg?resize=350%2C200&ssl=1 1x, https:\/\/i0.wp.com\/www.wallendorff.com\/belogue\/wp-content\/uploads\/2015\/04\/036.jpg?resize=525%2C300&ssl=1 1.5x, https:\/\/i0.wp.com\/www.wallendorff.com\/belogue\/wp-content\/uploads\/2015\/04\/036.jpg?resize=700%2C400&ssl=1 2x"},"classes":[]},{"id":23178,"url":"https:\/\/www.wallendorff.com\/belogue\/2014\/07\/11\/les-eurockeennes-belfort-6-juillet-2\/","url_meta":{"origin":132131,"position":2},"title":"Les Eurock\u00e9ennes, Belfort, 6 juillet.","author":"dpc","date":"11 juillet 2014","format":false,"excerpt":"Souvenirs du 3e jour (toujours en vrac)\u00a0: \u00ab\u00a0Vous voulez du lard\u00a0?\u00a0\u00bb Je n'ai PAS vu UN SEUL drapeau breton du week-end. PAS UN. La m\u00e9t\u00e9o avait pr\u00e9vu des orages, des temp\u00eates, des attaques de zombies et des p\u00e9nuries de bi\u00e8re, mais finalement il n'a plu que de 19\u00a0h 02 \u00e0\u2026","rel":"","context":"Dans &quot;Alive&quot;","block_context":{"text":"Alive","link":"https:\/\/www.wallendorff.com\/belogue\/category\/alive\/"},"img":{"alt_text":"","src":"https:\/\/i0.wp.com\/www.wallendorff.com\/belogue\/wp-content\/uploads\/2015\/04\/201407111.jpg?resize=350%2C200&ssl=1","width":350,"height":200,"srcset":"https:\/\/i0.wp.com\/www.wallendorff.com\/belogue\/wp-content\/uploads\/2015\/04\/201407111.jpg?resize=350%2C200&ssl=1 1x, https:\/\/i0.wp.com\/www.wallendorff.com\/belogue\/wp-content\/uploads\/2015\/04\/201407111.jpg?resize=525%2C300&ssl=1 1.5x, https:\/\/i0.wp.com\/www.wallendorff.com\/belogue\/wp-content\/uploads\/2015\/04\/201407111.jpg?resize=700%2C400&ssl=1 2x"},"classes":[]},{"id":46118,"url":"https:\/\/www.wallendorff.com\/belogue\/2020\/07\/17\/pigeonnier-by-night-ii\/","url_meta":{"origin":132131,"position":3},"title":"Pigeonnier by night II.","author":"dpc","date":"17 juillet 2020","format":false,"excerpt":"Arnay-sous-Vitteaux, 23 mai 2020. Encore une photo qui ne se passe pas comme pr\u00e9vu. Je profite de la nouvelle lune pour descendre et faire une nouvelle version du panoramique de l'ann\u00e9e derni\u00e8re. Avant de monter la t\u00eate pano, je fais un test avec mon nouveau jouet, par m\u00e9garde je passe\u2026","rel":"","context":"Dans &quot;DPC&quot;","block_context":{"text":"DPC","link":"https:\/\/www.wallendorff.com\/belogue\/category\/dpc\/"},"img":{"alt_text":"","src":"https:\/\/i0.wp.com\/www.wallendorff.com\/belogue\/wp-content\/uploads\/2020\/07\/20200717.jpg?resize=350%2C200&ssl=1","width":350,"height":200,"srcset":"https:\/\/i0.wp.com\/www.wallendorff.com\/belogue\/wp-content\/uploads\/2020\/07\/20200717.jpg?resize=350%2C200&ssl=1 1x, https:\/\/i0.wp.com\/www.wallendorff.com\/belogue\/wp-content\/uploads\/2020\/07\/20200717.jpg?resize=525%2C300&ssl=1 1.5x, https:\/\/i0.wp.com\/www.wallendorff.com\/belogue\/wp-content\/uploads\/2020\/07\/20200717.jpg?resize=700%2C400&ssl=1 2x, https:\/\/i0.wp.com\/www.wallendorff.com\/belogue\/wp-content\/uploads\/2020\/07\/20200717.jpg?resize=1050%2C600&ssl=1 3x"},"classes":[]},{"id":28416,"url":"https:\/\/www.wallendorff.com\/belogue\/2015\/07\/31\/paleo-festival-2015-jour-3\/","url_meta":{"origin":132131,"position":4},"title":"Pal\u00e9o Festival 2015, jour 3.","author":"dpc","date":"31 juillet 2015","format":false,"excerpt":"L'orage \u00e9tait au programme, mais il tombe un peu plus tard que pr\u00e9vu, juste au moment o\u00f9 Arthur H lance \u00ab\u00a0vous voyez, finalement, il ne pleut pas\u00a0!\u00a0\u00bb1. Le programme de la grande sc\u00e8ne est d\u00e9cal\u00e9 d'une demi-heure, le temps que le gros de la sauc\u00e9e passe. Aux Arches, on propose\u2026","rel":"","context":"Dans &quot;Alive&quot;","block_context":{"text":"Alive","link":"https:\/\/www.wallendorff.com\/belogue\/category\/alive\/"},"img":{"alt_text":"","src":"https:\/\/i0.wp.com\/www.wallendorff.com\/belogue\/wp-content\/uploads\/2015\/07\/20150731-511.jpg?resize=350%2C200&ssl=1","width":350,"height":200,"srcset":"https:\/\/i0.wp.com\/www.wallendorff.com\/belogue\/wp-content\/uploads\/2015\/07\/20150731-511.jpg?resize=350%2C200&ssl=1 1x, https:\/\/i0.wp.com\/www.wallendorff.com\/belogue\/wp-content\/uploads\/2015\/07\/20150731-511.jpg?resize=525%2C300&ssl=1 1.5x, https:\/\/i0.wp.com\/www.wallendorff.com\/belogue\/wp-content\/uploads\/2015\/07\/20150731-511.jpg?resize=700%2C400&ssl=1 2x"},"classes":[]},{"id":21380,"url":"https:\/\/www.wallendorff.com\/belogue\/2013\/08\/01\/paleo-festival-nyon-jour-2\/","url_meta":{"origin":132131,"position":5},"title":"Pal\u00e9o Festival 2013, Nyon &#8211; jour 2","author":"dpc","date":"1 ao\u00fbt 2013","format":false,"excerpt":"Quand Arctic Monkeys sont apparus, je les ai vus tous les mois\u00a0: une interview chez Radio France, la Black Session qui allait avec, un Trabendo, un Bataclan puis une deuxi\u00e8me interview derri\u00e8re la sc\u00e8ne du chapiteau des Eurock\u00e9ennes. Et puis plus rien, pour des raisons\u00a0de calendriers incompatibles et de quelques\u2026","rel":"","context":"Dans &quot;Alive&quot;","block_context":{"text":"Alive","link":"https:\/\/www.wallendorff.com\/belogue\/category\/alive\/"},"img":{"alt_text":"","src":"https:\/\/i0.wp.com\/www.wallendorff.com\/belogue\/wp-content\/uploads\/2015\/04\/201308011.jpg?resize=350%2C200&ssl=1","width":350,"height":200,"srcset":"https:\/\/i0.wp.com\/www.wallendorff.com\/belogue\/wp-content\/uploads\/2015\/04\/201308011.jpg?resize=350%2C200&ssl=1 1x, https:\/\/i0.wp.com\/www.wallendorff.com\/belogue\/wp-content\/uploads\/2015\/04\/201308011.jpg?resize=525%2C300&ssl=1 1.5x, https:\/\/i0.wp.com\/www.wallendorff.com\/belogue\/wp-content\/uploads\/2015\/04\/201308011.jpg?resize=700%2C400&ssl=1 2x"},"classes":[]}],"_links":{"self":[{"href":"https:\/\/www.wallendorff.com\/belogue\/wp-json\/wp\/v2\/posts\/132131","targetHints":{"allow":["GET"]}}],"collection":[{"href":"https:\/\/www.wallendorff.com\/belogue\/wp-json\/wp\/v2\/posts"}],"about":[{"href":"https:\/\/www.wallendorff.com\/belogue\/wp-json\/wp\/v2\/types\/post"}],"author":[{"embeddable":true,"href":"https:\/\/www.wallendorff.com\/belogue\/wp-json\/wp\/v2\/users\/1"}],"replies":[{"embeddable":true,"href":"https:\/\/www.wallendorff.com\/belogue\/wp-json\/wp\/v2\/comments?post=132131"}],"version-history":[{"count":9,"href":"https:\/\/www.wallendorff.com\/belogue\/wp-json\/wp\/v2\/posts\/132131\/revisions"}],"predecessor-version":[{"id":132142,"href":"https:\/\/www.wallendorff.com\/belogue\/wp-json\/wp\/v2\/posts\/132131\/revisions\/132142"}],"wp:featuredmedia":[{"embeddable":true,"href":"https:\/\/www.wallendorff.com\/belogue\/wp-json\/wp\/v2\/media\/132133"}],"wp:attachment":[{"href":"https:\/\/www.wallendorff.com\/belogue\/wp-json\/wp\/v2\/media?parent=132131"}],"wp:term":[{"taxonomy":"category","embeddable":true,"href":"https:\/\/www.wallendorff.com\/belogue\/wp-json\/wp\/v2\/categories?post=132131"},{"taxonomy":"post_tag","embeddable":true,"href":"https:\/\/www.wallendorff.com\/belogue\/wp-json\/wp\/v2\/tags?post=132131"}],"curies":[{"name":"wp","href":"https:\/\/api.w.org\/{rel}","templated":true}]}}