{"id":13212,"date":"2011-09-05T11:34:14","date_gmt":"2011-09-05T09:34:14","guid":{"rendered":"http:\/\/www.po-l.com\/belogue\/?p=13212"},"modified":"2012-04-15T12:28:41","modified_gmt":"2012-04-15T10:28:41","slug":"the-black-box-revelation-other-lives-the-bony-king-of-nowhere-la-fleche-dor-1er-septembre","status":"publish","type":"post","link":"https:\/\/www.wallendorff.com\/belogue\/2011\/09\/05\/the-black-box-revelation-other-lives-the-bony-king-of-nowhere-la-fleche-dor-1er-septembre\/","title":{"rendered":"The Black Box Revelation + Other Lives + The Bony King of Nowhere @ la Fl\u00e8che d&rsquo;Or, 1<sup>er<\/sup> septembre."},"content":{"rendered":"\n<div id=\"photo\">\n<p><img decoding=\"async\" src=\"https:\/\/www.wallendorff.com\/belogue\/photo\/2011\/09\/20110905.jpg\" \/><\/p>\n<\/p><\/div>\n<p style=\"text-align:right\">Dries Van Dijck est le plus cool batteur du monde &agrave; prendre en photo, depuis que Meg W. a disparu.<\/p>\n<p><p style=\"text-align:right\">Elle me manque cruellement, Meg W.. <\/p>\n<p style=\"text-align:right\">C&rsquo;est nul, la vie sans Meg W..<\/p>\n<p style=\"text-align:right\">Alors Dries Van Dijck.<\/p>\n<div id=\"bandeson\">\n<p><img decoding=\"async\" src=\"https:\/\/www.wallendorff.com\/belogue\/photo\/pochettes\/b\/black_box_revelation_the-my_perception.jpg\" align=\"left\" \/>&nbsp;<a href=\"http:\/\/www.blackboxrevelation.com\/\">The Black Box Revelation<\/a> &ndash; <em>My Perception<\/em><br \/>\n        [youtube]http:\/\/www.youtube.com\/watch?v=oIl5CrPjJuM&#038;t=18[\/youtube]<\/p>\n<\/p><\/div>\n<h1>The Bony King of Nowhere<\/h1>\n<p>Des Gantois avec un nom de sous-titre de Radiohead et des m&eacute;lodies toutes douces. On croirait Coming Soon, par moment. Tr&egrave;s bonne entr&eacute;e en mati&egrave;re [<a href=\"http:\/\/www.myspace.com\/thebonyking\">MonEspace<\/a>].<\/p>ngg_shortcode_0_placeholder<h1>Other Lives<\/h1>\n<p>Grosse grosse d&eacute;couverte de la soir&eacute;e et record du multi-instumentalisme battu [<a href=\"http:\/\/www.myspace.com\/otherlives\">MonEspace<\/a>].<\/p>ngg_shortcode_1_placeholder<h1>The Black Box Revelation<\/h1>\n<p>Plus besoin de les pr&eacute;senter, hein. Nouvel album, <em>My Perception<\/em>, le 3 octobre [<a href=\"http:\/\/www.myspace.com\/theblackboxrevelation\">MonEspace<\/a>].<\/p>ngg_shortcode_2_placeholder","protected":false},"excerpt":{"rendered":"<p>Dries Van Dijck est le plus cool batteur du monde &agrave; prendre en photo, depuis que Meg W. a disparu. Elle me manque cruellement, Meg W.. C&rsquo;est nul, la vie sans Meg W.. Alors Dries Van Dijck. &nbsp;The Black Box Revelation &ndash; My Perception [youtube]http:\/\/www.youtube.com\/watch?v=oIl5CrPjJuM&#038;t=18[\/youtube] The Bony King of Nowhere Des Gantois avec un nom&hellip;<\/p>\n","protected":false},"author":1,"featured_media":26234,"comment_status":"open","ping_status":"open","sticky":false,"template":"","format":"standard","meta":{"_acf_changed":false,"ngg_post_thumbnail":0,"jetpack_post_was_ever_published":false,"_jetpack_newsletter_access":"","_jetpack_dont_email_post_to_subs":false,"_jetpack_newsletter_tier_id":0,"_jetpack_memberships_contains_paywalled_content":false,"_jetpack_memberships_contains_paid_content":false,"footnotes":"","jetpack_publicize_message":"","jetpack_publicize_feature_enabled":true,"jetpack_social_post_already_shared":false,"jetpack_social_options":{"image_generator_settings":{"template":"highway","default_image_id":0,"font":"","enabled":false},"version":2}},"categories":[7],"tags":[10840,10216,10084,2571,196,1438,2615,10120,10121,10374,5187,10940,10098,10903,10510,10938],"class_list":["post-13212","post","type-post","status-publish","format-standard","has-post-thumbnail","hentry","category-alive","tag-10840","tag-10216","tag-alive","tag-ef-16-35-mm-f28l-ii-usm","tag-ef-28-70-mm-f28l-usm","tag-ef-50-mm-f14-usm","tag-eos-5d-mark-ii","tag-france","tag-ile-de-france","tag-la-fleche-dor","tag-my-perception","tag-other-lives","tag-paris","tag-pias-nites","tag-the-black-box-revelation","tag-the-bony-king-of-nowhere"],"acf":[],"geo":{"latitude":48.8594246,"longitude":2.4029884,"description":"94-104 Rue de Bagnolet, 75020 Paris, France"},"jetpack_publicize_connections":[],"jetpack_featured_media_url":"https:\/\/www.wallendorff.com\/belogue\/wp-content\/uploads\/2015\/04\/201109051.jpg","jetpack_shortlink":"https:\/\/wp.me\/p3b35P-3r6","jetpack_sharing_enabled":true,"jetpack-related-posts":[{"id":5369,"url":"https:\/\/www.wallendorff.com\/belogue\/2009\/12\/15\/the-black-box-revelation-la-fleche-dor-paris\/","url_meta":{"origin":13212,"position":0},"title":"The Black Box Revelation @ la Fl\u00e8che d&rsquo;Or, Paris.","author":"dpc","date":"15 d\u00e9cembre 2009","format":false,"excerpt":"\u00a0The Black Box Revelation \u2013 Set Your Head on Fire (live Pal\u00e9o festival 2009) J'aime ces matins o\u00f9 la photo parle d'elle-m\u00eame, o\u00f9 l'image montre bien que oui oui ils ont tout arrach\u00e9s et m\u00eame que Paternoster est mont\u00e9 sur la batterie de Van Dijck \u00e0 la fin de Set\u2026","rel":"","context":"Dans &quot;Alive&quot;","block_context":{"text":"Alive","link":"https:\/\/www.wallendorff.com\/belogue\/category\/alive\/"},"img":{"alt_text":"","src":"https:\/\/i0.wp.com\/www.wallendorff.com\/belogue\/wp-content\/uploads\/2015\/04\/200912151.jpg?resize=350%2C200&ssl=1","width":350,"height":200,"srcset":"https:\/\/i0.wp.com\/www.wallendorff.com\/belogue\/wp-content\/uploads\/2015\/04\/200912151.jpg?resize=350%2C200&ssl=1 1x, https:\/\/i0.wp.com\/www.wallendorff.com\/belogue\/wp-content\/uploads\/2015\/04\/200912151.jpg?resize=525%2C300&ssl=1 1.5x, https:\/\/i0.wp.com\/www.wallendorff.com\/belogue\/wp-content\/uploads\/2015\/04\/200912151.jpg?resize=700%2C400&ssl=1 2x"},"classes":[]},{"id":4564,"url":"https:\/\/www.wallendorff.com\/belogue\/2009\/08\/27\/comme-aux-fesses-on-lie-onze-couches\/","url_meta":{"origin":13212,"position":1},"title":"Comme aux fesses, on lie onze couches.","author":"dpc","date":"27 ao\u00fbt 2009","format":false,"excerpt":"Huron Street, Ann Arbor, 5 mai. \u00a0 Brendan Benson \u2013 A Whole Lot Better [Fatigu\u00e9 du titre, moi.] C'est quand m\u00eame con de ne s'apercevoir que trois mois et demi apr\u00e8s les faits que la vraie photo du d\u00e9p\u00f4t de bus, celle qui aurait rendu mille fois mieux que \u00e7a1,\u2026","rel":"","context":"Dans &quot;DPC&quot;","block_context":{"text":"DPC","link":"https:\/\/www.wallendorff.com\/belogue\/category\/dpc\/"},"img":{"alt_text":"","src":"https:\/\/i0.wp.com\/www.wallendorff.com\/belogue\/wp-content\/uploads\/2015\/04\/200908271.jpg?resize=350%2C200&ssl=1","width":350,"height":200},"classes":[]},{"id":1864,"url":"https:\/\/www.wallendorff.com\/belogue\/2008\/08\/13\/the-subways-la-boule-noire-paris-22-avril\/","url_meta":{"origin":13212,"position":2},"title":"The Subways @ la Boule Noire, Paris, 22 avril.","author":"dpc","date":"13 ao\u00fbt 2008","format":false,"excerpt":"Nada Surf \u2013 Everyone's On Tour","rel":"","context":"Dans &quot;Alive&quot;","block_context":{"text":"Alive","link":"https:\/\/www.wallendorff.com\/belogue\/category\/alive\/"},"img":{"alt_text":"","src":"https:\/\/i0.wp.com\/www.wallendorff.com\/belogue\/wp-content\/uploads\/2015\/04\/200808131.jpg?resize=350%2C200&ssl=1","width":350,"height":200,"srcset":"https:\/\/i0.wp.com\/www.wallendorff.com\/belogue\/wp-content\/uploads\/2015\/04\/200808131.jpg?resize=350%2C200&ssl=1 1x, https:\/\/i0.wp.com\/www.wallendorff.com\/belogue\/wp-content\/uploads\/2015\/04\/200808131.jpg?resize=525%2C300&ssl=1 1.5x, https:\/\/i0.wp.com\/www.wallendorff.com\/belogue\/wp-content\/uploads\/2015\/04\/200808131.jpg?resize=700%2C400&ssl=1 2x"},"classes":[]},{"id":27116,"url":"https:\/\/www.wallendorff.com\/belogue\/2015\/04\/22\/circa-waves-la-fleche-dor-paris\/","url_meta":{"origin":13212,"position":3},"title":"Circa Waves @ la Fl\u00e8che d&rsquo;Or, Paris.","author":"dpc","date":"22 avril 2015","format":false,"excerpt":"T-Shirt Weather Circa Waves","rel":"","context":"Dans &quot;Alive&quot;","block_context":{"text":"Alive","link":"https:\/\/www.wallendorff.com\/belogue\/category\/alive\/"},"img":{"alt_text":"","src":"https:\/\/i0.wp.com\/www.wallendorff.com\/belogue\/wp-content\/uploads\/2015\/04\/20150422.jpg?resize=350%2C200&ssl=1","width":350,"height":200,"srcset":"https:\/\/i0.wp.com\/www.wallendorff.com\/belogue\/wp-content\/uploads\/2015\/04\/20150422.jpg?resize=350%2C200&ssl=1 1x, https:\/\/i0.wp.com\/www.wallendorff.com\/belogue\/wp-content\/uploads\/2015\/04\/20150422.jpg?resize=525%2C300&ssl=1 1.5x, https:\/\/i0.wp.com\/www.wallendorff.com\/belogue\/wp-content\/uploads\/2015\/04\/20150422.jpg?resize=700%2C400&ssl=1 2x"},"classes":[]},{"id":23866,"url":"https:\/\/www.wallendorff.com\/belogue\/2015\/02\/19\/balinger-3somesisters-la-fleche-dor-paris-16-fevrier\/","url_meta":{"origin":13212,"position":4},"title":"Balinger + 3sOmEsiStERs @ la Fl\u00e8che d&rsquo;Or, Paris, 16 f\u00e9vrier.","author":"dpc","date":"19 f\u00e9vrier 2015","format":false,"excerpt":"3sOmEsiStERs Balinger \u00a0","rel":"","context":"Dans &quot;Alive&quot;","block_context":{"text":"Alive","link":"https:\/\/www.wallendorff.com\/belogue\/category\/alive\/"},"img":{"alt_text":"","src":"https:\/\/i0.wp.com\/www.wallendorff.com\/belogue\/wp-content\/uploads\/2015\/04\/201502201.jpg?resize=350%2C200&ssl=1","width":350,"height":200,"srcset":"https:\/\/i0.wp.com\/www.wallendorff.com\/belogue\/wp-content\/uploads\/2015\/04\/201502201.jpg?resize=350%2C200&ssl=1 1x, https:\/\/i0.wp.com\/www.wallendorff.com\/belogue\/wp-content\/uploads\/2015\/04\/201502201.jpg?resize=525%2C300&ssl=1 1.5x, https:\/\/i0.wp.com\/www.wallendorff.com\/belogue\/wp-content\/uploads\/2015\/04\/201502201.jpg?resize=700%2C400&ssl=1 2x"},"classes":[]},{"id":7399,"url":"https:\/\/www.wallendorff.com\/belogue\/2010\/04\/17\/the-black-box-revelation-general-fiasco-le-point-ephemere-paris-14-avril\/","url_meta":{"origin":13212,"position":5},"title":"The Black Box Revelation + General Fiasco @ le Point \u00c9ph\u00e9m\u00e8re, Paris, 14 avril.","author":"dpc","date":"17 avril 2010","format":false,"excerpt":"Sur Silver Threats, leur deuxi\u00e8me album, les deux Belges affichent une volont\u00e9 de maturit\u00e9 d\u00e9bouchant sur des morceaux moins enflamm\u00e9s, plus pos\u00e9s et lourds, signes de changement, d'\u00e9volution, d'envie de faire pas pareil que sur Set Your Head on Fire, ce premier effort sentant le souffre qui avait tant bluff\u00e9\u2026","rel":"","context":"Dans &quot;Alive&quot;","block_context":{"text":"Alive","link":"https:\/\/www.wallendorff.com\/belogue\/category\/alive\/"},"img":{"alt_text":"","src":"https:\/\/i0.wp.com\/www.wallendorff.com\/belogue\/wp-content\/uploads\/2015\/04\/201004171.jpg?resize=350%2C200&ssl=1","width":350,"height":200,"srcset":"https:\/\/i0.wp.com\/www.wallendorff.com\/belogue\/wp-content\/uploads\/2015\/04\/201004171.jpg?resize=350%2C200&ssl=1 1x, https:\/\/i0.wp.com\/www.wallendorff.com\/belogue\/wp-content\/uploads\/2015\/04\/201004171.jpg?resize=525%2C300&ssl=1 1.5x, https:\/\/i0.wp.com\/www.wallendorff.com\/belogue\/wp-content\/uploads\/2015\/04\/201004171.jpg?resize=700%2C400&ssl=1 2x"},"classes":[]}],"_links":{"self":[{"href":"https:\/\/www.wallendorff.com\/belogue\/wp-json\/wp\/v2\/posts\/13212","targetHints":{"allow":["GET"]}}],"collection":[{"href":"https:\/\/www.wallendorff.com\/belogue\/wp-json\/wp\/v2\/posts"}],"about":[{"href":"https:\/\/www.wallendorff.com\/belogue\/wp-json\/wp\/v2\/types\/post"}],"author":[{"embeddable":true,"href":"https:\/\/www.wallendorff.com\/belogue\/wp-json\/wp\/v2\/users\/1"}],"replies":[{"embeddable":true,"href":"https:\/\/www.wallendorff.com\/belogue\/wp-json\/wp\/v2\/comments?post=13212"}],"version-history":[{"count":6,"href":"https:\/\/www.wallendorff.com\/belogue\/wp-json\/wp\/v2\/posts\/13212\/revisions"}],"predecessor-version":[{"id":16909,"href":"https:\/\/www.wallendorff.com\/belogue\/wp-json\/wp\/v2\/posts\/13212\/revisions\/16909"}],"wp:featuredmedia":[{"embeddable":true,"href":"https:\/\/www.wallendorff.com\/belogue\/wp-json\/wp\/v2\/media\/26234"}],"wp:attachment":[{"href":"https:\/\/www.wallendorff.com\/belogue\/wp-json\/wp\/v2\/media?parent=13212"}],"wp:term":[{"taxonomy":"category","embeddable":true,"href":"https:\/\/www.wallendorff.com\/belogue\/wp-json\/wp\/v2\/categories?post=13212"},{"taxonomy":"post_tag","embeddable":true,"href":"https:\/\/www.wallendorff.com\/belogue\/wp-json\/wp\/v2\/tags?post=13212"}],"curies":[{"name":"wp","href":"https:\/\/api.w.org\/{rel}","templated":true}]}}