{"id":132,"date":"2006-04-23T13:26:23","date_gmt":"2006-04-23T13:26:23","guid":{"rendered":"http:\/\/www.po-l.com\/wordpress\/?p=132"},"modified":"2012-03-13T11:09:31","modified_gmt":"2012-03-13T09:09:31","slug":"anima-l-domestique","status":"publish","type":"post","link":"https:\/\/www.wallendorff.com\/belogue\/2006\/04\/23\/anima-l-domestique\/","title":{"rendered":"Anima l&rsquo;domestique."},"content":{"rendered":"\n<div id=\"photo\">\n<p><img decoding=\"async\" src=\"http:\/\/www.po-L.com\/belogue\/photo\/2006\/04\/20060423.jpg\" \/><br \/>\n          Be Your Own Pet, La Maroquinerie, Paris, 19 avril.<\/p>\n<\/div>\n<p style=\"text-align:right\">J&rsquo;&eacute;tais parti [&agrave; la laverie] pour un gars marchant &agrave; contre-jour sur fond de <em>When The Sun Goes Down<\/em> arctiquement simiesque, mais apr&egrave;s avoir foir&eacute; le rangement de mon linge pour cause d&rsquo;auto-pogo solitaire au milieu du salon-chambre-boudoir-salle-&agrave;-manger-bureau-auditorium en essayant de finaliser mes t&acirc;ches de d&eacute;tachage hebdomadaires, je pr&eacute;f&egrave;re mettre &ccedil;a.<\/p>\n<p style=\"text-align:right\">Et aller remettre &ccedil;a.<\/p>\n<p style=\"text-align:right\">Han.<\/p>\n<p style=\"text-align:right\">Coup de foudre.<\/p>\n<div id=\"bandeson\">\n<p><img decoding=\"async\" src=\"https:\/\/www.wallendorff.com\/belogue\/photo\/pochettes\/b\/be_your_own_pet-be_your_own_pet.jpg\" align=\"left\" \/>&nbsp;<a href=\"http:\/\/www.beyourownpet.com\/\">Be Your Own Pet<\/a> &mdash; <em>Fuuuuun<\/em><\/p>\n<\/p><\/div>\n","protected":false},"excerpt":{"rendered":"<p>Be Your Own Pet, La Maroquinerie, Paris, 19 avril. J&rsquo;&eacute;tais parti [&agrave; la laverie] pour un gars marchant &agrave; contre-jour sur fond de When The Sun Goes Down arctiquement simiesque, mais apr&egrave;s avoir foir&eacute; le rangement de mon linge pour cause d&rsquo;auto-pogo solitaire au milieu du salon-chambre-boudoir-salle-&agrave;-manger-bureau-auditorium en essayant de finaliser mes t&acirc;ches de d&eacute;tachage&hellip;<\/p>\n","protected":false},"author":1,"featured_media":24066,"comment_status":"open","ping_status":"open","sticky":false,"template":"","format":"standard","meta":{"_acf_changed":false,"ngg_post_thumbnail":0,"jetpack_post_was_ever_published":false,"_jetpack_newsletter_access":"","_jetpack_dont_email_post_to_subs":false,"_jetpack_newsletter_tier_id":0,"_jetpack_memberships_contains_paywalled_content":false,"_jetpack_memberships_contains_paid_content":false,"footnotes":"","jetpack_publicize_message":"","jetpack_publicize_feature_enabled":true,"jetpack_social_post_already_shared":false,"jetpack_social_options":{"image_generator_settings":{"template":"highway","default_image_id":0,"font":"","enabled":false},"version":2}},"categories":[3],"tags":[174,10216,10084,1561,132,10120,1562,10121,10290,143,10098,173],"class_list":["post-132","post","type-post","status-publish","format-standard","has-post-thumbnail","hentry","category-dpc","tag-174","tag-10216","tag-alive","tag-be-your-own-pet","tag-eos-20d","tag-france","tag-fuuuuun","tag-ile-de-france","tag-la-maroquinerie","tag-noir-et-blanc","tag-paris","tag-sigma-28-70-mm-f28-dg-ex"],"acf":[],"geo":{"latitude":48.8685608,"longitude":2.3919244,"description":"18-26 Rue Boyer, 75020 Paris, France"},"jetpack_publicize_connections":[],"jetpack_featured_media_url":"https:\/\/www.wallendorff.com\/belogue\/wp-content\/uploads\/2015\/04\/200604231.jpg","jetpack_shortlink":"https:\/\/wp.me\/p3b35P-28","jetpack_sharing_enabled":true,"jetpack-related-posts":[{"id":135244,"url":"https:\/\/www.wallendorff.com\/belogue\/2026\/02\/10\/die-spitz-la-maroquinerie-paris-9-decembre-2026\/","url_meta":{"origin":132,"position":0},"title":"Die Spitz @ la Maroquinerie, Paris, 9 f\u00e9vrier 2026.","author":"dpc","date":"10 f\u00e9vrier 2026","format":false,"excerpt":"Die Spitz @ la Maroquinerie, Paris, 08\/02\/2026 Die Spitz @ la Maroquinerie, Paris, 08\/02\/2026 Die Spitz @ la Maroquinerie, Paris, 08\/02\/2026 Die Spitz @ la Maroquinerie, Paris, 08\/02\/2026 Die Spitz @ la Maroquinerie, Paris, 08\/02\/2026 Die Spitz @ la Maroquinerie, Paris, 08\/02\/2026 Die Spitz @ la Maroquinerie, Paris, 08\/02\/2026 Die\u2026","rel":"","context":"Dans &quot;Alive&quot;","block_context":{"text":"Alive","link":"https:\/\/www.wallendorff.com\/belogue\/category\/alive\/"},"img":{"alt_text":"","src":"https:\/\/i0.wp.com\/www.wallendorff.com\/belogue\/wp-content\/uploads\/2026\/02\/20260210-16.jpg?resize=350%2C200&ssl=1","width":350,"height":200,"srcset":"https:\/\/i0.wp.com\/www.wallendorff.com\/belogue\/wp-content\/uploads\/2026\/02\/20260210-16.jpg?resize=350%2C200&ssl=1 1x, https:\/\/i0.wp.com\/www.wallendorff.com\/belogue\/wp-content\/uploads\/2026\/02\/20260210-16.jpg?resize=525%2C300&ssl=1 1.5x, https:\/\/i0.wp.com\/www.wallendorff.com\/belogue\/wp-content\/uploads\/2026\/02\/20260210-16.jpg?resize=700%2C400&ssl=1 2x, https:\/\/i0.wp.com\/www.wallendorff.com\/belogue\/wp-content\/uploads\/2026\/02\/20260210-16.jpg?resize=1050%2C600&ssl=1 3x"},"classes":[]},{"id":14464,"url":"https:\/\/www.wallendorff.com\/belogue\/2011\/11\/16\/oh-land-the-good-natured-la-maroquinerie-paris\/","url_meta":{"origin":132,"position":1},"title":"[Oh land + ]The Good Natured @ la Maroquinerie, Paris.","author":"dpc","date":"16 novembre 2011","format":false,"excerpt":"Perfection | Break the Chain | Sun of a Gun | Voodoo | Lean | Audition Day | Rainbow | Deep-Sea | Human | Twist | White Nights || Frostbite | We Turn It Up Bon en fait j'\u00e9tais pas venu pour Oh Land mais pour The Good Natured. Mais\u2026","rel":"","context":"Dans &quot;Alive&quot;","block_context":{"text":"Alive","link":"https:\/\/www.wallendorff.com\/belogue\/category\/alive\/"},"img":{"alt_text":"","src":"https:\/\/i0.wp.com\/www.wallendorff.com\/belogue\/wp-content\/uploads\/2015\/04\/201111161.jpg?resize=350%2C200&ssl=1","width":350,"height":200,"srcset":"https:\/\/i0.wp.com\/www.wallendorff.com\/belogue\/wp-content\/uploads\/2015\/04\/201111161.jpg?resize=350%2C200&ssl=1 1x, https:\/\/i0.wp.com\/www.wallendorff.com\/belogue\/wp-content\/uploads\/2015\/04\/201111161.jpg?resize=525%2C300&ssl=1 1.5x, https:\/\/i0.wp.com\/www.wallendorff.com\/belogue\/wp-content\/uploads\/2015\/04\/201111161.jpg?resize=700%2C400&ssl=1 2x"},"classes":[]},{"id":182,"url":"https:\/\/www.wallendorff.com\/belogue\/2006\/06\/27\/it-s-just-not-enough-when-i-m-awake\/","url_meta":{"origin":132,"position":2},"title":"Previously unreleased #37.","author":"dpc","date":"27 juin 2006","format":false,"excerpt":"Be Your Own Pet, La Maroquinerie, Paris, 19 avril. Tu es tomb\u00e9 du lit avec le m\u00eame mal de cr\u00e2ne qui t'y a plong\u00e9 hier soir, tu t'es tra\u00een\u00e9 aux aurores jusqu'au bureau avec l'entrain d'un Suisse revenant du stade1, tu as d\u00e9cid\u00e9 de petit d\u00e9je\u00fbner au th\u00e9 et l\u00e0,\u2026","rel":"","context":"Dans &quot;Previously unreleased&quot;","block_context":{"text":"Previously unreleased","link":"https:\/\/www.wallendorff.com\/belogue\/category\/previously-unreleased\/"},"img":{"alt_text":"","src":"https:\/\/i0.wp.com\/www.wallendorff.com\/belogue\/wp-content\/uploads\/2015\/04\/200606271.jpg?resize=350%2C200&ssl=1","width":350,"height":200},"classes":[]},{"id":1169,"url":"https:\/\/www.wallendorff.com\/belogue\/2008\/02\/24\/tiny-masters-of-today-the-dodoz-la-maroquinerie-paris\/","url_meta":{"origin":132,"position":3},"title":"Tiny Masters of Today + The Dodoz @ la Maroquinerie, Paris.","author":"dpc","date":"24 f\u00e9vrier 2008","format":false,"excerpt":"Curiosit\u00e9 du moment pour beaucoup \u2015\u00a0mais pas pour tout le monde, puisque \u00e9trangement la moiti\u00e9 de la salle est partie apr\u00e8s les Dodoz\u00a0\u2015, le fr\u00e8re, la s\u0153ur et leur batteur en forme de Kurt Cobain juv\u00e9nile d\u00e9barquent sur sc\u00e8ne pour livrer un set bien plus mou que leur Bang Bang\u2026","rel":"","context":"Dans &quot;Alive&quot;","block_context":{"text":"Alive","link":"https:\/\/www.wallendorff.com\/belogue\/category\/alive\/"},"img":{"alt_text":"","src":"https:\/\/i0.wp.com\/www.wallendorff.com\/belogue\/wp-content\/uploads\/2015\/04\/200802241.jpg?resize=350%2C200&ssl=1","width":350,"height":200,"srcset":"https:\/\/i0.wp.com\/www.wallendorff.com\/belogue\/wp-content\/uploads\/2015\/04\/200802241.jpg?resize=350%2C200&ssl=1 1x, https:\/\/i0.wp.com\/www.wallendorff.com\/belogue\/wp-content\/uploads\/2015\/04\/200802241.jpg?resize=525%2C300&ssl=1 1.5x, https:\/\/i0.wp.com\/www.wallendorff.com\/belogue\/wp-content\/uploads\/2015\/04\/200802241.jpg?resize=700%2C400&ssl=1 2x"},"classes":[]},{"id":1100,"url":"https:\/\/www.wallendorff.com\/belogue\/2007\/12\/05\/thed-la-maroquinerie-paris\/","url_meta":{"origin":132,"position":4},"title":"The D\u00f8 @ la Maroquinerie, Paris.","author":"dpc","date":"5 d\u00e9cembre 2007","format":false,"excerpt":"Complices, intenses, arm\u00e9s d'une chouette chanteuse, The D\u00f8 ont tout pour eux, y compris un tas de Finlandais venus d'on-ne-sait-o\u00f91 pour venir les acclamer en finnois quand on en vient \u00e0 Unissasi Laulelet. Le pied. Je leur souhaite de vendre des cartons entiers de leur A Mouthful, \u00e7a leur permettra\u2026","rel":"","context":"Dans &quot;Alive&quot;","block_context":{"text":"Alive","link":"https:\/\/www.wallendorff.com\/belogue\/category\/alive\/"},"img":{"alt_text":"","src":"https:\/\/i0.wp.com\/www.wallendorff.com\/belogue\/wp-content\/uploads\/2015\/04\/200712051.jpg?resize=350%2C200&ssl=1","width":350,"height":200,"srcset":"https:\/\/i0.wp.com\/www.wallendorff.com\/belogue\/wp-content\/uploads\/2015\/04\/200712051.jpg?resize=350%2C200&ssl=1 1x, https:\/\/i0.wp.com\/www.wallendorff.com\/belogue\/wp-content\/uploads\/2015\/04\/200712051.jpg?resize=525%2C300&ssl=1 1.5x, https:\/\/i0.wp.com\/www.wallendorff.com\/belogue\/wp-content\/uploads\/2015\/04\/200712051.jpg?resize=700%2C400&ssl=1 2x"},"classes":[]},{"id":23464,"url":"https:\/\/www.wallendorff.com\/belogue\/2014\/10\/21\/bastian-baker-la-maroquinerie-paris\/","url_meta":{"origin":132,"position":5},"title":"Bastian Baker @ la Maroquinerie, Paris.","author":"dpc","date":"21 octobre 2014","format":false,"excerpt":"Oui, Bastian Baker. Puisque c'est un artiste pour jeunes, on retrouve certains incontournables du concert d'artiste pour jeunes\u00a0: filles qui campent devant la Maro la nuit pr\u00e9c\u00e9dente, fosse pr\u00eate \u00e0 mordre pour d\u00e9fendre sa place au pied de la sc\u00e8ne [d'o\u00f9 les photos de loin], parents d\u00e9s\u0153uvr\u00e9s venus pour accompagner\u2026","rel":"","context":"Dans &quot;Alive&quot;","block_context":{"text":"Alive","link":"https:\/\/www.wallendorff.com\/belogue\/category\/alive\/"},"img":{"alt_text":"","src":"https:\/\/i0.wp.com\/www.wallendorff.com\/belogue\/wp-content\/uploads\/2015\/04\/201410211.jpg?resize=350%2C200&ssl=1","width":350,"height":200,"srcset":"https:\/\/i0.wp.com\/www.wallendorff.com\/belogue\/wp-content\/uploads\/2015\/04\/201410211.jpg?resize=350%2C200&ssl=1 1x, https:\/\/i0.wp.com\/www.wallendorff.com\/belogue\/wp-content\/uploads\/2015\/04\/201410211.jpg?resize=525%2C300&ssl=1 1.5x, https:\/\/i0.wp.com\/www.wallendorff.com\/belogue\/wp-content\/uploads\/2015\/04\/201410211.jpg?resize=700%2C400&ssl=1 2x"},"classes":[]}],"_links":{"self":[{"href":"https:\/\/www.wallendorff.com\/belogue\/wp-json\/wp\/v2\/posts\/132","targetHints":{"allow":["GET"]}}],"collection":[{"href":"https:\/\/www.wallendorff.com\/belogue\/wp-json\/wp\/v2\/posts"}],"about":[{"href":"https:\/\/www.wallendorff.com\/belogue\/wp-json\/wp\/v2\/types\/post"}],"author":[{"embeddable":true,"href":"https:\/\/www.wallendorff.com\/belogue\/wp-json\/wp\/v2\/users\/1"}],"replies":[{"embeddable":true,"href":"https:\/\/www.wallendorff.com\/belogue\/wp-json\/wp\/v2\/comments?post=132"}],"version-history":[{"count":1,"href":"https:\/\/www.wallendorff.com\/belogue\/wp-json\/wp\/v2\/posts\/132\/revisions"}],"predecessor-version":[{"id":16353,"href":"https:\/\/www.wallendorff.com\/belogue\/wp-json\/wp\/v2\/posts\/132\/revisions\/16353"}],"wp:featuredmedia":[{"embeddable":true,"href":"https:\/\/www.wallendorff.com\/belogue\/wp-json\/wp\/v2\/media\/24066"}],"wp:attachment":[{"href":"https:\/\/www.wallendorff.com\/belogue\/wp-json\/wp\/v2\/media?parent=132"}],"wp:term":[{"taxonomy":"category","embeddable":true,"href":"https:\/\/www.wallendorff.com\/belogue\/wp-json\/wp\/v2\/categories?post=132"},{"taxonomy":"post_tag","embeddable":true,"href":"https:\/\/www.wallendorff.com\/belogue\/wp-json\/wp\/v2\/tags?post=132"}],"curies":[{"name":"wp","href":"https:\/\/api.w.org\/{rel}","templated":true}]}}