{"id":131806,"date":"2025-02-20T15:32:36","date_gmt":"2025-02-20T13:32:36","guid":{"rendered":"https:\/\/www.wallendorff.com\/belogue\/?p=131806"},"modified":"2025-02-20T15:34:31","modified_gmt":"2025-02-20T13:34:31","slug":"jerigeai-reitre-et-sis-laigre-os","status":"publish","type":"post","link":"https:\/\/www.wallendorff.com\/belogue\/2025\/02\/20\/jerigeai-reitre-et-sis-laigre-os\/","title":{"rendered":"J&rsquo;\u00e9rigeai re\u00eetre et sis l&rsquo;aigre os."},"content":{"rendered":"\t\t<div data-elementor-type=\"wp-post\" data-elementor-id=\"131806\" class=\"elementor elementor-131806\" data-elementor-post-type=\"post\">\n\t\t\t\t\t\t<section class=\"elementor-section elementor-top-section elementor-element elementor-element-18f9c4bc elementor-section-boxed elementor-section-height-default elementor-section-height-default\" data-id=\"18f9c4bc\" data-element_type=\"section\" data-e-type=\"section\">\n\t\t\t\t\t\t<div class=\"elementor-container elementor-column-gap-default\">\n\t\t\t\t\t<div class=\"elementor-column elementor-col-100 elementor-top-column elementor-element elementor-element-31b37445\" data-id=\"31b37445\" data-element_type=\"column\" data-e-type=\"column\">\n\t\t\t<div class=\"elementor-widget-wrap elementor-element-populated\">\n\t\t\t\t\t\t<div class=\"elementor-element elementor-element-3e90fa35 elementor-widget elementor-widget-text-editor\" data-id=\"3e90fa35\" data-element_type=\"widget\" data-e-type=\"widget\" data-widget_type=\"text-editor.default\">\n\t\t\t\t<div class=\"elementor-widget-container\">\n\t\t\t\t\t\t\t\t\t<div id=\"photo\"><img decoding=\"async\" src=\"https:\/\/www.wallendorff.com\/belogue\/wp-content\/uploads\/2025\/02\/20250220.jpg\" \/>\n\nMus\u00e9e de l&rsquo;Homme, Paris, 12 octobre 2024.<\/div>\t\t\t\t\t\t\t\t<\/div>\n\t\t\t\t<\/div>\n\t\t\t\t\t<\/div>\n\t\t<\/div>\n\t\t\t\t\t<\/div>\n\t\t<\/section>\n\t\t\t\t<\/div>\n\t\t","protected":false},"excerpt":{"rendered":"<p>Mus\u00e9e de l&rsquo;Homme, Paris, 12 octobre 2024.<\/p>\n","protected":false},"author":1,"featured_media":131808,"comment_status":"open","ping_status":"open","sticky":false,"template":"","format":"standard","meta":{"_acf_changed":false,"ngg_post_thumbnail":0,"jetpack_post_was_ever_published":false,"_jetpack_newsletter_access":"","_jetpack_dont_email_post_to_subs":false,"_jetpack_newsletter_tier_id":0,"_jetpack_memberships_contains_paywalled_content":false,"_jetpack_memberships_contains_paid_content":false,"footnotes":"","jetpack_publicize_message":"","jetpack_publicize_feature_enabled":false,"jetpack_social_post_already_shared":true,"jetpack_social_options":{"image_generator_settings":{"template":"highway","enabled":false},"version":2}},"categories":[3],"tags":[10372,10715,10120,18290,10121,10232,19889,3254,10098,3252,10236,19397],"class_list":["post-131806","post","type-post","status-publish","format-standard","has-post-thumbnail","hentry","category-dpc","tag-10372","tag-enfant","tag-france","tag-fujifilm-x-t5","tag-ile-de-france","tag-musee","tag-musee-de-lhomme","tag-palais-de-chaillot","tag-paris","tag-place-du-trocadero-et-du-11-novembre","tag-tour-eiffel","tag-voigtlander-27-mm-f-2-ultron"],"acf":[],"geo":{"latitude":48.8619728,"longitude":2.2877686,"description":"Paris 16, \u00cele-de-France, 75016, FR"},"jetpack_publicize_connections":[],"jetpack_featured_media_url":"https:\/\/www.wallendorff.com\/belogue\/wp-content\/uploads\/2025\/02\/20250220.jpg","jetpack_shortlink":"https:\/\/wp.me\/p3b35P-yhU","jetpack_sharing_enabled":true,"jetpack-related-posts":[{"id":131069,"url":"https:\/\/www.wallendorff.com\/belogue\/2024\/10\/31\/octobre-2024\/","url_meta":{"origin":131806,"position":0},"title":"Octobre 2024.","author":"dpc","date":"31 octobre 2024","format":false,"excerpt":"Un ap\u00e9ro, une fresque, un ap\u00e9ro, un au-revoir, un reflet, une valise, des avions, une ruelle, un chat pr\u00e9nomm\u00e9 PREEEEGO, un livre \u00e0 l\u2019ombre, un reflet, une \u0153uvre d\u2019art, une pause, un avion, des toques, un graffiti, une bande dessin\u00e9e, un mus\u00e9e, une tour, un chat pr\u00e9nomm\u00e9 Plume, une expo,\u2026","rel":"","context":"Dans &quot;Blog-note&quot;","block_context":{"text":"Blog-note","link":"https:\/\/www.wallendorff.com\/belogue\/category\/blog-note\/"},"img":{"alt_text":"","src":"https:\/\/i0.wp.com\/www.wallendorff.com\/belogue\/wp-content\/uploads\/2024\/11\/20241116-09.jpg?resize=350%2C200&ssl=1","width":350,"height":200,"srcset":"https:\/\/i0.wp.com\/www.wallendorff.com\/belogue\/wp-content\/uploads\/2024\/11\/20241116-09.jpg?resize=350%2C200&ssl=1 1x, https:\/\/i0.wp.com\/www.wallendorff.com\/belogue\/wp-content\/uploads\/2024\/11\/20241116-09.jpg?resize=525%2C300&ssl=1 1.5x, https:\/\/i0.wp.com\/www.wallendorff.com\/belogue\/wp-content\/uploads\/2024\/11\/20241116-09.jpg?resize=700%2C400&ssl=1 2x, https:\/\/i0.wp.com\/www.wallendorff.com\/belogue\/wp-content\/uploads\/2024\/11\/20241116-09.jpg?resize=1050%2C600&ssl=1 3x"},"classes":[]},{"id":11254,"url":"https:\/\/www.wallendorff.com\/belogue\/2011\/01\/06\/lennui-au-musee\/","url_meta":{"origin":131806,"position":1},"title":"L&rsquo;ennui au mus\u00e9e.","author":"dpc","date":"6 janvier 2011","format":false,"excerpt":"Centre Pompidou-Metz, Metz, 8 novembre 2010. The High Wire \u2013 Odds & Evens","rel":"","context":"Dans &quot;DPC&quot;","block_context":{"text":"DPC","link":"https:\/\/www.wallendorff.com\/belogue\/category\/dpc\/"},"img":{"alt_text":"","src":"https:\/\/i0.wp.com\/www.wallendorff.com\/belogue\/wp-content\/uploads\/2015\/04\/201101061.jpg?resize=350%2C200&ssl=1","width":350,"height":200},"classes":[]},{"id":21552,"url":"https:\/\/www.wallendorff.com\/belogue\/2013\/09\/06\/into-the-wide-17\/","url_meta":{"origin":131806,"position":2},"title":"Into the wide #17.","author":"dpc","date":"6 septembre 2013","format":false,"excerpt":"Mus\u00e9e Carnavalet, Paris, 21 juillet. Carnavalet est mon mus\u00e9e pr\u00e9f\u00e9r\u00e9 de Paris. Ce n'est ni le plus grand, ni le plus grandiose, mais le plus \u00e0 part. Carnavalet est mon mus\u00e9e pr\u00e9f\u00e9r\u00e9 de Paris parce que l'on y trouve tout un bric-\u00e0-brac organis\u00e9 par p\u00e9riodes et r\u00e9cup\u00e9r\u00e9 au fur et\u2026","rel":"","context":"Dans &quot;Into the wide&quot;","block_context":{"text":"Into the wide","link":"https:\/\/www.wallendorff.com\/belogue\/category\/into-the-wide\/"},"img":{"alt_text":"","src":"https:\/\/i0.wp.com\/www.wallendorff.com\/belogue\/wp-content\/uploads\/2015\/04\/201309061.jpg?resize=350%2C200&ssl=1","width":350,"height":200,"srcset":"https:\/\/i0.wp.com\/www.wallendorff.com\/belogue\/wp-content\/uploads\/2015\/04\/201309061.jpg?resize=350%2C200&ssl=1 1x, https:\/\/i0.wp.com\/www.wallendorff.com\/belogue\/wp-content\/uploads\/2015\/04\/201309061.jpg?resize=525%2C300&ssl=1 1.5x, https:\/\/i0.wp.com\/www.wallendorff.com\/belogue\/wp-content\/uploads\/2015\/04\/201309061.jpg?resize=700%2C400&ssl=1 2x"},"classes":[]},{"id":11257,"url":"https:\/\/www.wallendorff.com\/belogue\/2011\/01\/07\/lennui-au-musee-2\/","url_meta":{"origin":131806,"position":3},"title":"L&rsquo;ennui au mus\u00e9e 2.","author":"dpc","date":"7 janvier 2011","format":false,"excerpt":"Centre Pompidou-Metz, Metz, 8 novembre 2010. Woodsman \u2013 Insects","rel":"","context":"Dans &quot;DPC&quot;","block_context":{"text":"DPC","link":"https:\/\/www.wallendorff.com\/belogue\/category\/dpc\/"},"img":{"alt_text":"","src":"https:\/\/i0.wp.com\/www.wallendorff.com\/belogue\/wp-content\/uploads\/2015\/04\/201101071.jpg?resize=350%2C200&ssl=1","width":350,"height":200,"srcset":"https:\/\/i0.wp.com\/www.wallendorff.com\/belogue\/wp-content\/uploads\/2015\/04\/201101071.jpg?resize=350%2C200&ssl=1 1x, https:\/\/i0.wp.com\/www.wallendorff.com\/belogue\/wp-content\/uploads\/2015\/04\/201101071.jpg?resize=525%2C300&ssl=1 1.5x, https:\/\/i0.wp.com\/www.wallendorff.com\/belogue\/wp-content\/uploads\/2015\/04\/201101071.jpg?resize=700%2C400&ssl=1 2x"},"classes":[]},{"id":127545,"url":"https:\/\/www.wallendorff.com\/belogue\/2024\/02\/29\/fevrier-2024\/","url_meta":{"origin":131806,"position":4},"title":"F\u00e9vrier 2024.","author":"dpc","date":"29 f\u00e9vrier 2024","format":false,"excerpt":"Un gros piquet, des lumi\u00e8res, un si\u00e8ge, un man\u00e8ge, un m\u00e9tro, des chaises, un spectacle, un bisou, une expo, un gros dino, un v\u00e9lo, un reflet, un m\u00e9tro, un logo, une vitrine, une flaque, une cour, un pont, une grue, un chat pr\u00e9nomm\u00e9 Albert, un serpent tout vert, une marche,\u2026","rel":"","context":"Dans &quot;Blog-note&quot;","block_context":{"text":"Blog-note","link":"https:\/\/www.wallendorff.com\/belogue\/category\/blog-note\/"},"img":{"alt_text":"","src":"https:\/\/i0.wp.com\/www.wallendorff.com\/belogue\/wp-content\/uploads\/2024\/03\/20240321-50.jpg?resize=350%2C200&ssl=1","width":350,"height":200,"srcset":"https:\/\/i0.wp.com\/www.wallendorff.com\/belogue\/wp-content\/uploads\/2024\/03\/20240321-50.jpg?resize=350%2C200&ssl=1 1x, https:\/\/i0.wp.com\/www.wallendorff.com\/belogue\/wp-content\/uploads\/2024\/03\/20240321-50.jpg?resize=525%2C300&ssl=1 1.5x, https:\/\/i0.wp.com\/www.wallendorff.com\/belogue\/wp-content\/uploads\/2024\/03\/20240321-50.jpg?resize=700%2C400&ssl=1 2x, https:\/\/i0.wp.com\/www.wallendorff.com\/belogue\/wp-content\/uploads\/2024\/03\/20240321-50.jpg?resize=1050%2C600&ssl=1 3x"},"classes":[]},{"id":302,"url":"https:\/\/www.wallendorff.com\/belogue\/2005\/08\/01\/temps-passe-et-des-m-ailleurs\/","url_meta":{"origin":131806,"position":5},"title":"Temps passe et des m&rsquo;ailleurs.","author":"dpc","date":"1 ao\u00fbt 2005","format":false,"excerpt":"Mus\u00e9e d'Orsay, Paris, 20 juillet. \u00c0 force de tourner, squatter, voyager, partir, revenir, passer, laisser, [re]trouver, d\u00e9coller et arriver, On finit par se demander o\u00f9 l'on sera le mieux. Ou \u00e0 parfaitement conna\u00eetre la r\u00e9ponse de cette question. Ce qui est, apr\u00e8s ces deux ann\u00e9es d'a\u00e9roports, d'autoroutes et de gares,\u2026","rel":"","context":"Dans &quot;DPC&quot;","block_context":{"text":"DPC","link":"https:\/\/www.wallendorff.com\/belogue\/category\/dpc\/"},"img":{"alt_text":"","src":"https:\/\/i0.wp.com\/www.wallendorff.com\/belogue\/wp-content\/uploads\/2015\/04\/200508011.jpg?resize=350%2C200&ssl=1","width":350,"height":200,"srcset":"https:\/\/i0.wp.com\/www.wallendorff.com\/belogue\/wp-content\/uploads\/2015\/04\/200508011.jpg?resize=350%2C200&ssl=1 1x, https:\/\/i0.wp.com\/www.wallendorff.com\/belogue\/wp-content\/uploads\/2015\/04\/200508011.jpg?resize=525%2C300&ssl=1 1.5x"},"classes":[]}],"_links":{"self":[{"href":"https:\/\/www.wallendorff.com\/belogue\/wp-json\/wp\/v2\/posts\/131806","targetHints":{"allow":["GET"]}}],"collection":[{"href":"https:\/\/www.wallendorff.com\/belogue\/wp-json\/wp\/v2\/posts"}],"about":[{"href":"https:\/\/www.wallendorff.com\/belogue\/wp-json\/wp\/v2\/types\/post"}],"author":[{"embeddable":true,"href":"https:\/\/www.wallendorff.com\/belogue\/wp-json\/wp\/v2\/users\/1"}],"replies":[{"embeddable":true,"href":"https:\/\/www.wallendorff.com\/belogue\/wp-json\/wp\/v2\/comments?post=131806"}],"version-history":[{"count":5,"href":"https:\/\/www.wallendorff.com\/belogue\/wp-json\/wp\/v2\/posts\/131806\/revisions"}],"predecessor-version":[{"id":131812,"href":"https:\/\/www.wallendorff.com\/belogue\/wp-json\/wp\/v2\/posts\/131806\/revisions\/131812"}],"wp:featuredmedia":[{"embeddable":true,"href":"https:\/\/www.wallendorff.com\/belogue\/wp-json\/wp\/v2\/media\/131808"}],"wp:attachment":[{"href":"https:\/\/www.wallendorff.com\/belogue\/wp-json\/wp\/v2\/media?parent=131806"}],"wp:term":[{"taxonomy":"category","embeddable":true,"href":"https:\/\/www.wallendorff.com\/belogue\/wp-json\/wp\/v2\/categories?post=131806"},{"taxonomy":"post_tag","embeddable":true,"href":"https:\/\/www.wallendorff.com\/belogue\/wp-json\/wp\/v2\/tags?post=131806"}],"curies":[{"name":"wp","href":"https:\/\/api.w.org\/{rel}","templated":true}]}}