{"id":131794,"date":"2025-02-18T17:58:55","date_gmt":"2025-02-18T15:58:55","guid":{"rendered":"https:\/\/www.wallendorff.com\/belogue\/?p=131794"},"modified":"2025-02-18T17:59:37","modified_gmt":"2025-02-18T15:59:37","slug":"chance-alizait-qulimmense-haut","status":"publish","type":"post","link":"https:\/\/www.wallendorff.com\/belogue\/2025\/02\/18\/chance-alizait-qulimmense-haut\/","title":{"rendered":"Chance alizait qu&rsquo;l&rsquo;immense haut."},"content":{"rendered":"\t\t<div data-elementor-type=\"wp-post\" data-elementor-id=\"131794\" class=\"elementor elementor-131794\" data-elementor-post-type=\"post\">\n\t\t\t\t\t\t<section class=\"elementor-section elementor-top-section elementor-element elementor-element-18f9c4bc elementor-section-boxed elementor-section-height-default elementor-section-height-default\" data-id=\"18f9c4bc\" data-element_type=\"section\" data-e-type=\"section\">\n\t\t\t\t\t\t<div class=\"elementor-container elementor-column-gap-default\">\n\t\t\t\t\t<div class=\"elementor-column elementor-col-100 elementor-top-column elementor-element elementor-element-31b37445\" data-id=\"31b37445\" data-element_type=\"column\" data-e-type=\"column\">\n\t\t\t<div class=\"elementor-widget-wrap elementor-element-populated\">\n\t\t\t\t\t\t<div class=\"elementor-element elementor-element-3e90fa35 elementor-widget elementor-widget-text-editor\" data-id=\"3e90fa35\" data-element_type=\"widget\" data-e-type=\"widget\" data-widget_type=\"text-editor.default\">\n\t\t\t\t<div class=\"elementor-widget-container\">\n\t\t\t\t\t\t\t\t\t<div id=\"photo\"><img decoding=\"async\" src=\"https:\/\/www.wallendorff.com\/belogue\/wp-content\/uploads\/2025\/02\/20250218.jpg\" \/>\n<br \/>Place du Trocad\u00e9ro-et-du-11-Novembre, Paris, 12 octobre 2024.<\/div>\t\t\t\t\t\t\t\t<\/div>\n\t\t\t\t<\/div>\n\t\t\t\t\t<\/div>\n\t\t<\/div>\n\t\t\t\t\t<\/div>\n\t\t<\/section>\n\t\t\t\t<\/div>\n\t\t","protected":false},"excerpt":{"rendered":"<p>Place du Trocad\u00e9ro-et-du-11-Novembre, Paris, 12 octobre 2024.<\/p>\n","protected":false},"author":1,"featured_media":131800,"comment_status":"open","ping_status":"open","sticky":false,"template":"","format":"standard","meta":{"_acf_changed":true,"ngg_post_thumbnail":0,"jetpack_post_was_ever_published":false,"_jetpack_newsletter_access":"","_jetpack_dont_email_post_to_subs":false,"_jetpack_newsletter_tier_id":0,"_jetpack_memberships_contains_paywalled_content":false,"_jetpack_memberships_contains_paid_content":false,"footnotes":"","jetpack_publicize_message":"","jetpack_publicize_feature_enabled":false,"jetpack_social_post_already_shared":true,"jetpack_social_options":{"image_generator_settings":{"template":"highway","enabled":false},"version":2}},"categories":[3],"tags":[10372,10120,18290,10121,14807,10098,3252,10592,19267,10236],"class_list":["post-131794","post","type-post","status-publish","format-standard","has-post-thumbnail","hentry","category-dpc","tag-10372","tag-france","tag-fujifilm-x-t5","tag-ile-de-france","tag-nuages","tag-paris","tag-place-du-trocadero-et-du-11-novembre","tag-pose-longue","tag-sigma-10-18-mm-f-2-8-dc-dn-contemporary","tag-tour-eiffel"],"acf":[],"geo":null,"jetpack_publicize_connections":[],"jetpack_featured_media_url":"https:\/\/www.wallendorff.com\/belogue\/wp-content\/uploads\/2025\/02\/20250218.jpg","jetpack_shortlink":"https:\/\/wp.me\/p3b35P-yhI","jetpack_sharing_enabled":true,"jetpack-related-posts":[{"id":131806,"url":"https:\/\/www.wallendorff.com\/belogue\/2025\/02\/20\/jerigeai-reitre-et-sis-laigre-os\/","url_meta":{"origin":131794,"position":0},"title":"J&rsquo;\u00e9rigeai re\u00eetre et sis l&rsquo;aigre os.","author":"dpc","date":"20 f\u00e9vrier 2025","format":false,"excerpt":"Mus\u00e9e de l'Homme, Paris, 12 octobre 2024.","rel":"","context":"Dans &quot;DPC&quot;","block_context":{"text":"DPC","link":"https:\/\/www.wallendorff.com\/belogue\/category\/dpc\/"},"img":{"alt_text":"","src":"https:\/\/i0.wp.com\/www.wallendorff.com\/belogue\/wp-content\/uploads\/2025\/02\/20250220.jpg?resize=350%2C200&ssl=1","width":350,"height":200,"srcset":"https:\/\/i0.wp.com\/www.wallendorff.com\/belogue\/wp-content\/uploads\/2025\/02\/20250220.jpg?resize=350%2C200&ssl=1 1x, https:\/\/i0.wp.com\/www.wallendorff.com\/belogue\/wp-content\/uploads\/2025\/02\/20250220.jpg?resize=525%2C300&ssl=1 1.5x, https:\/\/i0.wp.com\/www.wallendorff.com\/belogue\/wp-content\/uploads\/2025\/02\/20250220.jpg?resize=700%2C400&ssl=1 2x"},"classes":[]},{"id":5152,"url":"https:\/\/www.wallendorff.com\/belogue\/2009\/11\/25\/pis-a-prismes-20\/","url_meta":{"origin":131794,"position":1},"title":"Pis \u00e0 prismes #20.","author":"dpc","date":"25 novembre 2009","format":false,"excerpt":"Place du Trocad\u00e9ro-et-du-11-Novembre, Paris, 2 ao\u00fbt. \u00a0Karen O and the Kids \u2013 Animal Ne dites pas \u00ab\u00a0Permets-moi, permets-moi de reprendre l'entreprise familiale\u00a0\u00bb mais dites \u00ab\u00a0Laisse-moi, laisse-moi la bo\u00eete \u00e0 papa.\u00a0\u00bb","rel":"","context":"Dans &quot;Pis \u00e0 prismes&quot;","block_context":{"text":"Pis \u00e0 prismes","link":"https:\/\/www.wallendorff.com\/belogue\/category\/pis-a-prismes\/"},"img":{"alt_text":"","src":"https:\/\/i0.wp.com\/www.wallendorff.com\/belogue\/wp-content\/uploads\/2015\/04\/200911251.jpg?resize=350%2C200&ssl=1","width":350,"height":200},"classes":[]},{"id":236,"url":"https:\/\/www.wallendorff.com\/belogue\/2005\/12\/20\/pis-a-prismes-7\/","url_meta":{"origin":131794,"position":2},"title":"Pis &agrave; prismes #7.","author":"dpc","date":"20 d\u00e9cembre 2005","format":false,"excerpt":"Trocad\u00e9ro, Paris, 30 novembre. Et donc, l\u00e0, je suis cens\u00e9 \u00e9crire un truc. Euh... Ah, oui\u00a0: \"Bonne nuit\". \u00a0The Come ons \u2014 At the Bus Stop (part 1)","rel":"","context":"Dans &quot;Pis \u00e0 prismes&quot;","block_context":{"text":"Pis \u00e0 prismes","link":"https:\/\/www.wallendorff.com\/belogue\/category\/pis-a-prismes\/"},"img":{"alt_text":"","src":"https:\/\/i0.wp.com\/www.wallendorff.com\/belogue\/wp-content\/uploads\/2015\/04\/200512201.jpg?resize=350%2C200&ssl=1","width":350,"height":200},"classes":[]},{"id":47836,"url":"https:\/\/www.wallendorff.com\/belogue\/2021\/02\/15\/tot-cadero-ii\/","url_meta":{"origin":131794,"position":3},"title":"T\u00f4t-cad\u00e9ro [II].","author":"dpc","date":"15 f\u00e9vrier 2021","format":false,"excerpt":"Parvis des Droits-de-l'Homme, Paris, 7 novembre 2020. Chubby Checker Muzz","rel":"","context":"Dans &quot;Into the wide&quot;","block_context":{"text":"Into the wide","link":"https:\/\/www.wallendorff.com\/belogue\/category\/into-the-wide\/"},"img":{"alt_text":"","src":"https:\/\/i0.wp.com\/www.wallendorff.com\/belogue\/wp-content\/uploads\/2021\/02\/20210215.jpg?resize=350%2C200&ssl=1","width":350,"height":200,"srcset":"https:\/\/i0.wp.com\/www.wallendorff.com\/belogue\/wp-content\/uploads\/2021\/02\/20210215.jpg?resize=350%2C200&ssl=1 1x, https:\/\/i0.wp.com\/www.wallendorff.com\/belogue\/wp-content\/uploads\/2021\/02\/20210215.jpg?resize=525%2C300&ssl=1 1.5x, https:\/\/i0.wp.com\/www.wallendorff.com\/belogue\/wp-content\/uploads\/2021\/02\/20210215.jpg?resize=700%2C400&ssl=1 2x, https:\/\/i0.wp.com\/www.wallendorff.com\/belogue\/wp-content\/uploads\/2021\/02\/20210215.jpg?resize=1050%2C600&ssl=1 3x"},"classes":[]},{"id":47805,"url":"https:\/\/www.wallendorff.com\/belogue\/2021\/02\/14\/tot-cadero-i\/","url_meta":{"origin":131794,"position":4},"title":"T\u00f4t-cad\u00e9ro [I].","author":"dpc","date":"14 f\u00e9vrier 2021","format":false,"excerpt":"Parvis des Droits-de-l'Homme, Paris, 7 novembre 2020. Let's Go Out (bedroom version) Alex Lahey","rel":"","context":"Dans &quot;DPC&quot;","block_context":{"text":"DPC","link":"https:\/\/www.wallendorff.com\/belogue\/category\/dpc\/"},"img":{"alt_text":"","src":"https:\/\/i0.wp.com\/www.wallendorff.com\/belogue\/wp-content\/uploads\/2021\/02\/20210214.jpg?resize=350%2C200&ssl=1","width":350,"height":200,"srcset":"https:\/\/i0.wp.com\/www.wallendorff.com\/belogue\/wp-content\/uploads\/2021\/02\/20210214.jpg?resize=350%2C200&ssl=1 1x, https:\/\/i0.wp.com\/www.wallendorff.com\/belogue\/wp-content\/uploads\/2021\/02\/20210214.jpg?resize=525%2C300&ssl=1 1.5x, https:\/\/i0.wp.com\/www.wallendorff.com\/belogue\/wp-content\/uploads\/2021\/02\/20210214.jpg?resize=700%2C400&ssl=1 2x, https:\/\/i0.wp.com\/www.wallendorff.com\/belogue\/wp-content\/uploads\/2021\/02\/20210214.jpg?resize=1050%2C600&ssl=1 3x"},"classes":[]},{"id":47842,"url":"https:\/\/www.wallendorff.com\/belogue\/2021\/02\/18\/tot-cadero-iii\/","url_meta":{"origin":131794,"position":5},"title":"T\u00f4t-cad\u00e9ro [III].","author":"dpc","date":"18 f\u00e9vrier 2021","format":false,"excerpt":"Parvis des Droits-de-l'Homme, Paris, 7 novembre 2020. Eyes to the Wind (live) The War on Drugs","rel":"","context":"Dans &quot;DPC&quot;","block_context":{"text":"DPC","link":"https:\/\/www.wallendorff.com\/belogue\/category\/dpc\/"},"img":{"alt_text":"","src":"https:\/\/i0.wp.com\/www.wallendorff.com\/belogue\/wp-content\/uploads\/2021\/02\/20210218.jpg?resize=350%2C200&ssl=1","width":350,"height":200,"srcset":"https:\/\/i0.wp.com\/www.wallendorff.com\/belogue\/wp-content\/uploads\/2021\/02\/20210218.jpg?resize=350%2C200&ssl=1 1x, https:\/\/i0.wp.com\/www.wallendorff.com\/belogue\/wp-content\/uploads\/2021\/02\/20210218.jpg?resize=525%2C300&ssl=1 1.5x, https:\/\/i0.wp.com\/www.wallendorff.com\/belogue\/wp-content\/uploads\/2021\/02\/20210218.jpg?resize=700%2C400&ssl=1 2x, https:\/\/i0.wp.com\/www.wallendorff.com\/belogue\/wp-content\/uploads\/2021\/02\/20210218.jpg?resize=1050%2C600&ssl=1 3x"},"classes":[]}],"_links":{"self":[{"href":"https:\/\/www.wallendorff.com\/belogue\/wp-json\/wp\/v2\/posts\/131794","targetHints":{"allow":["GET"]}}],"collection":[{"href":"https:\/\/www.wallendorff.com\/belogue\/wp-json\/wp\/v2\/posts"}],"about":[{"href":"https:\/\/www.wallendorff.com\/belogue\/wp-json\/wp\/v2\/types\/post"}],"author":[{"embeddable":true,"href":"https:\/\/www.wallendorff.com\/belogue\/wp-json\/wp\/v2\/users\/1"}],"replies":[{"embeddable":true,"href":"https:\/\/www.wallendorff.com\/belogue\/wp-json\/wp\/v2\/comments?post=131794"}],"version-history":[{"count":9,"href":"https:\/\/www.wallendorff.com\/belogue\/wp-json\/wp\/v2\/posts\/131794\/revisions"}],"predecessor-version":[{"id":131804,"href":"https:\/\/www.wallendorff.com\/belogue\/wp-json\/wp\/v2\/posts\/131794\/revisions\/131804"}],"wp:featuredmedia":[{"embeddable":true,"href":"https:\/\/www.wallendorff.com\/belogue\/wp-json\/wp\/v2\/media\/131800"}],"wp:attachment":[{"href":"https:\/\/www.wallendorff.com\/belogue\/wp-json\/wp\/v2\/media?parent=131794"}],"wp:term":[{"taxonomy":"category","embeddable":true,"href":"https:\/\/www.wallendorff.com\/belogue\/wp-json\/wp\/v2\/categories?post=131794"},{"taxonomy":"post_tag","embeddable":true,"href":"https:\/\/www.wallendorff.com\/belogue\/wp-json\/wp\/v2\/tags?post=131794"}],"curies":[{"name":"wp","href":"https:\/\/api.w.org\/{rel}","templated":true}]}}