{"id":13165,"date":"2011-08-26T10:20:08","date_gmt":"2011-08-26T08:20:08","guid":{"rendered":"http:\/\/www.po-l.com\/belogue\/?p=13165"},"modified":"2018-05-23T08:07:26","modified_gmt":"2018-05-23T06:07:26","slug":"des-os-redonnes","status":"publish","type":"post","link":"https:\/\/www.wallendorff.com\/belogue\/2011\/08\/26\/des-os-redonnes\/","title":{"rendered":"Des os, redonn\u00e9s."},"content":{"rendered":"\n<div id=\"photo\">\n<p><img decoding=\"async\" src=\"https:\/\/www.wallendorff.com\/belogue\/photo\/2011\/08\/20110826.jpg\" \/><br \/>\nStation Cit&eacute;, Paris, 26 juillet.<\/p>\n<\/p><\/div>\n<p style=\"text-align:right\">[Sleepless in Cit\u00e9 n<sup>o<\/sup> IV.]<\/p>\n<p style=\"text-align:right\">Sifflotons l&rsquo;air de rien.<\/p>\n<div id=\"bandeson\">\n<p><img decoding=\"async\" src=\"https:\/\/www.wallendorff.com\/belogue\/photo\/pochettes\/v\/vek_tom-leisure_seizure.jpg\" align=\"left\" \/>&nbsp;<a href=\"http:\/\/www.tomvek.tv\">Tom Vek<\/a> &ndash; <em><a href=\"https:\/\/www.wallendorff.com\/belogue\/media\/20110826.mp3\">Close Mic&rsquo;ed<\/a><\/em><\/p>\n<\/p><\/div>\n","protected":false},"excerpt":{"rendered":"<p>Station Cit&eacute;, Paris, 26 juillet. [Sleepless in Cit\u00e9 no IV.] Sifflotons l&rsquo;air de rien. &nbsp;Tom Vek &ndash; Close Mic&rsquo;ed<\/p>\n","protected":false},"author":1,"featured_media":26228,"comment_status":"open","ping_status":"open","sticky":false,"template":"","format":"standard","meta":{"_acf_changed":false,"ngg_post_thumbnail":0,"jetpack_post_was_ever_published":false,"_jetpack_newsletter_access":"","_jetpack_dont_email_post_to_subs":false,"_jetpack_newsletter_tier_id":0,"_jetpack_memberships_contains_paywalled_content":false,"_jetpack_memberships_contains_paid_content":false,"footnotes":"","jetpack_publicize_message":"","jetpack_publicize_feature_enabled":true,"jetpack_social_post_already_shared":false,"jetpack_social_options":{"image_generator_settings":{"template":"highway","default_image_id":0,"font":"","enabled":false},"version":2}},"categories":[3],"tags":[10277,1438,2615,1275,5165,10311,10340,10120,10279,10121,5432,1274,10119,143,10147,10098,10764,10407,10298],"class_list":["post-13165","post","type-post","status-publish","format-standard","has-post-thumbnail","hentry","category-dpc","tag-10277","tag-ef-50-mm-f14-usm","tag-eos-5d-mark-ii","tag-cite","tag-close-miced","tag-dos","tag-fille","tag-france","tag-ile-de-la-cite","tag-ile-de-france","tag-leisure-seizure","tag-ligne-4","tag-metro","tag-noir-et-blanc","tag-nuit","tag-paris","tag-seul","tag-silhouette","tag-tom-vek"],"acf":[],"geo":{"latitude":48.8554039,"longitude":2.347265,"description":"Place Louis L\u00e9pine, 75004 Paris, France"},"jetpack_publicize_connections":[],"jetpack_featured_media_url":"https:\/\/www.wallendorff.com\/belogue\/wp-content\/uploads\/2015\/04\/201108261.jpg","jetpack_shortlink":"https:\/\/wp.me\/p3b35P-3ql","jetpack_sharing_enabled":true,"jetpack-related-posts":[{"id":9792,"url":"https:\/\/www.wallendorff.com\/belogue\/2010\/11\/14\/shooting-people-75\/","url_meta":{"origin":13165,"position":0},"title":"Shooting people #75.","author":"dpc","date":"14 novembre 2010","format":false,"excerpt":"Station Cit\u00e9, Paris, 11 novembre. [Sleepless in Cit\u00e9 no II.] dEUS \u2013 The Ideal Crash","rel":"","context":"Dans &quot;Portraits&quot;","block_context":{"text":"Portraits","link":"https:\/\/www.wallendorff.com\/belogue\/category\/portraits\/"},"img":{"alt_text":"","src":"https:\/\/i0.wp.com\/www.wallendorff.com\/belogue\/wp-content\/uploads\/2015\/04\/201011141.jpg?resize=350%2C200&ssl=1","width":350,"height":200,"srcset":"https:\/\/i0.wp.com\/www.wallendorff.com\/belogue\/wp-content\/uploads\/2015\/04\/201011141.jpg?resize=350%2C200&ssl=1 1x, https:\/\/i0.wp.com\/www.wallendorff.com\/belogue\/wp-content\/uploads\/2015\/04\/201011141.jpg?resize=525%2C300&ssl=1 1.5x, https:\/\/i0.wp.com\/www.wallendorff.com\/belogue\/wp-content\/uploads\/2015\/04\/201011141.jpg?resize=700%2C400&ssl=1 2x"},"classes":[]},{"id":14744,"url":"https:\/\/www.wallendorff.com\/belogue\/2011\/12\/10\/tom-vek-im-takt-le-nouveau-casino-paris\/","url_meta":{"origin":13165,"position":1},"title":"Tom Vek + Im Takt @ le Nouveau Casino, Paris.","author":"dpc","date":"10 d\u00e9cembre 2011","format":false,"excerpt":"Someone Loves You | We Do Nothing | Nothing But Green Lights | On a Plate | World of Doubt | A Little Word in Your Ear | Too Bad | Cover | C-C (You Set the Fire in Me) | Hold Your Hand | A Chore | I Ain't\u2026","rel":"","context":"Dans &quot;Alive&quot;","block_context":{"text":"Alive","link":"https:\/\/www.wallendorff.com\/belogue\/category\/alive\/"},"img":{"alt_text":"","src":"https:\/\/i0.wp.com\/www.wallendorff.com\/belogue\/wp-content\/uploads\/2015\/04\/201112101.jpg?resize=350%2C200&ssl=1","width":350,"height":200,"srcset":"https:\/\/i0.wp.com\/www.wallendorff.com\/belogue\/wp-content\/uploads\/2015\/04\/201112101.jpg?resize=350%2C200&ssl=1 1x, https:\/\/i0.wp.com\/www.wallendorff.com\/belogue\/wp-content\/uploads\/2015\/04\/201112101.jpg?resize=525%2C300&ssl=1 1.5x, https:\/\/i0.wp.com\/www.wallendorff.com\/belogue\/wp-content\/uploads\/2015\/04\/201112101.jpg?resize=700%2C400&ssl=1 2x"},"classes":[]},{"id":15932,"url":"https:\/\/www.wallendorff.com\/belogue\/2012\/02\/17\/rue-dix-chats\/","url_meta":{"origin":13165,"position":2},"title":"Rue Dix-chats.","author":"dpc","date":"17 f\u00e9vrier 2012","format":false,"excerpt":"Rue Bichat, Paris, 7 janvier. DJ Shadow \u2013 Warning Call (feat. Tom Vek) [youtube]http:\/\/www.youtube.com\/watch?v=kCay6cX-YqY[\/youtube]","rel":"","context":"Dans &quot;DPC&quot;","block_context":{"text":"DPC","link":"https:\/\/www.wallendorff.com\/belogue\/category\/dpc\/"},"img":{"alt_text":"","src":"https:\/\/i0.wp.com\/www.wallendorff.com\/belogue\/wp-content\/uploads\/2015\/04\/201202171.jpg?resize=350%2C200&ssl=1","width":350,"height":200,"srcset":"https:\/\/i0.wp.com\/www.wallendorff.com\/belogue\/wp-content\/uploads\/2015\/04\/201202171.jpg?resize=350%2C200&ssl=1 1x, https:\/\/i0.wp.com\/www.wallendorff.com\/belogue\/wp-content\/uploads\/2015\/04\/201202171.jpg?resize=525%2C300&ssl=1 1.5x, https:\/\/i0.wp.com\/www.wallendorff.com\/belogue\/wp-content\/uploads\/2015\/04\/201202171.jpg?resize=700%2C400&ssl=1 2x"},"classes":[]},{"id":29847,"url":"https:\/\/www.wallendorff.com\/belogue\/2015\/12\/23\/sleepless-in-cite-no-v\/","url_meta":{"origin":13165,"position":3},"title":"Sleepless in Cit\u00e9 no V.","author":"dpc","date":"23 d\u00e9cembre 2015","format":false,"excerpt":"Station Cit\u00e9, Paris, 7 septembre. Cit\u00e9 a toujours \u00e9t\u00e9 ma station pr\u00e9f\u00e9r\u00e9e du r\u00e9seau. Bored in the USA Father John Misty","rel":"","context":"Dans &quot;DPC&quot;","block_context":{"text":"DPC","link":"https:\/\/www.wallendorff.com\/belogue\/category\/dpc\/"},"img":{"alt_text":"","src":"https:\/\/i0.wp.com\/www.wallendorff.com\/belogue\/wp-content\/uploads\/2015\/12\/20151223.jpg?resize=350%2C200&ssl=1","width":350,"height":200,"srcset":"https:\/\/i0.wp.com\/www.wallendorff.com\/belogue\/wp-content\/uploads\/2015\/12\/20151223.jpg?resize=350%2C200&ssl=1 1x, https:\/\/i0.wp.com\/www.wallendorff.com\/belogue\/wp-content\/uploads\/2015\/12\/20151223.jpg?resize=525%2C300&ssl=1 1.5x, https:\/\/i0.wp.com\/www.wallendorff.com\/belogue\/wp-content\/uploads\/2015\/12\/20151223.jpg?resize=700%2C400&ssl=1 2x"},"classes":[]},{"id":13831,"url":"https:\/\/www.wallendorff.com\/belogue\/2011\/10\/24\/shooting-people-90\/","url_meta":{"origin":13165,"position":4},"title":"Shooting people #90.","author":"dpc","date":"24 octobre 2011","format":false,"excerpt":"Quai de la Gironde, Paris, 16 ao\u00fbt. Tom Vek \u2013 We Do Nothing [youtube]http:\/\/www.youtube.com\/watch?v=pOY411TH4vk[\/youtube]","rel":"","context":"Dans &quot;Portraits&quot;","block_context":{"text":"Portraits","link":"https:\/\/www.wallendorff.com\/belogue\/category\/portraits\/"},"img":{"alt_text":"","src":"https:\/\/i0.wp.com\/www.wallendorff.com\/belogue\/wp-content\/uploads\/2015\/04\/201110241.jpg?resize=350%2C200&ssl=1","width":350,"height":200,"srcset":"https:\/\/i0.wp.com\/www.wallendorff.com\/belogue\/wp-content\/uploads\/2015\/04\/201110241.jpg?resize=350%2C200&ssl=1 1x, https:\/\/i0.wp.com\/www.wallendorff.com\/belogue\/wp-content\/uploads\/2015\/04\/201110241.jpg?resize=525%2C300&ssl=1 1.5x, https:\/\/i0.wp.com\/www.wallendorff.com\/belogue\/wp-content\/uploads\/2015\/04\/201110241.jpg?resize=700%2C400&ssl=1 2x"},"classes":[]},{"id":11333,"url":"https:\/\/www.wallendorff.com\/belogue\/2011\/01\/11\/les-boules\/","url_meta":{"origin":13165,"position":5},"title":"Les boules.","author":"dpc","date":"11 janvier 2011","format":false,"excerpt":"Station Cit\u00e9, Paris, 11 novembre 2010. [Sleepless in Cit\u00e9 no III.] \u00a0Sleeping in the Aviary \u2013 You Don't Have to Drive","rel":"","context":"Dans &quot;DPC&quot;","block_context":{"text":"DPC","link":"https:\/\/www.wallendorff.com\/belogue\/category\/dpc\/"},"img":{"alt_text":"","src":"https:\/\/i0.wp.com\/www.wallendorff.com\/belogue\/wp-content\/uploads\/2015\/04\/201101111.jpg?resize=350%2C200&ssl=1","width":350,"height":200},"classes":[]}],"_links":{"self":[{"href":"https:\/\/www.wallendorff.com\/belogue\/wp-json\/wp\/v2\/posts\/13165","targetHints":{"allow":["GET"]}}],"collection":[{"href":"https:\/\/www.wallendorff.com\/belogue\/wp-json\/wp\/v2\/posts"}],"about":[{"href":"https:\/\/www.wallendorff.com\/belogue\/wp-json\/wp\/v2\/types\/post"}],"author":[{"embeddable":true,"href":"https:\/\/www.wallendorff.com\/belogue\/wp-json\/wp\/v2\/users\/1"}],"replies":[{"embeddable":true,"href":"https:\/\/www.wallendorff.com\/belogue\/wp-json\/wp\/v2\/comments?post=13165"}],"version-history":[{"count":3,"href":"https:\/\/www.wallendorff.com\/belogue\/wp-json\/wp\/v2\/posts\/13165\/revisions"}],"predecessor-version":[{"id":29859,"href":"https:\/\/www.wallendorff.com\/belogue\/wp-json\/wp\/v2\/posts\/13165\/revisions\/29859"}],"wp:featuredmedia":[{"embeddable":true,"href":"https:\/\/www.wallendorff.com\/belogue\/wp-json\/wp\/v2\/media\/26228"}],"wp:attachment":[{"href":"https:\/\/www.wallendorff.com\/belogue\/wp-json\/wp\/v2\/media?parent=13165"}],"wp:term":[{"taxonomy":"category","embeddable":true,"href":"https:\/\/www.wallendorff.com\/belogue\/wp-json\/wp\/v2\/categories?post=13165"},{"taxonomy":"post_tag","embeddable":true,"href":"https:\/\/www.wallendorff.com\/belogue\/wp-json\/wp\/v2\/tags?post=13165"}],"curies":[{"name":"wp","href":"https:\/\/api.w.org\/{rel}","templated":true}]}}