{"id":13147,"date":"2011-08-24T10:18:55","date_gmt":"2011-08-24T08:18:55","guid":{"rendered":"http:\/\/www.po-l.com\/belogue\/?p=13147"},"modified":"2012-04-12T09:24:22","modified_gmt":"2012-04-12T07:24:22","slug":"vive-lemaille","status":"publish","type":"post","link":"https:\/\/www.wallendorff.com\/belogue\/2011\/08\/24\/vive-lemaille\/","title":{"rendered":"Vive l&rsquo;\u00e9maill\u00e9."},"content":{"rendered":"\n<div id=\"photo\">\n<p><img decoding=\"async\" src=\"https:\/\/www.wallendorff.com\/belogue\/photo\/2011\/08\/20110824.jpg\" \/><br \/>\nSquare du Vert-Galant, Paris, 24 juillet.<\/p>\n<\/p><\/div>\n<div id=\"bandeson\">\n<p><img decoding=\"async\" src=\"https:\/\/www.wallendorff.com\/belogue\/photo\/pochettes\/d\/district_attorneys_the-california_fire.jpg\" align=\"left\" \/>&nbsp;<a href=\"http:\/\/www.myspace.com\/thedistrictattorneys\">The District Attorneys<\/a> &ndash; <em>California Fire<\/em><\/p>\n<\/p><\/div>\n","protected":false},"excerpt":{"rendered":"<p>Square du Vert-Galant, Paris, 24 juillet. &nbsp;The District Attorneys &ndash; California Fire<\/p>\n","protected":false},"author":1,"featured_media":26226,"comment_status":"open","ping_status":"open","sticky":false,"template":"","format":"standard","meta":{"_acf_changed":false,"ngg_post_thumbnail":0,"jetpack_post_was_ever_published":false,"_jetpack_newsletter_access":"","_jetpack_dont_email_post_to_subs":false,"_jetpack_newsletter_tier_id":0,"_jetpack_memberships_contains_paywalled_content":false,"_jetpack_memberships_contains_paid_content":false,"footnotes":"","jetpack_publicize_message":"","jetpack_publicize_feature_enabled":true,"jetpack_social_post_already_shared":false,"jetpack_social_options":{"image_generator_settings":{"template":"highway","default_image_id":0,"font":"","enabled":false},"version":2}},"categories":[3],"tags":[10182,5162,2615,10359,10640,10120,10279,10121,10098,10287,10286,170,3810,3353,5161,10230],"class_list":["post-13147","post","type-post","status-publish","format-standard","has-post-thumbnail","hentry","category-dpc","tag-10182","tag-california-fire","tag-eos-5d-mark-ii","tag-couple","tag-fleuve","tag-france","tag-ile-de-la-cite","tag-ile-de-france","tag-paris","tag-quai","tag-seine","tag-sigma-70-300-mm-f4-56-dg-apo-macro","tag-square","tag-square-du-vert-galant","tag-the-district-attorneys","tag-vert"],"acf":[],"geo":{"latitude":48.8574677,"longitude":2.3398409,"description":"7-11 Quai de Conti, 75006 Paris, France"},"jetpack_publicize_connections":[],"jetpack_featured_media_url":"https:\/\/www.wallendorff.com\/belogue\/wp-content\/uploads\/2015\/04\/201108241.jpg","jetpack_shortlink":"https:\/\/wp.me\/p3b35P-3q3","jetpack_sharing_enabled":true,"jetpack-related-posts":[{"id":5527,"url":"https:\/\/www.wallendorff.com\/belogue\/2009\/12\/23\/le-fout-la-poulpe\/","url_meta":{"origin":13147,"position":0},"title":"Le fout l\u00e0 poulpe.","author":"dpc","date":"23 d\u00e9cembre 2009","format":false,"excerpt":"Square du Vert-Galant, Paris, 25 octobre. \u00a0Radiohead \u2013 Electioneering When I go forwards you go backwards and somewhere we will meet ah ah ah.","rel":"","context":"Dans &quot;DPC&quot;","block_context":{"text":"DPC","link":"https:\/\/www.wallendorff.com\/belogue\/category\/dpc\/"},"img":{"alt_text":"","src":"https:\/\/i0.wp.com\/www.wallendorff.com\/belogue\/wp-content\/uploads\/2015\/04\/200912231.jpg?resize=350%2C200&ssl=1","width":350,"height":200},"classes":[]},{"id":47972,"url":"https:\/\/www.wallendorff.com\/belogue\/2021\/03\/05\/morning-hood\/","url_meta":{"origin":13147,"position":1},"title":"Morning hood.","author":"dpc","date":"5 mars 2021","format":false,"excerpt":"Square du Vert-Galant, Paris, 28 novembre 2020. Floor Tomberlin","rel":"","context":"Dans &quot;DPC&quot;","block_context":{"text":"DPC","link":"https:\/\/www.wallendorff.com\/belogue\/category\/dpc\/"},"img":{"alt_text":"","src":"https:\/\/i0.wp.com\/www.wallendorff.com\/belogue\/wp-content\/uploads\/2021\/03\/20210305.jpg?resize=350%2C200&ssl=1","width":350,"height":200,"srcset":"https:\/\/i0.wp.com\/www.wallendorff.com\/belogue\/wp-content\/uploads\/2021\/03\/20210305.jpg?resize=350%2C200&ssl=1 1x, https:\/\/i0.wp.com\/www.wallendorff.com\/belogue\/wp-content\/uploads\/2021\/03\/20210305.jpg?resize=525%2C300&ssl=1 1.5x, https:\/\/i0.wp.com\/www.wallendorff.com\/belogue\/wp-content\/uploads\/2021\/03\/20210305.jpg?resize=700%2C400&ssl=1 2x, https:\/\/i0.wp.com\/www.wallendorff.com\/belogue\/wp-content\/uploads\/2021\/03\/20210305.jpg?resize=1050%2C600&ssl=1 3x"},"classes":[]},{"id":5726,"url":"https:\/\/www.wallendorff.com\/belogue\/2010\/01\/02\/pere-dupe-erre-du-paire-dhuppes-raides-huent\/","url_meta":{"origin":13147,"position":2},"title":"P\u00e8re dupe erre d\u00fb, paire d&rsquo;hupp\u00e9s raides huent.","author":"dpc","date":"2 janvier 2010","format":false,"excerpt":"Square du Vert-Galant, Paris, 25 octobre 2009. \u00a0Cold War Kids \u2013 Audience Et parce que c'est l'\u00e9poque des \u00e9trennes, voil\u00e0 un beau cadeau au go\u00fbt douteux mais que voulez-vous ma bonne dame c'est que j'ai appris l'art dans une \u00e9cole de m\u00e9canique voyez-vous. [Ah et je sais que \u00e7a avait\u2026","rel":"","context":"Dans &quot;DPC&quot;","block_context":{"text":"DPC","link":"https:\/\/www.wallendorff.com\/belogue\/category\/dpc\/"},"img":{"alt_text":"","src":"https:\/\/i0.wp.com\/www.wallendorff.com\/belogue\/wp-content\/uploads\/2015\/04\/201001021.jpg?resize=350%2C200&ssl=1","width":350,"height":200},"classes":[]},{"id":135497,"url":"https:\/\/www.wallendorff.com\/belogue\/2026\/02\/28\/fevrier-2026\/","url_meta":{"origin":13147,"position":3},"title":"F\u00e9vrier 2026.","author":"dpc","date":"28 f\u00e9vrier 2026","format":false,"excerpt":"Des arbres, une sieste, un cr\u00e9puscule, un arbre, un papillon, une clope, un miroir, un parapluie, une pyramide, un schlouk, une ruelle, une photo, une flaque, un chantier, un quarantenaire, un cigare, un bisou, un concert, un quai de m\u00e9tro, une pyramide, un attroupement, un pont, un parapluie, des fen\u00eatres,\u2026","rel":"","context":"Dans &quot;Blog-note&quot;","block_context":{"text":"Blog-note","link":"https:\/\/www.wallendorff.com\/belogue\/category\/blog-note\/"},"img":{"alt_text":"","src":"https:\/\/i0.wp.com\/www.wallendorff.com\/belogue\/wp-content\/uploads\/2026\/03\/20260323-24.jpg?resize=350%2C200&ssl=1","width":350,"height":200,"srcset":"https:\/\/i0.wp.com\/www.wallendorff.com\/belogue\/wp-content\/uploads\/2026\/03\/20260323-24.jpg?resize=350%2C200&ssl=1 1x, https:\/\/i0.wp.com\/www.wallendorff.com\/belogue\/wp-content\/uploads\/2026\/03\/20260323-24.jpg?resize=525%2C300&ssl=1 1.5x, https:\/\/i0.wp.com\/www.wallendorff.com\/belogue\/wp-content\/uploads\/2026\/03\/20260323-24.jpg?resize=700%2C400&ssl=1 2x, https:\/\/i0.wp.com\/www.wallendorff.com\/belogue\/wp-content\/uploads\/2026\/03\/20260323-24.jpg?resize=1050%2C600&ssl=1 3x"},"classes":[]},{"id":47941,"url":"https:\/\/www.wallendorff.com\/belogue\/2021\/02\/24\/passant-zero\/","url_meta":{"origin":13147,"position":4},"title":"Passant z\u00e9ro.","author":"dpc","date":"24 f\u00e9vrier 2021","format":false,"excerpt":"Square du Vert-Galant, Paris, 11 novembre 2020. Station Wagon Shame","rel":"","context":"Dans &quot;DPC&quot;","block_context":{"text":"DPC","link":"https:\/\/www.wallendorff.com\/belogue\/category\/dpc\/"},"img":{"alt_text":"","src":"https:\/\/i0.wp.com\/www.wallendorff.com\/belogue\/wp-content\/uploads\/2021\/02\/20210224.jpg?resize=350%2C200&ssl=1","width":350,"height":200,"srcset":"https:\/\/i0.wp.com\/www.wallendorff.com\/belogue\/wp-content\/uploads\/2021\/02\/20210224.jpg?resize=350%2C200&ssl=1 1x, https:\/\/i0.wp.com\/www.wallendorff.com\/belogue\/wp-content\/uploads\/2021\/02\/20210224.jpg?resize=525%2C300&ssl=1 1.5x, https:\/\/i0.wp.com\/www.wallendorff.com\/belogue\/wp-content\/uploads\/2021\/02\/20210224.jpg?resize=700%2C400&ssl=1 2x"},"classes":[]},{"id":47937,"url":"https:\/\/www.wallendorff.com\/belogue\/2021\/02\/23\/into-the-wide-214\/","url_meta":{"origin":13147,"position":5},"title":"Into the wide #214.","author":"dpc","date":"23 f\u00e9vrier 2021","format":false,"excerpt":"Square du Vert-Galant, Paris, 11 novembre 2020. Hide It Away Will Butler","rel":"","context":"Dans &quot;Into the wide&quot;","block_context":{"text":"Into the wide","link":"https:\/\/www.wallendorff.com\/belogue\/category\/into-the-wide\/"},"img":{"alt_text":"","src":"https:\/\/i0.wp.com\/www.wallendorff.com\/belogue\/wp-content\/uploads\/2021\/02\/20210223.jpg?resize=350%2C200&ssl=1","width":350,"height":200,"srcset":"https:\/\/i0.wp.com\/www.wallendorff.com\/belogue\/wp-content\/uploads\/2021\/02\/20210223.jpg?resize=350%2C200&ssl=1 1x, https:\/\/i0.wp.com\/www.wallendorff.com\/belogue\/wp-content\/uploads\/2021\/02\/20210223.jpg?resize=525%2C300&ssl=1 1.5x, https:\/\/i0.wp.com\/www.wallendorff.com\/belogue\/wp-content\/uploads\/2021\/02\/20210223.jpg?resize=700%2C400&ssl=1 2x, https:\/\/i0.wp.com\/www.wallendorff.com\/belogue\/wp-content\/uploads\/2021\/02\/20210223.jpg?resize=1050%2C600&ssl=1 3x"},"classes":[]}],"_links":{"self":[{"href":"https:\/\/www.wallendorff.com\/belogue\/wp-json\/wp\/v2\/posts\/13147","targetHints":{"allow":["GET"]}}],"collection":[{"href":"https:\/\/www.wallendorff.com\/belogue\/wp-json\/wp\/v2\/posts"}],"about":[{"href":"https:\/\/www.wallendorff.com\/belogue\/wp-json\/wp\/v2\/types\/post"}],"author":[{"embeddable":true,"href":"https:\/\/www.wallendorff.com\/belogue\/wp-json\/wp\/v2\/users\/1"}],"replies":[{"embeddable":true,"href":"https:\/\/www.wallendorff.com\/belogue\/wp-json\/wp\/v2\/comments?post=13147"}],"version-history":[{"count":1,"href":"https:\/\/www.wallendorff.com\/belogue\/wp-json\/wp\/v2\/posts\/13147\/revisions"}],"predecessor-version":[{"id":16834,"href":"https:\/\/www.wallendorff.com\/belogue\/wp-json\/wp\/v2\/posts\/13147\/revisions\/16834"}],"wp:featuredmedia":[{"embeddable":true,"href":"https:\/\/www.wallendorff.com\/belogue\/wp-json\/wp\/v2\/media\/26226"}],"wp:attachment":[{"href":"https:\/\/www.wallendorff.com\/belogue\/wp-json\/wp\/v2\/media?parent=13147"}],"wp:term":[{"taxonomy":"category","embeddable":true,"href":"https:\/\/www.wallendorff.com\/belogue\/wp-json\/wp\/v2\/categories?post=13147"},{"taxonomy":"post_tag","embeddable":true,"href":"https:\/\/www.wallendorff.com\/belogue\/wp-json\/wp\/v2\/tags?post=13147"}],"curies":[{"name":"wp","href":"https:\/\/api.w.org\/{rel}","templated":true}]}}