{"id":13144,"date":"2011-08-23T11:54:45","date_gmt":"2011-08-23T09:54:45","guid":{"rendered":"http:\/\/www.po-l.com\/belogue\/?p=13144"},"modified":"2011-12-20T16:37:16","modified_gmt":"2011-12-20T14:37:16","slug":"du-haut-denomme","status":"publish","type":"post","link":"https:\/\/www.wallendorff.com\/belogue\/2011\/08\/23\/du-haut-denomme\/","title":{"rendered":"Du haut [d\u00e9nomme]."},"content":{"rendered":"\n<div id=\"photo\">\n<p><img decoding=\"async\" src=\"https:\/\/www.wallendorff.com\/belogue\/photo\/2011\/08\/20110823.jpg\" \/><br \/>\nH&ocirc;tel de Cluny, Paris, 23 juillet.<\/p>\n<\/p><\/div>\n<div id=\"bandeson\">\n<p><img decoding=\"async\" src=\"https:\/\/www.wallendorff.com\/belogue\/photo\/pochettes\/t\/tv_on_the_radio-nine_types_of_light.jpg\" align=\"left\" \/>&nbsp;<a href=\"http:\/\/www.tvontheradio.com\/\">TV on the Radio<\/a> &ndash; <em>Second Song<\/em>        <\/p>\n<\/p><\/div>\n","protected":false},"excerpt":{"rendered":"<p>H&ocirc;tel de Cluny, Paris, 23 juillet. &nbsp;TV on the Radio &ndash; Second Song<\/p>\n","protected":false},"author":1,"featured_media":26225,"comment_status":"open","ping_status":"open","sticky":false,"template":"","format":"standard","meta":{"_acf_changed":false,"ngg_post_thumbnail":0,"jetpack_post_was_ever_published":false,"_jetpack_newsletter_access":"","_jetpack_dont_email_post_to_subs":false,"_jetpack_newsletter_tier_id":0,"_jetpack_memberships_contains_paywalled_content":false,"_jetpack_memberships_contains_paid_content":false,"footnotes":"","jetpack_publicize_message":"","jetpack_publicize_feature_enabled":true,"jetpack_social_post_already_shared":false,"jetpack_social_options":{"image_generator_settings":{"template":"highway","default_image_id":0,"font":"","enabled":false},"version":2}},"categories":[3],"tags":[10239,2571,2615,10788,10500,10120,5156,10121,10232,5157,5419,5159,10098,10377,5160,10124,10261],"class_list":["post-13144","post","type-post","status-publish","format-standard","has-post-thumbnail","hentry","category-dpc","tag-10239","tag-ef-16-35-mm-f28l-ii-usm","tag-eos-5d-mark-ii","tag-chapelle","tag-contre-plongee","tag-france","tag-hotel-de-cluny","tag-ile-de-france","tag-musee","tag-musee-national-du-moyen-age","tag-nine-types-of-light","tag-ogive","tag-paris","tag-plafond","tag-second-song","tag-tv-on-the-radio","tag-voute"],"acf":[],"geo":{"latitude":48.8504753,"longitude":2.344213,"description":"2-6 Place Paul Painlev\u00e9, 75005 Paris, France"},"jetpack_publicize_connections":[],"jetpack_featured_media_url":"https:\/\/www.wallendorff.com\/belogue\/wp-content\/uploads\/2015\/04\/201108231.jpg","jetpack_shortlink":"https:\/\/wp.me\/p3b35P-3q0","jetpack_sharing_enabled":true,"jetpack-related-posts":[{"id":13135,"url":"https:\/\/www.wallendorff.com\/belogue\/2011\/08\/19\/dos-dode\/","url_meta":{"origin":13144,"position":0},"title":"Dos d&rsquo;Ode.","author":"dpc","date":"19 ao\u00fbt 2011","format":false,"excerpt":"H\u00f4tel de Cluny, Paris, 23 juillet. \u00a0Neutral Milk Hotel \u2013 Oh Comely","rel":"","context":"Dans &quot;DPC&quot;","block_context":{"text":"DPC","link":"https:\/\/www.wallendorff.com\/belogue\/category\/dpc\/"},"img":{"alt_text":"","src":"https:\/\/i0.wp.com\/www.wallendorff.com\/belogue\/wp-content\/uploads\/2015\/04\/201108191.jpg?resize=350%2C200&ssl=1","width":350,"height":200,"srcset":"https:\/\/i0.wp.com\/www.wallendorff.com\/belogue\/wp-content\/uploads\/2015\/04\/201108191.jpg?resize=350%2C200&ssl=1 1x, https:\/\/i0.wp.com\/www.wallendorff.com\/belogue\/wp-content\/uploads\/2015\/04\/201108191.jpg?resize=525%2C300&ssl=1 1.5x"},"classes":[]},{"id":13138,"url":"https:\/\/www.wallendorff.com\/belogue\/2011\/08\/22\/dupe-insure-la-penche\/","url_meta":{"origin":13144,"position":1},"title":"Dupe ins\u00fbre, l\u00e0, penche.","author":"dpc","date":"22 ao\u00fbt 2011","format":false,"excerpt":"H\u00f4tel de Cluny, Paris, 23 juillet. \u00a0The Kills \u2013 Future Starts Slow","rel":"","context":"Dans &quot;DPC&quot;","block_context":{"text":"DPC","link":"https:\/\/www.wallendorff.com\/belogue\/category\/dpc\/"},"img":{"alt_text":"","src":"https:\/\/i0.wp.com\/www.wallendorff.com\/belogue\/wp-content\/uploads\/2015\/04\/201108221.jpg?resize=350%2C200&ssl=1","width":350,"height":200,"srcset":"https:\/\/i0.wp.com\/www.wallendorff.com\/belogue\/wp-content\/uploads\/2015\/04\/201108221.jpg?resize=350%2C200&ssl=1 1x, https:\/\/i0.wp.com\/www.wallendorff.com\/belogue\/wp-content\/uploads\/2015\/04\/201108221.jpg?resize=525%2C300&ssl=1 1.5x"},"classes":[]},{"id":7885,"url":"https:\/\/www.wallendorff.com\/belogue\/2010\/07\/22\/lhaiku-rit-aussi-tetin-vit-lun-des-faux\/","url_meta":{"origin":13144,"position":2},"title":"L&rsquo;ha\u00efku rit aussi ; t\u00e9tin vit l&rsquo;un des faux.","author":"dpc","date":"22 juillet 2010","format":false,"excerpt":"Palais du Louvre, Paris, 22 juin. Mais bien s\u00fbr que si que c'est un mot, enfin\u00a0: T\u00e9tin, subst. masc. a) Vx ou litt\u00e9r. Sein. Isabeau, ma mie, je ne serai content de Jupiter que lorsqu'il aura chang\u00e9 vos deux t\u00e9tins blancs en deux noires bouteilles, o\u00f9 je t\u00e9terai du vin\u2026","rel":"","context":"Dans &quot;DPC&quot;","block_context":{"text":"DPC","link":"https:\/\/www.wallendorff.com\/belogue\/category\/dpc\/"},"img":{"alt_text":"","src":"https:\/\/i0.wp.com\/www.wallendorff.com\/belogue\/wp-content\/uploads\/2015\/04\/201007221.jpg?resize=350%2C200&ssl=1","width":350,"height":200},"classes":[]},{"id":126625,"url":"https:\/\/www.wallendorff.com\/belogue\/2023\/11\/14\/into-the-wide-283\/","url_meta":{"origin":13144,"position":3},"title":"Into the wide #283.","author":"dpc","date":"14 novembre 2023","format":false,"excerpt":"Cit\u00e9 de l'\u00c9conomie, Paris, 16 septembre 2023.","rel":"","context":"Dans &quot;Into the wide&quot;","block_context":{"text":"Into the wide","link":"https:\/\/www.wallendorff.com\/belogue\/category\/into-the-wide\/"},"img":{"alt_text":"","src":"https:\/\/i0.wp.com\/www.wallendorff.com\/belogue\/wp-content\/uploads\/2023\/11\/20231114.jpg?resize=350%2C200&ssl=1","width":350,"height":200,"srcset":"https:\/\/i0.wp.com\/www.wallendorff.com\/belogue\/wp-content\/uploads\/2023\/11\/20231114.jpg?resize=350%2C200&ssl=1 1x, https:\/\/i0.wp.com\/www.wallendorff.com\/belogue\/wp-content\/uploads\/2023\/11\/20231114.jpg?resize=525%2C300&ssl=1 1.5x, https:\/\/i0.wp.com\/www.wallendorff.com\/belogue\/wp-content\/uploads\/2023\/11\/20231114.jpg?resize=700%2C400&ssl=1 2x, https:\/\/i0.wp.com\/www.wallendorff.com\/belogue\/wp-content\/uploads\/2023\/11\/20231114.jpg?resize=1050%2C600&ssl=1 3x"},"classes":[]},{"id":4061,"url":"https:\/\/www.wallendorff.com\/belogue\/2009\/03\/24\/haut-perche-sboit-gnole\/","url_meta":{"origin":13144,"position":4},"title":"Haut perch\u00e9 s&rsquo;boit gn\u00f4le.","author":"dpc","date":"24 mars 2009","format":false,"excerpt":"Mus\u00e9e de la Vie romantique, Paris, 14 f\u00e9vrier. Wahou. Blood Meridian \u2013 Your Boyfriend Blues","rel":"","context":"Dans &quot;DPC&quot;","block_context":{"text":"DPC","link":"https:\/\/www.wallendorff.com\/belogue\/category\/dpc\/"},"img":{"alt_text":"","src":"https:\/\/i0.wp.com\/www.wallendorff.com\/belogue\/wp-content\/uploads\/2015\/04\/200903241.jpg?resize=350%2C200&ssl=1","width":350,"height":200},"classes":[]},{"id":7164,"url":"https:\/\/www.wallendorff.com\/belogue\/2010\/03\/12\/les-trams-ou-cque-terres\/","url_meta":{"origin":13144,"position":5},"title":"Les trams o\u00f9 c&rsquo;que t&rsquo;erres.","author":"dpc","date":"12 mars 2010","format":false,"excerpt":"Mus\u00e9e Carnavalet, Paris, 20 f\u00e9vrier. [F\u00e9vrier passe bigrement vite je trouve.] \u00a0Ash \u2013 Arcadia","rel":"","context":"Dans &quot;DPC&quot;","block_context":{"text":"DPC","link":"https:\/\/www.wallendorff.com\/belogue\/category\/dpc\/"},"img":{"alt_text":"","src":"https:\/\/i0.wp.com\/www.wallendorff.com\/belogue\/wp-content\/uploads\/2015\/04\/201003121.jpg?resize=350%2C200&ssl=1","width":350,"height":200},"classes":[]}],"_links":{"self":[{"href":"https:\/\/www.wallendorff.com\/belogue\/wp-json\/wp\/v2\/posts\/13144","targetHints":{"allow":["GET"]}}],"collection":[{"href":"https:\/\/www.wallendorff.com\/belogue\/wp-json\/wp\/v2\/posts"}],"about":[{"href":"https:\/\/www.wallendorff.com\/belogue\/wp-json\/wp\/v2\/types\/post"}],"author":[{"embeddable":true,"href":"https:\/\/www.wallendorff.com\/belogue\/wp-json\/wp\/v2\/users\/1"}],"replies":[{"embeddable":true,"href":"https:\/\/www.wallendorff.com\/belogue\/wp-json\/wp\/v2\/comments?post=13144"}],"version-history":[{"count":1,"href":"https:\/\/www.wallendorff.com\/belogue\/wp-json\/wp\/v2\/posts\/13144\/revisions"}],"predecessor-version":[{"id":14873,"href":"https:\/\/www.wallendorff.com\/belogue\/wp-json\/wp\/v2\/posts\/13144\/revisions\/14873"}],"wp:featuredmedia":[{"embeddable":true,"href":"https:\/\/www.wallendorff.com\/belogue\/wp-json\/wp\/v2\/media\/26225"}],"wp:attachment":[{"href":"https:\/\/www.wallendorff.com\/belogue\/wp-json\/wp\/v2\/media?parent=13144"}],"wp:term":[{"taxonomy":"category","embeddable":true,"href":"https:\/\/www.wallendorff.com\/belogue\/wp-json\/wp\/v2\/categories?post=13144"},{"taxonomy":"post_tag","embeddable":true,"href":"https:\/\/www.wallendorff.com\/belogue\/wp-json\/wp\/v2\/tags?post=13144"}],"curies":[{"name":"wp","href":"https:\/\/api.w.org\/{rel}","templated":true}]}}