{"id":131431,"date":"2024-12-31T13:24:01","date_gmt":"2024-12-31T11:24:01","guid":{"rendered":"https:\/\/www.wallendorff.com\/belogue\/?p=131431"},"modified":"2024-12-31T19:22:21","modified_gmt":"2024-12-31T17:22:21","slug":"2024","status":"publish","type":"post","link":"https:\/\/www.wallendorff.com\/belogue\/2024\/12\/31\/2024\/","title":{"rendered":"2024."},"content":{"rendered":"<div id=\"photo\">\n<p><img decoding=\"async\" src=\"https:\/\/www.wallendorff.com\/belogue\/wp-content\/uploads\/2024\/12\/20241231.jpg\"><br \/>\nMetz, 26 d\u00e9cembre 2024.<br \/>\n<em>Into the wide #290<\/em><\/p>\n<\/div>\n<p style=\"text-align: right;\"><em>The years go by so fast,<br \/>\nLet&rsquo;s hope the next beats the last.<\/em><\/p>\n<p style=\"text-align: right;\">[Les pr\u00e9c\u00e9dentes <a href=\"https:\/\/www.wallendorff.com\/belogue\/2023\/12\/31\/2023\/\">l\u00e0<\/a> et <a href=\"https:\/\/www.wallendorff.com\/belogue\/2022\/12\/31\/2022\/\">l\u00e0<\/a> et <a href=\"https:\/\/www.wallendorff.com\/belogue\/2021\/12\/31\/2021\/\">l\u00e0<\/a> et <a href=\"https:\/\/www.wallendorff.com\/belogue\/2020\/12\/31\/2020\/\">l\u00e0<\/a> et <a href=\"https:\/\/www.wallendorff.com\/belogue\/2019\/12\/31\/2019\/\">l\u00e0<\/a> et <a href=\"https:\/\/www.wallendorff.com\/belogue\/2018\/12\/31\/2018\/\">l\u00e0<\/a> et <a href=\"https:\/\/www.wallendorff.com\/belogue\/2017\/12\/31\/2017\/\">l\u00e0<\/a> et <a href=\"https:\/\/www.wallendorff.com\/belogue\/2016\/12\/31\/2016\/\">l\u00e0<\/a> et <a href=\"https:\/\/www.wallendorff.com\/belogue\/2015\/12\/31\/2015\/\">l\u00e0<\/a> et <a href=\"https:\/\/www.wallendorff.com\/belogue\/2014\/12\/31\/2014\/\">l\u00e0<\/a> et <a href=\"https:\/\/www.wallendorff.com\/belogue\/2013\/12\/31\/2013\/\">l\u00e0<\/a> et <a href=\"https:\/\/www.wallendorff.com\/belogue\/2013\/02\/07\/2012\/\">l\u00e0<\/a> et <a href=\"https:\/\/www.wallendorff.com\/belogue\/2012\/02\/13\/2011\/\">l\u00e0<\/a> et <a href=\"https:\/\/www.wallendorff.com\/belogue\/2011\/01\/31\/2010\/\">l\u00e0<\/a> et <a href=\"https:\/\/www.wallendorff.com\/belogue\/2010\/01\/29\/2009\/\">l\u00e0<\/a> et <a href=\"https:\/\/www.wallendorff.com\/belogue\/2009\/01\/20\/deuxmilledeux-2008\/\">l\u00e0<\/a> aussi.]<\/p>\n<p style=\"text-align: right;\">D\u00e9cid\u00e9ment les ann\u00e9es passent de plus en plus vite.<\/p>\n<p style=\"text-align: right;\">Mais le voyage reste int\u00e9ressant.<\/p>\n<p style=\"text-align: right;\">Un joyeux r\u00e9veillon \u00e0 tout le monde.<\/p>\n<div id=\"bandeson\">\n<p><img decoding=\"async\" src=\"https:\/\/www.wallendorff.com\/belogue\/photo\/pochettes\/s\/smith_and_burrows-funny_looking_angels.jpg\" align=\"left\"><a id=\"lienmp3\" style=\"font-weight: normal;\" href=\"http:\/\/www.youtube.com\/watch?v=7E4goCjhx4g\"><em>When the Thames Froze<\/em><\/a><br \/>\n<a href=\"http:\/\/www.smithandburrows.co.uk\/\">Smith &amp; Burrows<\/a><\/p>\n<\/div>\n","protected":false},"excerpt":{"rendered":"<p>Metz, 26 d\u00e9cembre 2024. Into the wide #290 The years go by so fast, Let&rsquo;s hope the next beats the last. [Les pr\u00e9c\u00e9dentes l\u00e0 et l\u00e0 et l\u00e0 et l\u00e0 et l\u00e0 et l\u00e0 et l\u00e0 et l\u00e0 et l\u00e0 et l\u00e0 et l\u00e0 et l\u00e0 et l\u00e0 et l\u00e0 et l\u00e0 et l\u00e0 aussi.]&hellip;<\/p>\n","protected":false},"author":1,"featured_media":131436,"comment_status":"open","ping_status":"open","sticky":false,"template":"","format":"standard","meta":{"_acf_changed":false,"ngg_post_thumbnail":0,"jetpack_post_was_ever_published":false,"_jetpack_newsletter_access":"","_jetpack_dont_email_post_to_subs":false,"_jetpack_newsletter_tier_id":0,"_jetpack_memberships_contains_paywalled_content":false,"_jetpack_memberships_contains_paid_content":false,"footnotes":"","jetpack_publicize_message":"","jetpack_publicize_feature_enabled":true,"jetpack_social_post_already_shared":true,"jetpack_social_options":{"image_generator_settings":{"template":"highway","default_image_id":0,"font":"","enabled":false},"version":2}},"categories":[7356],"tags":[10743,417,10484,10238,10120,18290,10175,10173,10174,11323,11795,10592,10673,14274,5424,5423],"class_list":["post-131431","post","type-post","status-publish","format-standard","has-post-thumbnail","hentry","category-into-the-wide","tag-cathedrale","tag-cathedrale-saint-etienne","tag-eau","tag-eglise","tag-france","tag-fujifilm-x-t5","tag-lorraine","tag-metz","tag-moselle","tag-panoramique","tag-place-de-la-prefecture","tag-pose-longue","tag-riviere","tag-samyang-8-mm-f2-8-umc-fisheye-ii","tag-smith-burrows","tag-when-the-thames-froze"],"acf":[],"geo":{"latitude":49.1219215,"longitude":6.1752772,"description":"10-11 Place de la Pr\u00e9fecture, 57000 Metz, France"},"jetpack_publicize_connections":[],"jetpack_featured_media_url":"https:\/\/www.wallendorff.com\/belogue\/wp-content\/uploads\/2024\/12\/20241231.jpg","jetpack_shortlink":"https:\/\/wp.me\/s3b35P-2024","jetpack_sharing_enabled":true,"jetpack-related-posts":[{"id":134901,"url":"https:\/\/www.wallendorff.com\/belogue\/2025\/12\/31\/2025\/","url_meta":{"origin":131431,"position":0},"title":"2025.","author":"dpc","date":"31 d\u00e9cembre 2025","format":false,"excerpt":"Metz, 26 d\u00e9cembre 2025. Into the wide #297 The years go by so fast, Let's hope the next beats the last. [Les pr\u00e9c\u00e9dentes l\u00e0 et l\u00e0 et l\u00e0 et l\u00e0 et l\u00e0 et l\u00e0 et l\u00e0 et l\u00e0 et l\u00e0 et l\u00e0 et l\u00e0 et l\u00e0 et l\u00e0 et l\u00e0\u2026","rel":"","context":"Dans &quot;Into the wide&quot;","block_context":{"text":"Into the wide","link":"https:\/\/www.wallendorff.com\/belogue\/category\/into-the-wide\/"},"img":{"alt_text":"","src":"https:\/\/i0.wp.com\/www.wallendorff.com\/belogue\/wp-content\/uploads\/2025\/12\/20251231.jpg?resize=350%2C200&ssl=1","width":350,"height":200,"srcset":"https:\/\/i0.wp.com\/www.wallendorff.com\/belogue\/wp-content\/uploads\/2025\/12\/20251231.jpg?resize=350%2C200&ssl=1 1x, https:\/\/i0.wp.com\/www.wallendorff.com\/belogue\/wp-content\/uploads\/2025\/12\/20251231.jpg?resize=525%2C300&ssl=1 1.5x, https:\/\/i0.wp.com\/www.wallendorff.com\/belogue\/wp-content\/uploads\/2025\/12\/20251231.jpg?resize=700%2C400&ssl=1 2x, https:\/\/i0.wp.com\/www.wallendorff.com\/belogue\/wp-content\/uploads\/2025\/12\/20251231.jpg?resize=1050%2C600&ssl=1 3x"},"classes":[]},{"id":127021,"url":"https:\/\/www.wallendorff.com\/belogue\/2023\/12\/31\/2023\/","url_meta":{"origin":131431,"position":1},"title":"2023.","author":"dpc","date":"31 d\u00e9cembre 2023","format":false,"excerpt":"Metz, 27 d\u00e9cembre 2023. Into the wide #286 The years go by so fast, Let's hope the next beats the last. [Les pr\u00e9c\u00e9dentes l\u00e0 et l\u00e0 et l\u00e0 et l\u00e0 et l\u00e0 et l\u00e0 et l\u00e0 et l\u00e0 et l\u00e0 et l\u00e0 et l\u00e0 et l\u00e0 et l\u00e0 et l\u00e0\u2026","rel":"","context":"Dans &quot;Into the wide&quot;","block_context":{"text":"Into the wide","link":"https:\/\/www.wallendorff.com\/belogue\/category\/into-the-wide\/"},"img":{"alt_text":"","src":"https:\/\/i0.wp.com\/www.wallendorff.com\/belogue\/wp-content\/uploads\/2023\/12\/20231231.jpg?resize=350%2C200&ssl=1","width":350,"height":200,"srcset":"https:\/\/i0.wp.com\/www.wallendorff.com\/belogue\/wp-content\/uploads\/2023\/12\/20231231.jpg?resize=350%2C200&ssl=1 1x, https:\/\/i0.wp.com\/www.wallendorff.com\/belogue\/wp-content\/uploads\/2023\/12\/20231231.jpg?resize=525%2C300&ssl=1 1.5x, https:\/\/i0.wp.com\/www.wallendorff.com\/belogue\/wp-content\/uploads\/2023\/12\/20231231.jpg?resize=700%2C400&ssl=1 2x, https:\/\/i0.wp.com\/www.wallendorff.com\/belogue\/wp-content\/uploads\/2023\/12\/20231231.jpg?resize=1050%2C600&ssl=1 3x"},"classes":[]},{"id":22926,"url":"https:\/\/www.wallendorff.com\/belogue\/2014\/06\/08\/top-10-des-plus-belles-cathedrales-de-la-decennie\/","url_meta":{"origin":131431,"position":2},"title":"Top 10 des plus belles cath\u00e9drales de la d\u00e9cennie.","author":"dpc","date":"8 juin 2014","format":false,"excerpt":"Dix ans \u00e0 faire le tour de toutes les cath\u00e9drales du monde entier et bien les regarder sous toutes les coutures pour \u00e9tablir le classement d\u00e9finitif et impartial des plus jolies cath\u00e9drales de l'univers. No 10 ex-\u00e6quo\u00a0: La cath\u00e9drale Notre-Dame de Chartres du 7 avril 2012... Chartres Attack. \u00a0 ...\u2026","rel":"","context":"Dans &quot;DPC&quot;","block_context":{"text":"DPC","link":"https:\/\/www.wallendorff.com\/belogue\/category\/dpc\/"},"img":{"alt_text":"","src":"https:\/\/i0.wp.com\/www.wallendorff.com\/belogue\/wp-content\/uploads\/2015\/04\/201310243.jpg?resize=350%2C200&ssl=1","width":350,"height":200,"srcset":"https:\/\/i0.wp.com\/www.wallendorff.com\/belogue\/wp-content\/uploads\/2015\/04\/201310243.jpg?resize=350%2C200&ssl=1 1x, https:\/\/i0.wp.com\/www.wallendorff.com\/belogue\/wp-content\/uploads\/2015\/04\/201310243.jpg?resize=525%2C300&ssl=1 1.5x, https:\/\/i0.wp.com\/www.wallendorff.com\/belogue\/wp-content\/uploads\/2015\/04\/201310243.jpg?resize=700%2C400&ssl=1 2x"},"classes":[]},{"id":40771,"url":"https:\/\/www.wallendorff.com\/belogue\/2018\/12\/31\/2018\/","url_meta":{"origin":131431,"position":3},"title":"2018.","author":"dpc","date":"31 d\u00e9cembre 2018","format":false,"excerpt":"Metz, 27 d\u00e9cembre 2018. Into the wide #164 The years go by so fast, Let's hope the next beats the last. [Les pr\u00e9c\u00e9dentes l\u00e0 et l\u00e0 et l\u00e0 et l\u00e0 et l\u00e0 et l\u00e0 et l\u00e0 et l\u00e0 et l\u00e0 et l\u00e0 aussi.] Et encore une. Bon r\u00e9veillon \u00e0 tous.\u2026","rel":"","context":"Dans &quot;Into the wide&quot;","block_context":{"text":"Into the wide","link":"https:\/\/www.wallendorff.com\/belogue\/category\/into-the-wide\/"},"img":{"alt_text":"","src":"https:\/\/i0.wp.com\/www.wallendorff.com\/belogue\/wp-content\/uploads\/2018\/12\/20181231.jpg?resize=350%2C200&ssl=1","width":350,"height":200,"srcset":"https:\/\/i0.wp.com\/www.wallendorff.com\/belogue\/wp-content\/uploads\/2018\/12\/20181231.jpg?resize=350%2C200&ssl=1 1x, https:\/\/i0.wp.com\/www.wallendorff.com\/belogue\/wp-content\/uploads\/2018\/12\/20181231.jpg?resize=525%2C300&ssl=1 1.5x, https:\/\/i0.wp.com\/www.wallendorff.com\/belogue\/wp-content\/uploads\/2018\/12\/20181231.jpg?resize=700%2C400&ssl=1 2x, https:\/\/i0.wp.com\/www.wallendorff.com\/belogue\/wp-content\/uploads\/2018\/12\/20181231.jpg?resize=1050%2C600&ssl=1 3x"},"classes":[]},{"id":44570,"url":"https:\/\/www.wallendorff.com\/belogue\/2019\/12\/31\/2019\/","url_meta":{"origin":131431,"position":4},"title":"2019.","author":"dpc","date":"31 d\u00e9cembre 2019","format":false,"excerpt":"Metz, 23 d\u00e9cembre 2019. Into the wide #192 The years go by so fast, Let's hope the next beats the last. [Les pr\u00e9c\u00e9dentes l\u00e0 et l\u00e0 et l\u00e0 et l\u00e0 et l\u00e0 et l\u00e0 et l\u00e0 et l\u00e0 et l\u00e0 et l\u00e0 et l\u00e0 aussi.] Je refais cette photo chaque\u2026","rel":"","context":"Dans &quot;Into the wide&quot;","block_context":{"text":"Into the wide","link":"https:\/\/www.wallendorff.com\/belogue\/category\/into-the-wide\/"},"img":{"alt_text":"Metz, 23 d&eacute;cembre 2019. Into the wide #192","src":"https:\/\/i0.wp.com\/www.wallendorff.com\/belogue\/wp-content\/uploads\/2019\/12\/20191231.jpg?resize=350%2C200&ssl=1","width":350,"height":200,"srcset":"https:\/\/i0.wp.com\/www.wallendorff.com\/belogue\/wp-content\/uploads\/2019\/12\/20191231.jpg?resize=350%2C200&ssl=1 1x, https:\/\/i0.wp.com\/www.wallendorff.com\/belogue\/wp-content\/uploads\/2019\/12\/20191231.jpg?resize=525%2C300&ssl=1 1.5x, https:\/\/i0.wp.com\/www.wallendorff.com\/belogue\/wp-content\/uploads\/2019\/12\/20191231.jpg?resize=700%2C400&ssl=1 2x, https:\/\/i0.wp.com\/www.wallendorff.com\/belogue\/wp-content\/uploads\/2019\/12\/20191231.jpg?resize=1050%2C600&ssl=1 3x"},"classes":[]},{"id":33359,"url":"https:\/\/www.wallendorff.com\/belogue\/2016\/12\/31\/2016\/","url_meta":{"origin":131431,"position":5},"title":"2016.","author":"dpc","date":"31 d\u00e9cembre 2016","format":false,"excerpt":"Metz, 26 d\u00e9cembre 2016.Into the wide #87 The years go by so fast, Let's hope the next beats the last. [Les pr\u00e9c\u00e9dentes l\u00e0 et l\u00e0 et l\u00e0 et l\u00e0 et l\u00e0 et l\u00e0 et l\u00e0 et l\u00e0 aussi.] Et repasser par le m\u00eame endroit, puisqu'on le peut. Bon r\u00e9veillon \u00e0\u2026","rel":"","context":"Dans &quot;Into the wide&quot;","block_context":{"text":"Into the wide","link":"https:\/\/www.wallendorff.com\/belogue\/category\/into-the-wide\/"},"img":{"alt_text":"","src":"https:\/\/i0.wp.com\/www.wallendorff.com\/belogue\/wp-content\/uploads\/2016\/12\/20161231.jpg?resize=350%2C200&ssl=1","width":350,"height":200,"srcset":"https:\/\/i0.wp.com\/www.wallendorff.com\/belogue\/wp-content\/uploads\/2016\/12\/20161231.jpg?resize=350%2C200&ssl=1 1x, https:\/\/i0.wp.com\/www.wallendorff.com\/belogue\/wp-content\/uploads\/2016\/12\/20161231.jpg?resize=525%2C300&ssl=1 1.5x, https:\/\/i0.wp.com\/www.wallendorff.com\/belogue\/wp-content\/uploads\/2016\/12\/20161231.jpg?resize=700%2C400&ssl=1 2x"},"classes":[]}],"_links":{"self":[{"href":"https:\/\/www.wallendorff.com\/belogue\/wp-json\/wp\/v2\/posts\/131431","targetHints":{"allow":["GET"]}}],"collection":[{"href":"https:\/\/www.wallendorff.com\/belogue\/wp-json\/wp\/v2\/posts"}],"about":[{"href":"https:\/\/www.wallendorff.com\/belogue\/wp-json\/wp\/v2\/types\/post"}],"author":[{"embeddable":true,"href":"https:\/\/www.wallendorff.com\/belogue\/wp-json\/wp\/v2\/users\/1"}],"replies":[{"embeddable":true,"href":"https:\/\/www.wallendorff.com\/belogue\/wp-json\/wp\/v2\/comments?post=131431"}],"version-history":[{"count":5,"href":"https:\/\/www.wallendorff.com\/belogue\/wp-json\/wp\/v2\/posts\/131431\/revisions"}],"predecessor-version":[{"id":131437,"href":"https:\/\/www.wallendorff.com\/belogue\/wp-json\/wp\/v2\/posts\/131431\/revisions\/131437"}],"wp:featuredmedia":[{"embeddable":true,"href":"https:\/\/www.wallendorff.com\/belogue\/wp-json\/wp\/v2\/media\/131436"}],"wp:attachment":[{"href":"https:\/\/www.wallendorff.com\/belogue\/wp-json\/wp\/v2\/media?parent=131431"}],"wp:term":[{"taxonomy":"category","embeddable":true,"href":"https:\/\/www.wallendorff.com\/belogue\/wp-json\/wp\/v2\/categories?post=131431"},{"taxonomy":"post_tag","embeddable":true,"href":"https:\/\/www.wallendorff.com\/belogue\/wp-json\/wp\/v2\/tags?post=131431"}],"curies":[{"name":"wp","href":"https:\/\/api.w.org\/{rel}","templated":true}]}}