{"id":131402,"date":"2024-12-25T11:24:51","date_gmt":"2024-12-25T09:24:51","guid":{"rendered":"https:\/\/www.wallendorff.com\/belogue\/?p=131402"},"modified":"2024-12-25T11:32:13","modified_gmt":"2024-12-25T09:32:13","slug":"shalalalala-14","status":"publish","type":"post","link":"https:\/\/www.wallendorff.com\/belogue\/2024\/12\/25\/shalalalala-14\/","title":{"rendered":"[Shalalalala.]"},"content":{"rendered":"\t\t<div data-elementor-type=\"wp-post\" data-elementor-id=\"131402\" class=\"elementor elementor-131402\" data-elementor-post-type=\"post\">\n\t\t\t\t\t\t<section class=\"elementor-section elementor-top-section elementor-element elementor-element-1ce18ab1 elementor-section-boxed elementor-section-height-default elementor-section-height-default\" data-id=\"1ce18ab1\" data-element_type=\"section\" data-e-type=\"section\">\n\t\t\t\t\t\t<div class=\"elementor-container elementor-column-gap-default\">\n\t\t\t\t\t<div class=\"elementor-column elementor-col-100 elementor-top-column elementor-element elementor-element-144a63fb\" data-id=\"144a63fb\" data-element_type=\"column\" data-e-type=\"column\">\n\t\t\t<div class=\"elementor-widget-wrap elementor-element-populated\">\n\t\t\t\t\t\t<div class=\"elementor-element elementor-element-1b121b5a elementor-widget elementor-widget-text-editor\" data-id=\"1b121b5a\" data-element_type=\"widget\" data-e-type=\"widget\" data-widget_type=\"text-editor.default\">\n\t\t\t\t<div class=\"elementor-widget-container\">\n\t\t\t\t\t\t\t\t\t<div id=\"photo\">\n\n<img decoding=\"async\" src=\"https:\/\/www.wallendorff.com\/belogue\/wp-content\/uploads\/2024\/12\/20241225.jpg\" \/>\n\nForum des Halles, Paris, 11 d\u00e9cembre 2024.\n\n<\/div>\n<p style=\"text-align: right;\">En vous le souhaitant bon.<\/p>\n\n<div id=\"bandeson\">\n\n<img decoding=\"async\" src=\"https:\/\/www.wallendorff.com\/belogue\/photo\/pochettes\/blank2.jpg\" align=\"left\" \/><a id=\"lienmp3\" style=\"font-weight: normal;\" href=\"http:\/\/www.youtube.com\/watch?v=2fxBYQH0WmQ\"><em>All I Want for Christmas<\/em><\/a><br\/>\n<a href=\"http:\/\/www.yeahyeahyeahs.com\/\">Yeah Yeah Yeahs<\/a>\n\n<\/div>\t\t\t\t\t\t\t\t<\/div>\n\t\t\t\t<\/div>\n\t\t\t\t\t<\/div>\n\t\t<\/div>\n\t\t\t\t\t<\/div>\n\t\t<\/section>\n\t\t\t\t<\/div>\n\t\t","protected":false},"excerpt":{"rendered":"<p>Forum des Halles, Paris, 11 d\u00e9cembre 2024. En vous le souhaitant bon. All I Want for Christmas Yeah Yeah Yeahs<\/p>\n","protected":false},"author":1,"featured_media":131409,"comment_status":"open","ping_status":"open","sticky":false,"template":"","format":"standard","meta":{"_acf_changed":false,"ngg_post_thumbnail":0,"jetpack_post_was_ever_published":true,"_jetpack_newsletter_access":"","_jetpack_dont_email_post_to_subs":false,"_jetpack_newsletter_tier_id":0,"_jetpack_memberships_contains_paywalled_content":false,"_jetpack_memberships_contains_paid_content":false,"footnotes":"","jetpack_publicize_message":"","jetpack_publicize_feature_enabled":true,"jetpack_social_post_already_shared":true,"jetpack_social_options":{"image_generator_settings":{"template":"highway","default_image_id":0,"font":"","enabled":false},"version":2}},"categories":[3],"tags":[10182,1056,10120,17279,10121,4614,20004,10147,10098,16143,11271,19267],"class_list":["post-131402","post","type-post","status-publish","format-standard","has-post-thumbnail","hentry","category-dpc","tag-10182","tag-forum-des-halles","tag-france","tag-fujifilm-x-e4","tag-ile-de-france","tag-noel","tag-noel-2024","tag-nuit","tag-paris","tag-photo-de-rue","tag-sapin-de-noel","tag-sigma-10-18-mm-f-2-8-dc-dn-contemporary"],"acf":[],"geo":{"latitude":48.8619423,"longitude":2.3465948,"description":"Paris 04, \u00cele-de-France, 75004, FR"},"jetpack_publicize_connections":[],"jetpack_featured_media_url":"https:\/\/www.wallendorff.com\/belogue\/wp-content\/uploads\/2024\/12\/20241225.jpg","jetpack_shortlink":"https:\/\/wp.me\/p3b35P-ybo","jetpack_sharing_enabled":true,"jetpack-related-posts":[{"id":50372,"url":"https:\/\/www.wallendorff.com\/belogue\/2021\/12\/25\/shalalalala-11\/","url_meta":{"origin":131402,"position":0},"title":"[Shalalalala.]","author":"dpc","date":"25 d\u00e9cembre 2021","format":false,"excerpt":"Forum des Halles, Paris, 25 novembre 2021. En vous le souhaitant bon. All I Want for Christmas Yeah Yeah Yeahs","rel":"","context":"Dans &quot;DPC&quot;","block_context":{"text":"DPC","link":"https:\/\/www.wallendorff.com\/belogue\/category\/dpc\/"},"img":{"alt_text":"","src":"https:\/\/i0.wp.com\/www.wallendorff.com\/belogue\/wp-content\/uploads\/2021\/12\/20211225.jpg?resize=350%2C200&ssl=1","width":350,"height":200,"srcset":"https:\/\/i0.wp.com\/www.wallendorff.com\/belogue\/wp-content\/uploads\/2021\/12\/20211225.jpg?resize=350%2C200&ssl=1 1x, https:\/\/i0.wp.com\/www.wallendorff.com\/belogue\/wp-content\/uploads\/2021\/12\/20211225.jpg?resize=525%2C300&ssl=1 1.5x, https:\/\/i0.wp.com\/www.wallendorff.com\/belogue\/wp-content\/uploads\/2021\/12\/20211225.jpg?resize=700%2C400&ssl=1 2x, https:\/\/i0.wp.com\/www.wallendorff.com\/belogue\/wp-content\/uploads\/2021\/12\/20211225.jpg?resize=1050%2C600&ssl=1 3x"},"classes":[]},{"id":47460,"url":"https:\/\/www.wallendorff.com\/belogue\/2020\/12\/25\/shalalalala-10\/","url_meta":{"origin":131402,"position":1},"title":"[Shalalalala.]","author":"dpc","date":"25 d\u00e9cembre 2020","format":false,"excerpt":"Forum des Halles, Paris, 5 d\u00e9cembre 2020. En vous le souhaitant bon. All I Want for Christmas Yeah Yeah Yeahs","rel":"","context":"Dans &quot;DPC&quot;","block_context":{"text":"DPC","link":"https:\/\/www.wallendorff.com\/belogue\/category\/dpc\/"},"img":{"alt_text":"","src":"https:\/\/i0.wp.com\/www.wallendorff.com\/belogue\/wp-content\/uploads\/2020\/12\/20201225.jpg?resize=350%2C200&ssl=1","width":350,"height":200,"srcset":"https:\/\/i0.wp.com\/www.wallendorff.com\/belogue\/wp-content\/uploads\/2020\/12\/20201225.jpg?resize=350%2C200&ssl=1 1x, https:\/\/i0.wp.com\/www.wallendorff.com\/belogue\/wp-content\/uploads\/2020\/12\/20201225.jpg?resize=525%2C300&ssl=1 1.5x, https:\/\/i0.wp.com\/www.wallendorff.com\/belogue\/wp-content\/uploads\/2020\/12\/20201225.jpg?resize=700%2C400&ssl=1 2x, https:\/\/i0.wp.com\/www.wallendorff.com\/belogue\/wp-content\/uploads\/2020\/12\/20201225.jpg?resize=1050%2C600&ssl=1 3x"},"classes":[]},{"id":3853,"url":"https:\/\/www.wallendorff.com\/belogue\/2009\/01\/30\/et-des-livraie-nous-dumes-halles\/","url_meta":{"origin":131402,"position":2},"title":"Et d\u00e8s l&rsquo;ivraie nous d\u00fbmes halles.","author":"dpc","date":"30 janvier 2009","format":false,"excerpt":"Galerie V\u00e9ro-Dodat, Paris, 4 janvier. \u00a0CSS \u2013 Jager Yoga Yeah yeah yeah.","rel":"","context":"Dans &quot;DPC&quot;","block_context":{"text":"DPC","link":"https:\/\/www.wallendorff.com\/belogue\/category\/dpc\/"},"img":{"alt_text":"","src":"https:\/\/i0.wp.com\/www.wallendorff.com\/belogue\/wp-content\/uploads\/2015\/04\/200901301.jpg?resize=350%2C200&ssl=1","width":350,"height":200},"classes":[]},{"id":131558,"url":"https:\/\/www.wallendorff.com\/belogue\/2024\/12\/31\/decembre-2024\/","url_meta":{"origin":131402,"position":3},"title":"D\u00e9cembre 2024.","author":"dpc","date":"31 d\u00e9cembre 2024","format":false,"excerpt":"Ce journal photographique aligne en images les \u00e9v\u00e8nements, petits ou grands, joyeux ou tristes, pour garder une trace du rythme du mois pr\u00e9c\u00e9dent. Je n'y adjoins jamais de texte. Les images se suffisent d'elles-m\u00eames, et quand elles laissent des ellipses dans leur r\u00e9cit, charge \u00e0 soi de les combler comme\u2026","rel":"","context":"Dans &quot;Blog-note&quot;","block_context":{"text":"Blog-note","link":"https:\/\/www.wallendorff.com\/belogue\/category\/blog-note\/"},"img":{"alt_text":"","src":"https:\/\/i0.wp.com\/www.wallendorff.com\/belogue\/wp-content\/uploads\/2025\/01\/20250122-18.jpg?resize=350%2C200&ssl=1","width":350,"height":200,"srcset":"https:\/\/i0.wp.com\/www.wallendorff.com\/belogue\/wp-content\/uploads\/2025\/01\/20250122-18.jpg?resize=350%2C200&ssl=1 1x, https:\/\/i0.wp.com\/www.wallendorff.com\/belogue\/wp-content\/uploads\/2025\/01\/20250122-18.jpg?resize=525%2C300&ssl=1 1.5x, https:\/\/i0.wp.com\/www.wallendorff.com\/belogue\/wp-content\/uploads\/2025\/01\/20250122-18.jpg?resize=700%2C400&ssl=1 2x, https:\/\/i0.wp.com\/www.wallendorff.com\/belogue\/wp-content\/uploads\/2025\/01\/20250122-18.jpg?resize=1050%2C600&ssl=1 3x"},"classes":[]},{"id":128077,"url":"https:\/\/www.wallendorff.com\/belogue\/2024\/04\/30\/avril-2024\/","url_meta":{"origin":131402,"position":4},"title":"Avril 2024.","author":"dpc","date":"30 avril 2024","format":false,"excerpt":"Une \u00e9glise, un train, une fondue, une fen\u00eatre, une plage, un blockhaus, un ap\u00e9ro, un train, une plage, une terrasse, une maison, une jet\u00e9e, un phare, une c\u00f4te, un rocher, une tour, un r\u00e9cif, une urne, une halle, des toits, une grille, une vitrine en cours, une gare, un train,\u2026","rel":"","context":"Dans &quot;Blog-note&quot;","block_context":{"text":"Blog-note","link":"https:\/\/www.wallendorff.com\/belogue\/category\/blog-note\/"},"img":{"alt_text":"","src":"https:\/\/i0.wp.com\/www.wallendorff.com\/belogue\/wp-content\/uploads\/2024\/05\/20240523-70.jpg?resize=350%2C200&ssl=1","width":350,"height":200,"srcset":"https:\/\/i0.wp.com\/www.wallendorff.com\/belogue\/wp-content\/uploads\/2024\/05\/20240523-70.jpg?resize=350%2C200&ssl=1 1x, https:\/\/i0.wp.com\/www.wallendorff.com\/belogue\/wp-content\/uploads\/2024\/05\/20240523-70.jpg?resize=525%2C300&ssl=1 1.5x, https:\/\/i0.wp.com\/www.wallendorff.com\/belogue\/wp-content\/uploads\/2024\/05\/20240523-70.jpg?resize=700%2C400&ssl=1 2x, https:\/\/i0.wp.com\/www.wallendorff.com\/belogue\/wp-content\/uploads\/2024\/05\/20240523-70.jpg?resize=1050%2C600&ssl=1 3x"},"classes":[]},{"id":71,"url":"https:\/\/www.wallendorff.com\/belogue\/2005\/09\/08\/an-vaut-le-mois\/","url_meta":{"origin":131402,"position":5},"title":"An vaut le mois.","author":"dpc","date":"8 septembre 2005","format":false,"excerpt":"Forum des halles, Paris, 7 septembre. \u201cNever want to come down Never want to put my feet back down on the ground\u201d \u00a0Depeche Mode \u2013 Never Let Me Down Again (Split mix)","rel":"","context":"Dans &quot;DPC&quot;","block_context":{"text":"DPC","link":"https:\/\/www.wallendorff.com\/belogue\/category\/dpc\/"},"img":{"alt_text":"","src":"https:\/\/i0.wp.com\/www.wallendorff.com\/belogue\/wp-content\/uploads\/2015\/04\/200509081.jpg?resize=350%2C200&ssl=1","width":350,"height":200},"classes":[]}],"_links":{"self":[{"href":"https:\/\/www.wallendorff.com\/belogue\/wp-json\/wp\/v2\/posts\/131402","targetHints":{"allow":["GET"]}}],"collection":[{"href":"https:\/\/www.wallendorff.com\/belogue\/wp-json\/wp\/v2\/posts"}],"about":[{"href":"https:\/\/www.wallendorff.com\/belogue\/wp-json\/wp\/v2\/types\/post"}],"author":[{"embeddable":true,"href":"https:\/\/www.wallendorff.com\/belogue\/wp-json\/wp\/v2\/users\/1"}],"replies":[{"embeddable":true,"href":"https:\/\/www.wallendorff.com\/belogue\/wp-json\/wp\/v2\/comments?post=131402"}],"version-history":[{"count":9,"href":"https:\/\/www.wallendorff.com\/belogue\/wp-json\/wp\/v2\/posts\/131402\/revisions"}],"predecessor-version":[{"id":131412,"href":"https:\/\/www.wallendorff.com\/belogue\/wp-json\/wp\/v2\/posts\/131402\/revisions\/131412"}],"wp:featuredmedia":[{"embeddable":true,"href":"https:\/\/www.wallendorff.com\/belogue\/wp-json\/wp\/v2\/media\/131409"}],"wp:attachment":[{"href":"https:\/\/www.wallendorff.com\/belogue\/wp-json\/wp\/v2\/media?parent=131402"}],"wp:term":[{"taxonomy":"category","embeddable":true,"href":"https:\/\/www.wallendorff.com\/belogue\/wp-json\/wp\/v2\/categories?post=131402"},{"taxonomy":"post_tag","embeddable":true,"href":"https:\/\/www.wallendorff.com\/belogue\/wp-json\/wp\/v2\/tags?post=131402"}],"curies":[{"name":"wp","href":"https:\/\/api.w.org\/{rel}","templated":true}]}}