{"id":13135,"date":"2011-08-19T12:47:40","date_gmt":"2011-08-19T10:47:40","guid":{"rendered":"http:\/\/www.po-l.com\/belogue\/?p=13135"},"modified":"2012-04-11T09:56:21","modified_gmt":"2012-04-11T07:56:21","slug":"dos-dode","status":"publish","type":"post","link":"https:\/\/www.wallendorff.com\/belogue\/2011\/08\/19\/dos-dode\/","title":{"rendered":"Dos d&rsquo;Ode."},"content":{"rendered":"\n<div id=\"photo\">\n<p><img decoding=\"async\" src=\"https:\/\/www.wallendorff.com\/belogue\/photo\/2011\/08\/20110819.jpg\" \/><br \/>\nH&ocirc;tel de Cluny, Paris,  23 juillet.<\/p>\n<\/p><\/div>\n<div id=\"bandeson\">\n<p><img decoding=\"async\" src=\"https:\/\/www.wallendorff.com\/belogue\/photo\/pochettes\/n\/neutral_milk_hotel-in_the_aeroplane_over_the_sea.jpg\" align=\"left\" \/>&nbsp;<a href=\"http:\/\/www.neutralmilkhotel.net\/\">Neutral Milk Hotel<\/a> &ndash; <em>Oh Comely<\/em><\/p>\n<\/p><\/div>\n","protected":false},"excerpt":{"rendered":"<p>H&ocirc;tel de Cluny, Paris, 23 juillet. &nbsp;Neutral Milk Hotel &ndash; Oh Comely<\/p>\n","protected":false},"author":1,"featured_media":26222,"comment_status":"open","ping_status":"open","sticky":false,"template":"","format":"standard","meta":{"_acf_changed":false,"ngg_post_thumbnail":0,"jetpack_post_was_ever_published":false,"_jetpack_newsletter_access":"","_jetpack_dont_email_post_to_subs":false,"_jetpack_newsletter_tier_id":0,"_jetpack_memberships_contains_paywalled_content":false,"_jetpack_memberships_contains_paid_content":false,"footnotes":"","jetpack_publicize_message":"","jetpack_publicize_feature_enabled":true,"jetpack_social_post_already_shared":false,"jetpack_social_options":{"image_generator_settings":{"template":"highway","default_image_id":0,"font":"","enabled":false},"version":2}},"categories":[3],"tags":[10239,1438,2615,10311,10340,10120,5156,10121,10232,5157,3550,143,4053,10098],"class_list":["post-13135","post","type-post","status-publish","format-standard","has-post-thumbnail","hentry","category-dpc","tag-10239","tag-ef-50-mm-f14-usm","tag-eos-5d-mark-ii","tag-dos","tag-fille","tag-france","tag-hotel-de-cluny","tag-ile-de-france","tag-musee","tag-musee-national-du-moyen-age","tag-neutral-milk-hotel","tag-noir-et-blanc","tag-oh-comely","tag-paris"],"acf":[],"geo":{"latitude":48.8504753,"longitude":2.344213,"description":"2-6 Place Paul Painlev\u00e9, 75005 Paris, France"},"jetpack_publicize_connections":[],"jetpack_featured_media_url":"https:\/\/www.wallendorff.com\/belogue\/wp-content\/uploads\/2015\/04\/201108191.jpg","jetpack_shortlink":"https:\/\/wp.me\/p3b35P-3pR","jetpack_sharing_enabled":true,"jetpack-related-posts":[{"id":13138,"url":"https:\/\/www.wallendorff.com\/belogue\/2011\/08\/22\/dupe-insure-la-penche\/","url_meta":{"origin":13135,"position":0},"title":"Dupe ins\u00fbre, l\u00e0, penche.","author":"dpc","date":"22 ao\u00fbt 2011","format":false,"excerpt":"H\u00f4tel de Cluny, Paris, 23 juillet. \u00a0The Kills \u2013 Future Starts Slow","rel":"","context":"Dans &quot;DPC&quot;","block_context":{"text":"DPC","link":"https:\/\/www.wallendorff.com\/belogue\/category\/dpc\/"},"img":{"alt_text":"","src":"https:\/\/i0.wp.com\/www.wallendorff.com\/belogue\/wp-content\/uploads\/2015\/04\/201108221.jpg?resize=350%2C200&ssl=1","width":350,"height":200,"srcset":"https:\/\/i0.wp.com\/www.wallendorff.com\/belogue\/wp-content\/uploads\/2015\/04\/201108221.jpg?resize=350%2C200&ssl=1 1x, https:\/\/i0.wp.com\/www.wallendorff.com\/belogue\/wp-content\/uploads\/2015\/04\/201108221.jpg?resize=525%2C300&ssl=1 1.5x"},"classes":[]},{"id":13144,"url":"https:\/\/www.wallendorff.com\/belogue\/2011\/08\/23\/du-haut-denomme\/","url_meta":{"origin":13135,"position":1},"title":"Du haut [d\u00e9nomme].","author":"dpc","date":"23 ao\u00fbt 2011","format":false,"excerpt":"H\u00f4tel de Cluny, Paris, 23 juillet. \u00a0TV on the Radio \u2013 Second Song","rel":"","context":"Dans &quot;DPC&quot;","block_context":{"text":"DPC","link":"https:\/\/www.wallendorff.com\/belogue\/category\/dpc\/"},"img":{"alt_text":"","src":"https:\/\/i0.wp.com\/www.wallendorff.com\/belogue\/wp-content\/uploads\/2015\/04\/201108231.jpg?resize=350%2C200&ssl=1","width":350,"height":200,"srcset":"https:\/\/i0.wp.com\/www.wallendorff.com\/belogue\/wp-content\/uploads\/2015\/04\/201108231.jpg?resize=350%2C200&ssl=1 1x, https:\/\/i0.wp.com\/www.wallendorff.com\/belogue\/wp-content\/uploads\/2015\/04\/201108231.jpg?resize=525%2C300&ssl=1 1.5x, https:\/\/i0.wp.com\/www.wallendorff.com\/belogue\/wp-content\/uploads\/2015\/04\/201108231.jpg?resize=700%2C400&ssl=1 2x"},"classes":[]},{"id":7979,"url":"https:\/\/www.wallendorff.com\/belogue\/2010\/08\/05\/gade-a-lcanal\/","url_meta":{"origin":13135,"position":2},"title":"&lsquo;Gade \u00e0 l&rsquo;canal.","author":"dpc","date":"5 ao\u00fbt 2010","format":false,"excerpt":"Nieuwebrugsteeg, Amsterdam, 18 juillet. \u00a0Neutral Milk Hotel \u2013 Oh Comely Et puisque \u00e7a faisait longtemps\u00a0: Monomanie \u2013 1 Harc\u00e8lement [Afin de pr\u00e9server leur anonymat, Jean-K\u00e9vin Nietszche et Lou-An Satouvion seront jou\u00e9s par Joel Madden et Nicole Richie.] Monomanie \u2013 2 [L'int\u00e9gralit\u00e9 des \u00e9pisodes est list\u00e9e sous ce mot-cl\u00e9 l\u00e0]","rel":"","context":"Dans &quot;DPC&quot;","block_context":{"text":"DPC","link":"https:\/\/www.wallendorff.com\/belogue\/category\/dpc\/"},"img":{"alt_text":"","src":"https:\/\/i0.wp.com\/www.wallendorff.com\/belogue\/wp-content\/uploads\/2015\/04\/201008051.jpg?resize=350%2C200&ssl=1","width":350,"height":200},"classes":[]},{"id":18645,"url":"https:\/\/www.wallendorff.com\/belogue\/2012\/08\/15\/cour-jet\/","url_meta":{"origin":13135,"position":3},"title":"Cour-jet.","author":"dpc","date":"15 ao\u00fbt 2012","format":false,"excerpt":"Shakespeare & Co., Paris, 7 juin. Neutral Milk Hotel \u2013 In the Aeroplane Over the Sea","rel":"","context":"Dans &quot;DPC&quot;","block_context":{"text":"DPC","link":"https:\/\/www.wallendorff.com\/belogue\/category\/dpc\/"},"img":{"alt_text":"","src":"https:\/\/i0.wp.com\/www.wallendorff.com\/belogue\/wp-content\/uploads\/2015\/04\/201208151.jpg?resize=350%2C200&ssl=1","width":350,"height":200,"srcset":"https:\/\/i0.wp.com\/www.wallendorff.com\/belogue\/wp-content\/uploads\/2015\/04\/201208151.jpg?resize=350%2C200&ssl=1 1x, https:\/\/i0.wp.com\/www.wallendorff.com\/belogue\/wp-content\/uploads\/2015\/04\/201208151.jpg?resize=525%2C300&ssl=1 1.5x, https:\/\/i0.wp.com\/www.wallendorff.com\/belogue\/wp-content\/uploads\/2015\/04\/201208151.jpg?resize=700%2C400&ssl=1 2x"},"classes":[]},{"id":7885,"url":"https:\/\/www.wallendorff.com\/belogue\/2010\/07\/22\/lhaiku-rit-aussi-tetin-vit-lun-des-faux\/","url_meta":{"origin":13135,"position":4},"title":"L&rsquo;ha\u00efku rit aussi ; t\u00e9tin vit l&rsquo;un des faux.","author":"dpc","date":"22 juillet 2010","format":false,"excerpt":"Palais du Louvre, Paris, 22 juin. Mais bien s\u00fbr que si que c'est un mot, enfin\u00a0: T\u00e9tin, subst. masc. a) Vx ou litt\u00e9r. Sein. Isabeau, ma mie, je ne serai content de Jupiter que lorsqu'il aura chang\u00e9 vos deux t\u00e9tins blancs en deux noires bouteilles, o\u00f9 je t\u00e9terai du vin\u2026","rel":"","context":"Dans &quot;DPC&quot;","block_context":{"text":"DPC","link":"https:\/\/www.wallendorff.com\/belogue\/category\/dpc\/"},"img":{"alt_text":"","src":"https:\/\/i0.wp.com\/www.wallendorff.com\/belogue\/wp-content\/uploads\/2015\/04\/201007221.jpg?resize=350%2C200&ssl=1","width":350,"height":200},"classes":[]},{"id":126625,"url":"https:\/\/www.wallendorff.com\/belogue\/2023\/11\/14\/into-the-wide-283\/","url_meta":{"origin":13135,"position":5},"title":"Into the wide #283.","author":"dpc","date":"14 novembre 2023","format":false,"excerpt":"Cit\u00e9 de l'\u00c9conomie, Paris, 16 septembre 2023.","rel":"","context":"Dans &quot;Into the wide&quot;","block_context":{"text":"Into the wide","link":"https:\/\/www.wallendorff.com\/belogue\/category\/into-the-wide\/"},"img":{"alt_text":"","src":"https:\/\/i0.wp.com\/www.wallendorff.com\/belogue\/wp-content\/uploads\/2023\/11\/20231114.jpg?resize=350%2C200&ssl=1","width":350,"height":200,"srcset":"https:\/\/i0.wp.com\/www.wallendorff.com\/belogue\/wp-content\/uploads\/2023\/11\/20231114.jpg?resize=350%2C200&ssl=1 1x, https:\/\/i0.wp.com\/www.wallendorff.com\/belogue\/wp-content\/uploads\/2023\/11\/20231114.jpg?resize=525%2C300&ssl=1 1.5x, https:\/\/i0.wp.com\/www.wallendorff.com\/belogue\/wp-content\/uploads\/2023\/11\/20231114.jpg?resize=700%2C400&ssl=1 2x, https:\/\/i0.wp.com\/www.wallendorff.com\/belogue\/wp-content\/uploads\/2023\/11\/20231114.jpg?resize=1050%2C600&ssl=1 3x"},"classes":[]}],"_links":{"self":[{"href":"https:\/\/www.wallendorff.com\/belogue\/wp-json\/wp\/v2\/posts\/13135","targetHints":{"allow":["GET"]}}],"collection":[{"href":"https:\/\/www.wallendorff.com\/belogue\/wp-json\/wp\/v2\/posts"}],"about":[{"href":"https:\/\/www.wallendorff.com\/belogue\/wp-json\/wp\/v2\/types\/post"}],"author":[{"embeddable":true,"href":"https:\/\/www.wallendorff.com\/belogue\/wp-json\/wp\/v2\/users\/1"}],"replies":[{"embeddable":true,"href":"https:\/\/www.wallendorff.com\/belogue\/wp-json\/wp\/v2\/comments?post=13135"}],"version-history":[{"count":1,"href":"https:\/\/www.wallendorff.com\/belogue\/wp-json\/wp\/v2\/posts\/13135\/revisions"}],"predecessor-version":[{"id":16814,"href":"https:\/\/www.wallendorff.com\/belogue\/wp-json\/wp\/v2\/posts\/13135\/revisions\/16814"}],"wp:featuredmedia":[{"embeddable":true,"href":"https:\/\/www.wallendorff.com\/belogue\/wp-json\/wp\/v2\/media\/26222"}],"wp:attachment":[{"href":"https:\/\/www.wallendorff.com\/belogue\/wp-json\/wp\/v2\/media?parent=13135"}],"wp:term":[{"taxonomy":"category","embeddable":true,"href":"https:\/\/www.wallendorff.com\/belogue\/wp-json\/wp\/v2\/categories?post=13135"},{"taxonomy":"post_tag","embeddable":true,"href":"https:\/\/www.wallendorff.com\/belogue\/wp-json\/wp\/v2\/tags?post=13135"}],"curies":[{"name":"wp","href":"https:\/\/api.w.org\/{rel}","templated":true}]}}