{"id":131210,"date":"2024-12-02T18:26:09","date_gmt":"2024-12-02T16:26:09","guid":{"rendered":"https:\/\/www.wallendorff.com\/belogue\/?p=131210"},"modified":"2024-12-02T18:32:46","modified_gmt":"2024-12-02T16:32:46","slug":"un-drap-mou-enorme-et-gesir","status":"publish","type":"post","link":"https:\/\/www.wallendorff.com\/belogue\/2024\/12\/02\/un-drap-mou-enorme-et-gesir\/","title":{"rendered":"Un drap mou \u00e9norme et g\u00e9sir."},"content":{"rendered":"\t\t<div data-elementor-type=\"wp-post\" data-elementor-id=\"131210\" class=\"elementor elementor-131210\" data-elementor-post-type=\"post\">\n\t\t\t\t\t\t<section class=\"elementor-section elementor-top-section elementor-element elementor-element-18f9c4bc elementor-section-boxed elementor-section-height-default elementor-section-height-default\" data-id=\"18f9c4bc\" data-element_type=\"section\" data-e-type=\"section\">\n\t\t\t\t\t\t<div class=\"elementor-container elementor-column-gap-default\">\n\t\t\t\t\t<div class=\"elementor-column elementor-col-100 elementor-top-column elementor-element elementor-element-31b37445\" data-id=\"31b37445\" data-element_type=\"column\" data-e-type=\"column\">\n\t\t\t<div class=\"elementor-widget-wrap elementor-element-populated\">\n\t\t\t\t\t\t<div class=\"elementor-element elementor-element-3e90fa35 elementor-widget elementor-widget-text-editor\" data-id=\"3e90fa35\" data-element_type=\"widget\" data-e-type=\"widget\" data-widget_type=\"text-editor.default\">\n\t\t\t\t<div class=\"elementor-widget-container\">\n\t\t\t\t\t\t\t\t\t<div id=\"photo\"><img decoding=\"async\" src=\"https:\/\/www.wallendorff.com\/belogue\/wp-content\/uploads\/2024\/12\/20241202.jpg\" \/>\nPont Notre-Dame, Paris, 3 septembre 2024.<\/div>\t\t\t\t\t\t\t\t<\/div>\n\t\t\t\t<\/div>\n\t\t\t\t\t<\/div>\n\t\t<\/div>\n\t\t\t\t\t<\/div>\n\t\t<\/section>\n\t\t\t\t<\/div>\n\t\t","protected":false},"excerpt":{"rendered":"<p>Pont Notre-Dame, Paris, 3 septembre 2024.<\/p>\n","protected":false},"author":1,"featured_media":131214,"comment_status":"open","ping_status":"open","sticky":false,"template":"","format":"standard","meta":{"_acf_changed":false,"ngg_post_thumbnail":0,"jetpack_post_was_ever_published":false,"_jetpack_newsletter_access":"","_jetpack_dont_email_post_to_subs":false,"_jetpack_newsletter_tier_id":0,"_jetpack_memberships_contains_paywalled_content":false,"_jetpack_memberships_contains_paid_content":false,"footnotes":"","jetpack_publicize_message":"","jetpack_publicize_feature_enabled":true,"jetpack_social_post_already_shared":true,"jetpack_social_options":{"image_generator_settings":{"template":"highway","default_image_id":0,"font":"","enabled":false},"version":2}},"categories":[3],"tags":[10277,4960,10326,10120,18290,10279,10121,13679,10098,13259,10592,19267,12843],"class_list":["post-131210","post","type-post","status-publish","format-standard","has-post-thumbnail","hentry","category-dpc","tag-10277","tag-conciergerie","tag-crepuscule","tag-france","tag-fujifilm-x-t5","tag-ile-de-la-cite","tag-ile-de-france","tag-palais-de-la-cite","tag-paris","tag-pont-notre-dame","tag-pose-longue","tag-sigma-10-18-mm-f-2-8-dc-dn-contemporary","tag-tribunal-de-commerce-de-paris"],"acf":[],"geo":{"latitude":48.8561325,"longitude":2.3485959,"description":"Paris, \u00cele-de-France, 75012, FR"},"jetpack_publicize_connections":[],"jetpack_featured_media_url":"https:\/\/www.wallendorff.com\/belogue\/wp-content\/uploads\/2024\/12\/20241202.jpg","jetpack_shortlink":"https:\/\/wp.me\/p3b35P-y8i","jetpack_sharing_enabled":true,"jetpack-related-posts":[{"id":12879,"url":"https:\/\/www.wallendorff.com\/belogue\/2011\/06\/14\/banc-da-part\/","url_meta":{"origin":131210,"position":0},"title":"Banc d&rsquo;\u00e0 part.","author":"dpc","date":"14 juin 2011","format":false,"excerpt":"Pont au Double, Paris, 9 mai. \u00a0Dag f\u00f6r Dag \u2013 I Am the Assassin","rel":"","context":"Dans &quot;DPC&quot;","block_context":{"text":"DPC","link":"https:\/\/www.wallendorff.com\/belogue\/category\/dpc\/"},"img":{"alt_text":"","src":"https:\/\/i0.wp.com\/www.wallendorff.com\/belogue\/wp-content\/uploads\/2015\/04\/201106141.jpg?resize=350%2C200&ssl=1","width":350,"height":200},"classes":[]},{"id":22332,"url":"https:\/\/www.wallendorff.com\/belogue\/2014\/01\/03\/into-the-wide-25\/","url_meta":{"origin":131210,"position":1},"title":"Into the wide #25.","author":"dpc","date":"3 janvier 2014","format":false,"excerpt":"Pont de la Tournelle, Paris, 8 d\u00e9cembre 2013. Une revisite de celle-ci, mais en rose. 69 Police David Holmes","rel":"","context":"Dans &quot;Into the wide&quot;","block_context":{"text":"Into the wide","link":"https:\/\/www.wallendorff.com\/belogue\/category\/into-the-wide\/"},"img":{"alt_text":"","src":"https:\/\/i0.wp.com\/www.wallendorff.com\/belogue\/wp-content\/uploads\/2015\/04\/201401031.jpg?resize=350%2C200&ssl=1","width":350,"height":200,"srcset":"https:\/\/i0.wp.com\/www.wallendorff.com\/belogue\/wp-content\/uploads\/2015\/04\/201401031.jpg?resize=350%2C200&ssl=1 1x, https:\/\/i0.wp.com\/www.wallendorff.com\/belogue\/wp-content\/uploads\/2015\/04\/201401031.jpg?resize=525%2C300&ssl=1 1.5x, https:\/\/i0.wp.com\/www.wallendorff.com\/belogue\/wp-content\/uploads\/2015\/04\/201401031.jpg?resize=700%2C400&ssl=1 2x"},"classes":[]},{"id":45573,"url":"https:\/\/www.wallendorff.com\/belogue\/2020\/05\/03\/et-la-en-vide-nuit-quai\/","url_meta":{"origin":131210,"position":2},"title":"Et l\u00e0, en vide nuit : quai.","author":"dpc","date":"3 mai 2020","format":false,"excerpt":"Voie Georges-Pompidou, Paris, 14 f\u00e9vrier 2020. Lonely Hollow Days Feeder","rel":"","context":"Dans &quot;DPC&quot;","block_context":{"text":"DPC","link":"https:\/\/www.wallendorff.com\/belogue\/category\/dpc\/"},"img":{"alt_text":"","src":"https:\/\/i0.wp.com\/www.wallendorff.com\/belogue\/wp-content\/uploads\/2020\/05\/20200503.jpg?resize=350%2C200&ssl=1","width":350,"height":200,"srcset":"https:\/\/i0.wp.com\/www.wallendorff.com\/belogue\/wp-content\/uploads\/2020\/05\/20200503.jpg?resize=350%2C200&ssl=1 1x, https:\/\/i0.wp.com\/www.wallendorff.com\/belogue\/wp-content\/uploads\/2020\/05\/20200503.jpg?resize=525%2C300&ssl=1 1.5x, https:\/\/i0.wp.com\/www.wallendorff.com\/belogue\/wp-content\/uploads\/2020\/05\/20200503.jpg?resize=700%2C400&ssl=1 2x, https:\/\/i0.wp.com\/www.wallendorff.com\/belogue\/wp-content\/uploads\/2020\/05\/20200503.jpg?resize=1050%2C600&ssl=1 3x"},"classes":[]},{"id":364,"url":"https:\/\/www.wallendorff.com\/belogue\/2005\/05\/26\/pingouin-dans-l-champs-hiver-mechant\/","url_meta":{"origin":131210,"position":3},"title":"Pingouin dans l&rsquo;champ, hiver m\u00e9chant\u00b9.","author":"dpc","date":"26 mai 2005","format":false,"excerpt":"Notre-Dame-est-une-cath\u00e9drale-moche-[et-albinos], Paris, 18 mai. \u00a0Soledad Brothers \u2013 Break 'Em on Down (live) _____ 1 Aujourd'hui, le titre est un jeu de mot en pi\u00e8ces d\u00e9tach\u00e9es \u00e0 assembler toi-m\u00eame! Avec tes amis, amuse-toi \u00e0 ins\u00e9rer dans le proverbe belge2 fourni les termes \"cath\u00e9drale\", \"lampadaire\" et tous leurs synonymes\u00a0! 2 Un proverbe\u2026","rel":"","context":"Dans &quot;DPC&quot;","block_context":{"text":"DPC","link":"https:\/\/www.wallendorff.com\/belogue\/category\/dpc\/"},"img":{"alt_text":"","src":"https:\/\/i0.wp.com\/www.wallendorff.com\/belogue\/wp-content\/uploads\/2015\/04\/200505261.jpg?resize=350%2C200&ssl=1","width":350,"height":200},"classes":[]},{"id":38277,"url":"https:\/\/www.wallendorff.com\/belogue\/2018\/05\/29\/into-the-wide-147\/","url_meta":{"origin":131210,"position":4},"title":"Into the wide #147.","author":"dpc","date":"29 mai 2018","format":false,"excerpt":"Pont Notre-Dame, Paris, 18 avril 2018. Just Dumb Enough to TryFather John Misty","rel":"","context":"Dans &quot;Into the wide&quot;","block_context":{"text":"Into the wide","link":"https:\/\/www.wallendorff.com\/belogue\/category\/into-the-wide\/"},"img":{"alt_text":"Pont Notre-Dame, Paris, 18 avril 2018.","src":"https:\/\/i0.wp.com\/www.wallendorff.com\/belogue\/wp-content\/uploads\/2018\/05\/20180529.jpg?resize=350%2C200&ssl=1","width":350,"height":200,"srcset":"https:\/\/i0.wp.com\/www.wallendorff.com\/belogue\/wp-content\/uploads\/2018\/05\/20180529.jpg?resize=350%2C200&ssl=1 1x, https:\/\/i0.wp.com\/www.wallendorff.com\/belogue\/wp-content\/uploads\/2018\/05\/20180529.jpg?resize=525%2C300&ssl=1 1.5x, https:\/\/i0.wp.com\/www.wallendorff.com\/belogue\/wp-content\/uploads\/2018\/05\/20180529.jpg?resize=700%2C400&ssl=1 2x, https:\/\/i0.wp.com\/www.wallendorff.com\/belogue\/wp-content\/uploads\/2018\/05\/20180529.jpg?resize=1050%2C600&ssl=1 3x"},"classes":[]},{"id":41584,"url":"https:\/\/www.wallendorff.com\/belogue\/2019\/04\/16\/lenfer\/","url_meta":{"origin":131210,"position":5},"title":"L&rsquo;enfer.","author":"dpc","date":"16 avril 2019","format":false,"excerpt":"Je ne pouvais pas ne pas y aller\u00a0; je ne pouvais pas ne pas garder une trace de \u00e7a. Une fois sur place, j'ai tourn\u00e9 autour de l'\u00eele de la Cit\u00e9 sans pouvoir me r\u00e9soudre \u00e0 rentrer. Ces b\u00e2timents sont con\u00e7us pour rester debout quoi qu'il arrive [c'est la raison\u2026","rel":"","context":"Dans &quot;DPC&quot;","block_context":{"text":"DPC","link":"https:\/\/www.wallendorff.com\/belogue\/category\/dpc\/"},"img":{"alt_text":"","src":"https:\/\/i0.wp.com\/www.wallendorff.com\/belogue\/wp-content\/uploads\/2019\/04\/20190416-01.jpg?resize=350%2C200&ssl=1","width":350,"height":200,"srcset":"https:\/\/i0.wp.com\/www.wallendorff.com\/belogue\/wp-content\/uploads\/2019\/04\/20190416-01.jpg?resize=350%2C200&ssl=1 1x, https:\/\/i0.wp.com\/www.wallendorff.com\/belogue\/wp-content\/uploads\/2019\/04\/20190416-01.jpg?resize=525%2C300&ssl=1 1.5x, https:\/\/i0.wp.com\/www.wallendorff.com\/belogue\/wp-content\/uploads\/2019\/04\/20190416-01.jpg?resize=700%2C400&ssl=1 2x, https:\/\/i0.wp.com\/www.wallendorff.com\/belogue\/wp-content\/uploads\/2019\/04\/20190416-01.jpg?resize=1050%2C600&ssl=1 3x"},"classes":[]}],"_links":{"self":[{"href":"https:\/\/www.wallendorff.com\/belogue\/wp-json\/wp\/v2\/posts\/131210","targetHints":{"allow":["GET"]}}],"collection":[{"href":"https:\/\/www.wallendorff.com\/belogue\/wp-json\/wp\/v2\/posts"}],"about":[{"href":"https:\/\/www.wallendorff.com\/belogue\/wp-json\/wp\/v2\/types\/post"}],"author":[{"embeddable":true,"href":"https:\/\/www.wallendorff.com\/belogue\/wp-json\/wp\/v2\/users\/1"}],"replies":[{"embeddable":true,"href":"https:\/\/www.wallendorff.com\/belogue\/wp-json\/wp\/v2\/comments?post=131210"}],"version-history":[{"count":7,"href":"https:\/\/www.wallendorff.com\/belogue\/wp-json\/wp\/v2\/posts\/131210\/revisions"}],"predecessor-version":[{"id":131218,"href":"https:\/\/www.wallendorff.com\/belogue\/wp-json\/wp\/v2\/posts\/131210\/revisions\/131218"}],"wp:featuredmedia":[{"embeddable":true,"href":"https:\/\/www.wallendorff.com\/belogue\/wp-json\/wp\/v2\/media\/131214"}],"wp:attachment":[{"href":"https:\/\/www.wallendorff.com\/belogue\/wp-json\/wp\/v2\/media?parent=131210"}],"wp:term":[{"taxonomy":"category","embeddable":true,"href":"https:\/\/www.wallendorff.com\/belogue\/wp-json\/wp\/v2\/categories?post=131210"},{"taxonomy":"post_tag","embeddable":true,"href":"https:\/\/www.wallendorff.com\/belogue\/wp-json\/wp\/v2\/tags?post=131210"}],"curies":[{"name":"wp","href":"https:\/\/api.w.org\/{rel}","templated":true}]}}