{"id":131187,"date":"2024-11-27T12:10:40","date_gmt":"2024-11-27T10:10:40","guid":{"rendered":"https:\/\/www.wallendorff.com\/belogue\/?p=131187"},"modified":"2024-11-27T16:39:27","modified_gmt":"2024-11-27T14:39:27","slug":"lenfer-dut-des-corps","status":"publish","type":"post","link":"https:\/\/www.wallendorff.com\/belogue\/2024\/11\/27\/lenfer-dut-des-corps\/","title":{"rendered":"L&rsquo;enfer dut des corps."},"content":{"rendered":"\t\t<div data-elementor-type=\"wp-post\" data-elementor-id=\"131187\" class=\"elementor elementor-131187\" data-elementor-post-type=\"post\">\n\t\t\t\t\t\t<section class=\"elementor-section elementor-top-section elementor-element elementor-element-18f9c4bc elementor-section-boxed elementor-section-height-default elementor-section-height-default\" data-id=\"18f9c4bc\" data-element_type=\"section\" data-e-type=\"section\">\n\t\t\t\t\t\t<div class=\"elementor-container elementor-column-gap-default\">\n\t\t\t\t\t<div class=\"elementor-column elementor-col-100 elementor-top-column elementor-element elementor-element-31b37445\" data-id=\"31b37445\" data-element_type=\"column\" data-e-type=\"column\">\n\t\t\t<div class=\"elementor-widget-wrap elementor-element-populated\">\n\t\t\t\t\t\t<div class=\"elementor-element elementor-element-3e90fa35 elementor-widget elementor-widget-text-editor\" data-id=\"3e90fa35\" data-element_type=\"widget\" data-e-type=\"widget\" data-widget_type=\"text-editor.default\">\n\t\t\t\t<div class=\"elementor-widget-container\">\n\t\t\t\t\t\t\t\t\t<div id=\"photo\"><img decoding=\"async\" src=\"https:\/\/www.wallendorff.com\/belogue\/wp-content\/uploads\/2024\/11\/20241127.jpg\" \/><br \/>\u00c9peign\u00e9-sur-D\u00eame, 10 ao\u00fbt 2024.<\/div>\t\t\t\t\t\t\t\t<\/div>\n\t\t\t\t<\/div>\n\t\t\t\t\t<\/div>\n\t\t<\/div>\n\t\t\t\t\t<\/div>\n\t\t<\/section>\n\t\t\t\t<\/div>\n\t\t","protected":false},"excerpt":{"rendered":"<p>\u00c9peign\u00e9-sur-D\u00eame, 10 ao\u00fbt 2024.<\/p>\n","protected":false},"author":1,"featured_media":131189,"comment_status":"open","ping_status":"open","sticky":false,"template":"","format":"standard","meta":{"_acf_changed":false,"ngg_post_thumbnail":0,"jetpack_post_was_ever_published":false,"_jetpack_newsletter_access":"","_jetpack_dont_email_post_to_subs":false,"_jetpack_newsletter_tier_id":0,"_jetpack_memberships_contains_paywalled_content":false,"_jetpack_memberships_contains_paid_content":false,"footnotes":"","jetpack_publicize_message":"","jetpack_publicize_feature_enabled":true,"jetpack_social_post_already_shared":true,"jetpack_social_options":{"image_generator_settings":{"template":"highway","default_image_id":0,"font":"","enabled":false},"version":2}},"categories":[3],"tags":[11310,1016,18603,10304,10144,18071,16573,10120,10306,10147,10592,10407],"class_list":["post-131187","post","type-post","status-publish","format-standard","has-post-thumbnail","hentry","category-dpc","tag-autoportrait","tag-ef-15-mm-f28-fisheye","tag-canon-eos-r6-mark-ii","tag-centre","tag-ciel","tag-epeigne-sur-deme","tag-etoiles","tag-france","tag-indre-et-loire","tag-nuit","tag-pose-longue","tag-silhouette"],"acf":[],"geo":{"latitude":47.6608696,"longitude":0.6128955,"description":"\u00c9peign\u00e9-sur-D\u00eame, Centre-Val de Loire, 37370, FR"},"jetpack_publicize_connections":[],"jetpack_featured_media_url":"https:\/\/www.wallendorff.com\/belogue\/wp-content\/uploads\/2024\/11\/20241127.jpg","jetpack_shortlink":"https:\/\/wp.me\/p3b35P-y7V","jetpack_sharing_enabled":true,"jetpack-related-posts":[{"id":53380,"url":"https:\/\/www.wallendorff.com\/belogue\/2022\/10\/21\/etoiles-filees-14\/","url_meta":{"origin":131187,"position":0},"title":"\u00c9toiles fil\u00e9es #14.","author":"dpc","date":"21 octobre 2022","format":false,"excerpt":"\u00c9peign\u00e9-sur-D\u00eame, 14 ao\u00fbt 2022.","rel":"","context":"Dans &quot;DPC&quot;","block_context":{"text":"DPC","link":"https:\/\/www.wallendorff.com\/belogue\/category\/dpc\/"},"img":{"alt_text":"","src":"https:\/\/i0.wp.com\/www.wallendorff.com\/belogue\/wp-content\/uploads\/2022\/10\/20221021.jpg?resize=350%2C200&ssl=1","width":350,"height":200,"srcset":"https:\/\/i0.wp.com\/www.wallendorff.com\/belogue\/wp-content\/uploads\/2022\/10\/20221021.jpg?resize=350%2C200&ssl=1 1x, https:\/\/i0.wp.com\/www.wallendorff.com\/belogue\/wp-content\/uploads\/2022\/10\/20221021.jpg?resize=525%2C300&ssl=1 1.5x, https:\/\/i0.wp.com\/www.wallendorff.com\/belogue\/wp-content\/uploads\/2022\/10\/20221021.jpg?resize=700%2C400&ssl=1 2x"},"classes":[]},{"id":54150,"url":"https:\/\/www.wallendorff.com\/belogue\/2023\/01\/18\/nuit-noire\/","url_meta":{"origin":131187,"position":1},"title":"Nuit noire.","author":"dpc","date":"18 janvier 2023","format":false,"excerpt":"\u00c9peign\u00e9-sur-D\u00eame, 25 novembre 2022. Il est 1 h du matin, j'ai 3 h de route dans les pattes, et la m\u00e9t\u00e9o nous annonce qu'il ne nous reste que 40 minutes avant que le ciel ne reste bouch\u00e9 tout le week-end.Discussion, prise de courage \u00e0 deux mains, et nous voil\u00e0 dans\u2026","rel":"","context":"Dans &quot;DPC&quot;","block_context":{"text":"DPC","link":"https:\/\/www.wallendorff.com\/belogue\/category\/dpc-en\/"},"img":{"alt_text":"","src":"https:\/\/i0.wp.com\/www.wallendorff.com\/belogue\/wp-content\/uploads\/2023\/01\/20230118.jpg?resize=350%2C200&ssl=1","width":350,"height":200,"srcset":"https:\/\/i0.wp.com\/www.wallendorff.com\/belogue\/wp-content\/uploads\/2023\/01\/20230118.jpg?resize=350%2C200&ssl=1 1x, https:\/\/i0.wp.com\/www.wallendorff.com\/belogue\/wp-content\/uploads\/2023\/01\/20230118.jpg?resize=525%2C300&ssl=1 1.5x, https:\/\/i0.wp.com\/www.wallendorff.com\/belogue\/wp-content\/uploads\/2023\/01\/20230118.jpg?resize=700%2C400&ssl=1 2x, https:\/\/i0.wp.com\/www.wallendorff.com\/belogue\/wp-content\/uploads\/2023\/01\/20230118.jpg?resize=1050%2C600&ssl=1 3x"},"classes":[]},{"id":124618,"url":"https:\/\/www.wallendorff.com\/belogue\/2023\/06\/02\/seuil-sur-mars\/","url_meta":{"origin":131187,"position":2},"title":"Seuil sur Mars.","author":"dpc","date":"2 juin 2023","format":false,"excerpt":"\u00c9peign\u00e9-sur-D\u00eame, 18 mars 2023.","rel":"","context":"Dans &quot;DPC&quot;","block_context":{"text":"DPC","link":"https:\/\/www.wallendorff.com\/belogue\/category\/dpc-en\/"},"img":{"alt_text":"","src":"https:\/\/i0.wp.com\/www.wallendorff.com\/belogue\/wp-content\/uploads\/2023\/06\/20230602.jpg?resize=350%2C200&ssl=1","width":350,"height":200,"srcset":"https:\/\/i0.wp.com\/www.wallendorff.com\/belogue\/wp-content\/uploads\/2023\/06\/20230602.jpg?resize=350%2C200&ssl=1 1x, https:\/\/i0.wp.com\/www.wallendorff.com\/belogue\/wp-content\/uploads\/2023\/06\/20230602.jpg?resize=525%2C300&ssl=1 1.5x, https:\/\/i0.wp.com\/www.wallendorff.com\/belogue\/wp-content\/uploads\/2023\/06\/20230602.jpg?resize=700%2C400&ssl=1 2x"},"classes":[]},{"id":132771,"url":"https:\/\/www.wallendorff.com\/belogue\/2025\/07\/14\/14-juillet\/","url_meta":{"origin":131187,"position":3},"title":"L&rsquo;\u00c9bri\u00e9t\u00e9 guidant le peuple.","author":"dpc","date":"14 juillet 2025","format":false,"excerpt":"\u00c9peign\u00e9-sur-D\u00eame, 14 juillet 2025.L'\u00c9bri\u00e9t\u00e9 guidant le peuple.Pixels sur capteur num\u00e9rique, 2025.","rel":"","context":"Dans &quot;DPC&quot;","block_context":{"text":"DPC","link":"https:\/\/www.wallendorff.com\/belogue\/category\/dpc\/"},"img":{"alt_text":"","src":"https:\/\/i0.wp.com\/www.wallendorff.com\/belogue\/wp-content\/uploads\/2025\/07\/20250714-01.jpg?resize=350%2C200&ssl=1","width":350,"height":200,"srcset":"https:\/\/i0.wp.com\/www.wallendorff.com\/belogue\/wp-content\/uploads\/2025\/07\/20250714-01.jpg?resize=350%2C200&ssl=1 1x, https:\/\/i0.wp.com\/www.wallendorff.com\/belogue\/wp-content\/uploads\/2025\/07\/20250714-01.jpg?resize=525%2C300&ssl=1 1.5x, https:\/\/i0.wp.com\/www.wallendorff.com\/belogue\/wp-content\/uploads\/2025\/07\/20250714-01.jpg?resize=700%2C400&ssl=1 2x"},"classes":[]},{"id":134692,"url":"https:\/\/www.wallendorff.com\/belogue\/2025\/12\/11\/etoiles-filees-21\/","url_meta":{"origin":131187,"position":4},"title":"\u00c9toiles fil\u00e9es #21.","author":"dpc","date":"11 d\u00e9cembre 2025","format":false,"excerpt":"\u00c9peign\u00e9-sur-D\u00eame, 22 juin 2025.","rel":"","context":"Dans &quot;DPC&quot;","block_context":{"text":"DPC","link":"https:\/\/www.wallendorff.com\/belogue\/category\/dpc\/"},"img":{"alt_text":"","src":"https:\/\/i0.wp.com\/www.wallendorff.com\/belogue\/wp-content\/uploads\/2025\/12\/20251211.jpg?resize=350%2C200&ssl=1","width":350,"height":200,"srcset":"https:\/\/i0.wp.com\/www.wallendorff.com\/belogue\/wp-content\/uploads\/2025\/12\/20251211.jpg?resize=350%2C200&ssl=1 1x, https:\/\/i0.wp.com\/www.wallendorff.com\/belogue\/wp-content\/uploads\/2025\/12\/20251211.jpg?resize=525%2C300&ssl=1 1.5x, https:\/\/i0.wp.com\/www.wallendorff.com\/belogue\/wp-content\/uploads\/2025\/12\/20251211.jpg?resize=700%2C400&ssl=1 2x"},"classes":[]},{"id":134906,"url":"https:\/\/www.wallendorff.com\/belogue\/2026\/01\/01\/en-vous-la-souhaitant-bonne\/","url_meta":{"origin":131187,"position":5},"title":"En vous la souhaitant bonne.","author":"dpc","date":"1 janvier 2026","format":false,"excerpt":"\u00c9peign\u00e9-sur-D\u00eame, 30 d\u00e9cembre 2025.","rel":"","context":"Dans &quot;DPC&quot;","block_context":{"text":"DPC","link":"https:\/\/www.wallendorff.com\/belogue\/category\/dpc\/"},"img":{"alt_text":"","src":"https:\/\/i0.wp.com\/www.wallendorff.com\/belogue\/wp-content\/uploads\/2026\/01\/20260101-01.jpg?resize=350%2C200&ssl=1","width":350,"height":200,"srcset":"https:\/\/i0.wp.com\/www.wallendorff.com\/belogue\/wp-content\/uploads\/2026\/01\/20260101-01.jpg?resize=350%2C200&ssl=1 1x, https:\/\/i0.wp.com\/www.wallendorff.com\/belogue\/wp-content\/uploads\/2026\/01\/20260101-01.jpg?resize=525%2C300&ssl=1 1.5x, https:\/\/i0.wp.com\/www.wallendorff.com\/belogue\/wp-content\/uploads\/2026\/01\/20260101-01.jpg?resize=700%2C400&ssl=1 2x"},"classes":[]}],"_links":{"self":[{"href":"https:\/\/www.wallendorff.com\/belogue\/wp-json\/wp\/v2\/posts\/131187","targetHints":{"allow":["GET"]}}],"collection":[{"href":"https:\/\/www.wallendorff.com\/belogue\/wp-json\/wp\/v2\/posts"}],"about":[{"href":"https:\/\/www.wallendorff.com\/belogue\/wp-json\/wp\/v2\/types\/post"}],"author":[{"embeddable":true,"href":"https:\/\/www.wallendorff.com\/belogue\/wp-json\/wp\/v2\/users\/1"}],"replies":[{"embeddable":true,"href":"https:\/\/www.wallendorff.com\/belogue\/wp-json\/wp\/v2\/comments?post=131187"}],"version-history":[{"count":13,"href":"https:\/\/www.wallendorff.com\/belogue\/wp-json\/wp\/v2\/posts\/131187\/revisions"}],"predecessor-version":[{"id":131201,"href":"https:\/\/www.wallendorff.com\/belogue\/wp-json\/wp\/v2\/posts\/131187\/revisions\/131201"}],"wp:featuredmedia":[{"embeddable":true,"href":"https:\/\/www.wallendorff.com\/belogue\/wp-json\/wp\/v2\/media\/131189"}],"wp:attachment":[{"href":"https:\/\/www.wallendorff.com\/belogue\/wp-json\/wp\/v2\/media?parent=131187"}],"wp:term":[{"taxonomy":"category","embeddable":true,"href":"https:\/\/www.wallendorff.com\/belogue\/wp-json\/wp\/v2\/categories?post=131187"},{"taxonomy":"post_tag","embeddable":true,"href":"https:\/\/www.wallendorff.com\/belogue\/wp-json\/wp\/v2\/tags?post=131187"}],"curies":[{"name":"wp","href":"https:\/\/api.w.org\/{rel}","templated":true}]}}