{"id":13117,"date":"2011-08-18T11:41:09","date_gmt":"2011-08-18T09:41:09","guid":{"rendered":"http:\/\/www.po-l.com\/belogue\/?p=13117"},"modified":"2011-12-13T16:58:37","modified_gmt":"2011-12-13T14:58:37","slug":"shooting-people-88","status":"publish","type":"post","link":"https:\/\/www.wallendorff.com\/belogue\/2011\/08\/18\/shooting-people-88\/","title":{"rendered":"Shooting people #88."},"content":{"rendered":"\n<div id=\"photo\">\n<p><img decoding=\"async\" src=\"https:\/\/www.wallendorff.com\/belogue\/photo\/2011\/08\/20110818.jpg\" \/><br \/>\nRue Jean Fautrier, Paris,  22 juillet.<\/p>\n<\/p><\/div>\n<div id=\"bandeson\">\n<p><img decoding=\"async\" src=\"https:\/\/www.wallendorff.com\/belogue\/photo\/pochettes\/n\/newermind.jpg\" align=\"left\" \/>&nbsp;<a href=\"http:\/\/www.amandapalmer.net\/\">Amanda Palmer<\/a> &ndash; <em>Polly<\/em> (Nirvana cover)        <\/p>\n<\/p><\/div>\n","protected":false},"excerpt":{"rendered":"<p>Rue Jean Fautrier, Paris, 22 juillet. &nbsp;Amanda Palmer &ndash; Polly (Nirvana cover)<\/p>\n","protected":false},"author":1,"featured_media":26221,"comment_status":"open","ping_status":"open","sticky":false,"template":"","format":"standard","meta":{"_acf_changed":false,"ngg_post_thumbnail":0,"jetpack_post_was_ever_published":false,"_jetpack_newsletter_access":"","_jetpack_dont_email_post_to_subs":false,"_jetpack_newsletter_tier_id":0,"_jetpack_memberships_contains_paywalled_content":false,"_jetpack_memberships_contains_paid_content":false,"footnotes":"","jetpack_publicize_message":"","jetpack_publicize_feature_enabled":true,"jetpack_social_post_already_shared":false,"jetpack_social_options":{"image_generator_settings":{"template":"highway","default_image_id":0,"font":"","enabled":false},"version":2}},"categories":[8],"tags":[10122,2710,1438,2615,10340,10120,10121,10278,555,143,10147,10098,10688,5155,5154,10158,10407],"class_list":["post-13117","post","type-post","status-publish","format-standard","has-post-thumbnail","hentry","category-portraits","tag-10122","tag-amanda-palmer","tag-ef-50-mm-f14-usm","tag-eos-5d-mark-ii","tag-fille","tag-france","tag-ile-de-france","tag-lampadaire","tag-nirvana","tag-noir-et-blanc","tag-nuit","tag-paris","tag-paves","tag-polly","tag-rue-jean-fautrier","tag-ruelle","tag-silhouette"],"acf":[],"geo":{"latitude":48.8254509,"longitude":2.3707781,"description":"2-20 Rue Jean Fautrier, 75013 Paris, France"},"jetpack_publicize_connections":[],"jetpack_featured_media_url":"https:\/\/www.wallendorff.com\/belogue\/wp-content\/uploads\/2015\/04\/201108181.jpg","jetpack_shortlink":"https:\/\/wp.me\/p3b35P-3pz","jetpack_sharing_enabled":true,"jetpack-related-posts":[{"id":17388,"url":"https:\/\/www.wallendorff.com\/belogue\/2012\/05\/24\/984-days-of-night\/","url_meta":{"origin":13117,"position":0},"title":"984 days of night.","author":"dpc","date":"24 mai 2012","format":false,"excerpt":"Rue Tourlaque, Paris, 6 avril. Amanda Palmer \u2013 The Ship Song (Nick Cave and the Bad Seeds cover) [youtube]http:\/\/www.youtube.com\/watch?v=ynIWC3vRZW4[\/youtube]","rel":"","context":"Dans &quot;DPC&quot;","block_context":{"text":"DPC","link":"https:\/\/www.wallendorff.com\/belogue\/category\/dpc\/"},"img":{"alt_text":"","src":"https:\/\/i0.wp.com\/www.wallendorff.com\/belogue\/wp-content\/uploads\/2015\/04\/201205241.jpg?resize=350%2C200&ssl=1","width":350,"height":200},"classes":[]},{"id":11585,"url":"https:\/\/www.wallendorff.com\/belogue\/2011\/01\/13\/parc-mont-seau\/","url_meta":{"origin":13117,"position":1},"title":"Parc mont-seau.","author":"dpc","date":"13 janvier 2011","format":false,"excerpt":"Rue du Mont-Cenis, Paris, 20 novembre 2010. \u00ab\u00a0Mont-seau\u00a0\u00bb parce qu'au milieu du square il y a un ch\u00e2teau d'eau et que \u00e7a sonne comme Monceau. D'o\u00f9 dr\u00f4le, d'o\u00f9 lol mdr rophlmao poney poney. Enfin normalement. Hum. \u00a0Amanda Palmer \u2013 I Will Follow You into the Dark (Death Cab for Cutie\u2026","rel":"","context":"Dans &quot;DPC&quot;","block_context":{"text":"DPC","link":"https:\/\/www.wallendorff.com\/belogue\/category\/dpc\/"},"img":{"alt_text":"","src":"https:\/\/i0.wp.com\/www.wallendorff.com\/belogue\/wp-content\/uploads\/2015\/04\/201101131.jpg?resize=350%2C200&ssl=1","width":350,"height":200},"classes":[]},{"id":20005,"url":"https:\/\/www.wallendorff.com\/belogue\/2013\/01\/03\/jassis-james\/","url_meta":{"origin":13117,"position":2},"title":"J&rsquo;assis James.","author":"dpc","date":"3 janvier 2013","format":false,"excerpt":"S\u00e9minaire des missions \u00e9trang\u00e8res, Paris, 15 septembre 2012. Do It with a Rockstar Amanda Palmer feat. the Grand Theft Orchestra","rel":"","context":"Dans &quot;DPC&quot;","block_context":{"text":"DPC","link":"https:\/\/www.wallendorff.com\/belogue\/category\/dpc\/"},"img":{"alt_text":"","src":"https:\/\/i0.wp.com\/www.wallendorff.com\/belogue\/wp-content\/uploads\/2015\/04\/201301031.jpg?resize=350%2C200&ssl=1","width":350,"height":200},"classes":[]},{"id":12404,"url":"https:\/\/www.wallendorff.com\/belogue\/2011\/03\/09\/et-omis-lieu-couillu-ne-revit-hier\/","url_meta":{"origin":13117,"position":3},"title":"Et omis lieu couillu ne revit hier.","author":"dpc","date":"9 mars 2011","format":false,"excerpt":"Metz, 13 f\u00e9vrier. \u00a0Amanda Palmer \u2013 In My Mind (feat. Brian Viglione)","rel":"","context":"Dans &quot;DPC&quot;","block_context":{"text":"DPC","link":"https:\/\/www.wallendorff.com\/belogue\/category\/dpc\/"},"img":{"alt_text":"","src":"https:\/\/i0.wp.com\/www.wallendorff.com\/belogue\/wp-content\/uploads\/2015\/04\/201103091.jpg?resize=350%2C200&ssl=1","width":350,"height":200},"classes":[]},{"id":3924,"url":"https:\/\/www.wallendorff.com\/belogue\/2009\/02\/20\/the-script-le-bataclan-paris\/","url_meta":{"origin":13117,"position":4},"title":"The Script @ le Bataclan, Paris.","author":"dpc","date":"20 f\u00e9vrier 2009","format":false,"excerpt":"\u00a0 Amanda Palmer \u2013 Leeds United","rel":"","context":"Dans &quot;Alive&quot;","block_context":{"text":"Alive","link":"https:\/\/www.wallendorff.com\/belogue\/category\/alive\/"},"img":{"alt_text":"","src":"https:\/\/i0.wp.com\/www.wallendorff.com\/belogue\/wp-content\/uploads\/2015\/04\/200902201.jpg?resize=350%2C200&ssl=1","width":350,"height":200,"srcset":"https:\/\/i0.wp.com\/www.wallendorff.com\/belogue\/wp-content\/uploads\/2015\/04\/200902201.jpg?resize=350%2C200&ssl=1 1x, https:\/\/i0.wp.com\/www.wallendorff.com\/belogue\/wp-content\/uploads\/2015\/04\/200902201.jpg?resize=525%2C300&ssl=1 1.5x, https:\/\/i0.wp.com\/www.wallendorff.com\/belogue\/wp-content\/uploads\/2015\/04\/200902201.jpg?resize=700%2C400&ssl=1 2x"},"classes":[]},{"id":19129,"url":"https:\/\/www.wallendorff.com\/belogue\/2012\/09\/28\/boy-la-maroquinerie-paris\/","url_meta":{"origin":13117,"position":5},"title":"Boy @ la Maroquinerie, Paris.","author":"dpc","date":"28 septembre 2012","format":false,"excerpt":"Drive Darling | Waitress | Oh Boy | Army | Boris | Skin | Railway | July | This Is the Beginning | Silver Streets | Little Numbers || Waltz for Pony | Hotel Room || [Very old song] Amanda Palmer feat. The Grand Theft Orchestra \u2013 Want It Back\u2026","rel":"","context":"Dans &quot;Alive&quot;","block_context":{"text":"Alive","link":"https:\/\/www.wallendorff.com\/belogue\/category\/alive\/"},"img":{"alt_text":"","src":"https:\/\/i0.wp.com\/www.wallendorff.com\/belogue\/wp-content\/uploads\/2015\/04\/201209281.jpg?resize=350%2C200&ssl=1","width":350,"height":200,"srcset":"https:\/\/i0.wp.com\/www.wallendorff.com\/belogue\/wp-content\/uploads\/2015\/04\/201209281.jpg?resize=350%2C200&ssl=1 1x, https:\/\/i0.wp.com\/www.wallendorff.com\/belogue\/wp-content\/uploads\/2015\/04\/201209281.jpg?resize=525%2C300&ssl=1 1.5x, https:\/\/i0.wp.com\/www.wallendorff.com\/belogue\/wp-content\/uploads\/2015\/04\/201209281.jpg?resize=700%2C400&ssl=1 2x"},"classes":[]}],"_links":{"self":[{"href":"https:\/\/www.wallendorff.com\/belogue\/wp-json\/wp\/v2\/posts\/13117","targetHints":{"allow":["GET"]}}],"collection":[{"href":"https:\/\/www.wallendorff.com\/belogue\/wp-json\/wp\/v2\/posts"}],"about":[{"href":"https:\/\/www.wallendorff.com\/belogue\/wp-json\/wp\/v2\/types\/post"}],"author":[{"embeddable":true,"href":"https:\/\/www.wallendorff.com\/belogue\/wp-json\/wp\/v2\/users\/1"}],"replies":[{"embeddable":true,"href":"https:\/\/www.wallendorff.com\/belogue\/wp-json\/wp\/v2\/comments?post=13117"}],"version-history":[{"count":1,"href":"https:\/\/www.wallendorff.com\/belogue\/wp-json\/wp\/v2\/posts\/13117\/revisions"}],"predecessor-version":[{"id":14793,"href":"https:\/\/www.wallendorff.com\/belogue\/wp-json\/wp\/v2\/posts\/13117\/revisions\/14793"}],"wp:featuredmedia":[{"embeddable":true,"href":"https:\/\/www.wallendorff.com\/belogue\/wp-json\/wp\/v2\/media\/26221"}],"wp:attachment":[{"href":"https:\/\/www.wallendorff.com\/belogue\/wp-json\/wp\/v2\/media?parent=13117"}],"wp:term":[{"taxonomy":"category","embeddable":true,"href":"https:\/\/www.wallendorff.com\/belogue\/wp-json\/wp\/v2\/categories?post=13117"},{"taxonomy":"post_tag","embeddable":true,"href":"https:\/\/www.wallendorff.com\/belogue\/wp-json\/wp\/v2\/tags?post=13117"}],"curies":[{"name":"wp","href":"https:\/\/api.w.org\/{rel}","templated":true}]}}