{"id":13113,"date":"2011-08-17T10:07:48","date_gmt":"2011-08-17T08:07:48","guid":{"rendered":"http:\/\/www.po-l.com\/belogue\/?p=13113"},"modified":"2012-04-10T10:06:36","modified_gmt":"2012-04-10T08:06:36","slug":"elle-et-lhuis","status":"publish","type":"post","link":"https:\/\/www.wallendorff.com\/belogue\/2011\/08\/17\/elle-et-lhuis\/","title":{"rendered":"Elle et l&rsquo;huis."},"content":{"rendered":"\n<div id=\"photo\">\n<p><img decoding=\"async\" src=\"https:\/\/www.wallendorff.com\/belogue\/photo\/2011\/08\/20110817.jpg\" \/><br \/>\nRue de la Glaci&egrave;re, Paris,  22 juillet.<\/p>\n<\/p><\/div>\n<div id=\"bandeson\">\n<p><img decoding=\"async\" src=\"https:\/\/www.wallendorff.com\/belogue\/photo\/pochettes\/s\/sons_and_daughters-mirror_mirror.jpg\" align=\"left\" \/>&nbsp;<a href=\"http:\/\/www.sonsanddaughtersloveyou.com\/\">Sons &amp; Daughter<\/a> &ndash; <em>Bee Song<\/em><\/p>\n<\/p><\/div>\n","protected":false},"excerpt":{"rendered":"<p>Rue de la Glaci&egrave;re, Paris, 22 juillet. &nbsp;Sons &amp; Daughter &ndash; Bee Song<\/p>\n","protected":false},"author":1,"featured_media":26219,"comment_status":"open","ping_status":"open","sticky":false,"template":"","format":"standard","meta":{"_acf_changed":false,"ngg_post_thumbnail":0,"jetpack_post_was_ever_published":false,"_jetpack_newsletter_access":"","_jetpack_dont_email_post_to_subs":false,"_jetpack_newsletter_tier_id":0,"_jetpack_memberships_contains_paywalled_content":false,"_jetpack_memberships_contains_paid_content":false,"footnotes":"","jetpack_publicize_message":"","jetpack_publicize_feature_enabled":true,"jetpack_social_post_already_shared":false,"jetpack_social_options":{"image_generator_settings":{"template":"highway","default_image_id":0,"font":"","enabled":false},"version":2}},"categories":[3],"tags":[10122,5153,2571,2615,10326,10340,10120,10121,10646,10098,10933,10407,1226],"class_list":["post-13113","post","type-post","status-publish","format-standard","has-post-thumbnail","hentry","category-dpc","tag-10122","tag-bee-song","tag-ef-16-35-mm-f28l-ii-usm","tag-eos-5d-mark-ii","tag-crepuscule","tag-fille","tag-france","tag-ile-de-france","tag-immeuble","tag-paris","tag-rue-de-la-glaciere","tag-silhouette","tag-sons-daughters"],"acf":[],"geo":{"latitude":48.8331451,"longitude":2.3439291,"description":"1-11 Square Albin Cachot, 75013 Paris, France"},"jetpack_publicize_connections":[],"jetpack_featured_media_url":"https:\/\/www.wallendorff.com\/belogue\/wp-content\/uploads\/2015\/04\/201108171.jpg","jetpack_shortlink":"https:\/\/wp.me\/p3b35P-3pv","jetpack_sharing_enabled":true,"jetpack-related-posts":[{"id":11145,"url":"https:\/\/www.wallendorff.com\/belogue\/2010\/12\/25\/shalala\/","url_meta":{"origin":13113,"position":0},"title":"[Shalala.]","author":"dpc","date":"25 d\u00e9cembre 2010","format":false,"excerpt":"Glaci\u00e8re, 20 d\u00e9cembre. Yeah Yeah Yeahs \u2013 All I Want for Christmas","rel":"","context":"Dans &quot;DPC&quot;","block_context":{"text":"DPC","link":"https:\/\/www.wallendorff.com\/belogue\/category\/dpc\/"},"img":{"alt_text":"","src":"https:\/\/i0.wp.com\/www.wallendorff.com\/belogue\/wp-content\/uploads\/2015\/04\/201012251.jpg?resize=350%2C200&ssl=1","width":350,"height":200},"classes":[]},{"id":6854,"url":"https:\/\/www.wallendorff.com\/belogue\/2010\/02\/23\/shooting-people-64\/","url_meta":{"origin":13113,"position":1},"title":"Shooting people #64.","author":"dpc","date":"23 f\u00e9vrier 2010","format":false,"excerpt":"Rue Boyer, Paris, 21 f\u00e9vrier. C'est dingue ce qu'on peut trouver dans les ruelles du XXe arrondissement, des fois. \u00a0Locksley \u2013 She Does","rel":"","context":"Dans &quot;Portraits&quot;","block_context":{"text":"Portraits","link":"https:\/\/www.wallendorff.com\/belogue\/category\/portraits\/"},"img":{"alt_text":"","src":"https:\/\/i0.wp.com\/www.wallendorff.com\/belogue\/wp-content\/uploads\/2015\/04\/201002231.jpg?resize=350%2C200&ssl=1","width":350,"height":200,"srcset":"https:\/\/i0.wp.com\/www.wallendorff.com\/belogue\/wp-content\/uploads\/2015\/04\/201002231.jpg?resize=350%2C200&ssl=1 1x, https:\/\/i0.wp.com\/www.wallendorff.com\/belogue\/wp-content\/uploads\/2015\/04\/201002231.jpg?resize=525%2C300&ssl=1 1.5x"},"classes":[]},{"id":44875,"url":"https:\/\/www.wallendorff.com\/belogue\/2020\/01\/31\/editors-whispering-sons-salle-pleyel-paris-30-janvier-2019\/","url_meta":{"origin":13113,"position":2},"title":"Editors + Whispering Sons @ salle Pleyel, Paris, 30 janvier 2020.","author":"dpc","date":"31 janvier 2020","format":false,"excerpt":"Whispering Sons Editors","rel":"","context":"Dans &quot;Alive&quot;","block_context":{"text":"Alive","link":"https:\/\/www.wallendorff.com\/belogue\/category\/alive\/"},"img":{"alt_text":"","src":"https:\/\/i0.wp.com\/www.wallendorff.com\/belogue\/wp-content\/uploads\/2020\/01\/20200131-38.jpg?resize=350%2C200&ssl=1","width":350,"height":200,"srcset":"https:\/\/i0.wp.com\/www.wallendorff.com\/belogue\/wp-content\/uploads\/2020\/01\/20200131-38.jpg?resize=350%2C200&ssl=1 1x, https:\/\/i0.wp.com\/www.wallendorff.com\/belogue\/wp-content\/uploads\/2020\/01\/20200131-38.jpg?resize=525%2C300&ssl=1 1.5x, https:\/\/i0.wp.com\/www.wallendorff.com\/belogue\/wp-content\/uploads\/2020\/01\/20200131-38.jpg?resize=700%2C400&ssl=1 2x, https:\/\/i0.wp.com\/www.wallendorff.com\/belogue\/wp-content\/uploads\/2020\/01\/20200131-38.jpg?resize=1050%2C600&ssl=1 3x"},"classes":[]},{"id":7329,"url":"https:\/\/www.wallendorff.com\/belogue\/2010\/04\/02\/later\/","url_meta":{"origin":13113,"position":3},"title":"Later.","author":"dpc","date":"2 avril 2010","format":false,"excerpt":"Rue Rembrandt, Paris, 16 mars. Et Truitteur qui fait plus de visites hier que DPC. Faudrait peut-\u00eatre arr\u00eater la photo, en fait. \u00a0Ryan Adams & The Cardinals \u2013 Memory Lane","rel":"","context":"Dans &quot;DPC&quot;","block_context":{"text":"DPC","link":"https:\/\/www.wallendorff.com\/belogue\/category\/dpc\/"},"img":{"alt_text":"","src":"https:\/\/i0.wp.com\/www.wallendorff.com\/belogue\/wp-content\/uploads\/2015\/04\/201004021.jpg?resize=350%2C200&ssl=1","width":350,"height":200},"classes":[]},{"id":19785,"url":"https:\/\/www.wallendorff.com\/belogue\/2012\/12\/17\/bath-plafond\/","url_meta":{"origin":13113,"position":4},"title":"Bath plafond.","author":"dpc","date":"17 d\u00e9cembre 2012","format":false,"excerpt":"H\u00f4tel de Monaco, Paris, 15 septembre. Mumford & Sons \u2013 Lover of the Light","rel":"","context":"Dans &quot;DPC&quot;","block_context":{"text":"DPC","link":"https:\/\/www.wallendorff.com\/belogue\/category\/dpc\/"},"img":{"alt_text":"","src":"https:\/\/i0.wp.com\/www.wallendorff.com\/belogue\/wp-content\/uploads\/2015\/04\/201212171.jpg?resize=350%2C200&ssl=1","width":350,"height":200,"srcset":"https:\/\/i0.wp.com\/www.wallendorff.com\/belogue\/wp-content\/uploads\/2015\/04\/201212171.jpg?resize=350%2C200&ssl=1 1x, https:\/\/i0.wp.com\/www.wallendorff.com\/belogue\/wp-content\/uploads\/2015\/04\/201212171.jpg?resize=525%2C300&ssl=1 1.5x, https:\/\/i0.wp.com\/www.wallendorff.com\/belogue\/wp-content\/uploads\/2015\/04\/201212171.jpg?resize=700%2C400&ssl=1 2x"},"classes":[]},{"id":5493,"url":"https:\/\/www.wallendorff.com\/belogue\/2009\/12\/22\/running-down-the-icey-streets\/","url_meta":{"origin":13113,"position":5},"title":"Running down the icey streets.","author":"dpc","date":"22 d\u00e9cembre 2009","format":false,"excerpt":"Rue Durantin, Paris, 18 octobre. \u00a0Caesars \u2013 Winter Song","rel":"","context":"Dans &quot;DPC&quot;","block_context":{"text":"DPC","link":"https:\/\/www.wallendorff.com\/belogue\/category\/dpc\/"},"img":{"alt_text":"","src":"https:\/\/i0.wp.com\/www.wallendorff.com\/belogue\/wp-content\/uploads\/2015\/04\/200912221.jpg?resize=350%2C200&ssl=1","width":350,"height":200},"classes":[]}],"_links":{"self":[{"href":"https:\/\/www.wallendorff.com\/belogue\/wp-json\/wp\/v2\/posts\/13113","targetHints":{"allow":["GET"]}}],"collection":[{"href":"https:\/\/www.wallendorff.com\/belogue\/wp-json\/wp\/v2\/posts"}],"about":[{"href":"https:\/\/www.wallendorff.com\/belogue\/wp-json\/wp\/v2\/types\/post"}],"author":[{"embeddable":true,"href":"https:\/\/www.wallendorff.com\/belogue\/wp-json\/wp\/v2\/users\/1"}],"replies":[{"embeddable":true,"href":"https:\/\/www.wallendorff.com\/belogue\/wp-json\/wp\/v2\/comments?post=13113"}],"version-history":[{"count":1,"href":"https:\/\/www.wallendorff.com\/belogue\/wp-json\/wp\/v2\/posts\/13113\/revisions"}],"predecessor-version":[{"id":16795,"href":"https:\/\/www.wallendorff.com\/belogue\/wp-json\/wp\/v2\/posts\/13113\/revisions\/16795"}],"wp:featuredmedia":[{"embeddable":true,"href":"https:\/\/www.wallendorff.com\/belogue\/wp-json\/wp\/v2\/media\/26219"}],"wp:attachment":[{"href":"https:\/\/www.wallendorff.com\/belogue\/wp-json\/wp\/v2\/media?parent=13113"}],"wp:term":[{"taxonomy":"category","embeddable":true,"href":"https:\/\/www.wallendorff.com\/belogue\/wp-json\/wp\/v2\/categories?post=13113"},{"taxonomy":"post_tag","embeddable":true,"href":"https:\/\/www.wallendorff.com\/belogue\/wp-json\/wp\/v2\/tags?post=13113"}],"curies":[{"name":"wp","href":"https:\/\/api.w.org\/{rel}","templated":true}]}}