{"id":131,"date":"2006-04-22T15:00:43","date_gmt":"2006-04-22T15:00:43","guid":{"rendered":"http:\/\/www.po-l.com\/wordpress\/?p=131"},"modified":"2012-03-12T13:08:06","modified_gmt":"2012-03-12T11:08:06","slug":"train-train-hele-pis-carosse","status":"publish","type":"post","link":"https:\/\/www.wallendorff.com\/belogue\/2006\/04\/22\/train-train-hele-pis-carosse\/","title":{"rendered":"Train, train h&eacute;l&eacute;, pis carosse&sup1;."},"content":{"rendered":"\n<div id=\"photo\">\n<p><img decoding=\"async\" src=\"http:\/\/www.po-L.com\/belogue\/photo\/2006\/04\/20060422.jpg\" \/><br \/>\n          Gare de l&rsquo;Est, Paris, 15 avril.<\/p>\n<\/p><\/div>\n<p style=\"text-align:right\">Et l&agrave;, tu vois, t&rsquo;as envie d&rsquo;enfiler un turban, de partir au Pakistan &agrave; pied et d&rsquo;aller &eacute;lever des meuh-meuhs sacr&eacute;es.<\/p>\n<p style=\"text-align:right\">Et puis finalement, non.<\/p>\n<div id=\"bandeson\">\n<p><img decoding=\"async\" src=\"https:\/\/www.wallendorff.com\/belogue\/photo\/pochettes\/d\/dead_man_walking-ost.jpg\" align=\"left\" \/>&nbsp;<a href=\"http:\/\/www.tenclub.net\/\">Eddie Vedder<\/a> \/ <a href=\"http:\/\/nusrat.com\/\">Nusrat Fateh Ali Khan<\/a> &ndash; <em>The Long Road<\/em><\/p>\n<\/p><\/div>\n<p>_____<\/p>\n<div id=\"bas_note\">\n<p><sup>1<\/sup> Avec 24 albums dans la s&eacute;rie, je suis tranquille pour encore 22 titres de photos de gares, dis donc. <\/p>\n<\/p><\/div>\n","protected":false},"excerpt":{"rendered":"<p>Gare de l&rsquo;Est, Paris, 15 avril. Et l&agrave;, tu vois, t&rsquo;as envie d&rsquo;enfiler un turban, de partir au Pakistan &agrave; pied et d&rsquo;aller &eacute;lever des meuh-meuhs sacr&eacute;es. Et puis finalement, non. &nbsp;Eddie Vedder \/ Nusrat Fateh Ali Khan &ndash; The Long Road _____ 1 Avec 24 albums dans la s&eacute;rie, je suis tranquille pour encore&hellip;<\/p>\n","protected":false},"author":1,"featured_media":24065,"comment_status":"open","ping_status":"open","sticky":false,"template":"","format":"standard","meta":{"_acf_changed":false,"ngg_post_thumbnail":0,"jetpack_post_was_ever_published":false,"_jetpack_newsletter_access":"","_jetpack_dont_email_post_to_subs":false,"_jetpack_newsletter_tier_id":0,"_jetpack_memberships_contains_paywalled_content":false,"_jetpack_memberships_contains_paid_content":false,"footnotes":"","jetpack_publicize_message":"","jetpack_publicize_feature_enabled":true,"jetpack_social_post_already_shared":false,"jetpack_social_options":{"image_generator_settings":{"template":"highway","default_image_id":0,"font":"","enabled":false},"version":2}},"categories":[3],"tags":[10267,132,10330,10120,10247,982,10121,763,143,1559,10098,10165,173,10150],"class_list":["post-131","post","type-post","status-publish","format-standard","has-post-thumbnail","hentry","category-dpc","tag-10267","tag-eos-20d","tag-eddie-vedder","tag-france","tag-gare","tag-gare-de-lest","tag-ile-de-france","tag-long-road","tag-noir-et-blanc","tag-nusrat-fateh-ali-khan","tag-paris","tag-pearl-jam","tag-sigma-28-70-mm-f28-dg-ex","tag-train"],"acf":[],"geo":{"latitude":48.8802109,"longitude":2.3607302,"description":null},"jetpack_publicize_connections":[],"jetpack_featured_media_url":"https:\/\/www.wallendorff.com\/belogue\/wp-content\/uploads\/2015\/04\/200604221.jpg","jetpack_shortlink":"https:\/\/wp.me\/p3b35P-27","jetpack_sharing_enabled":true,"jetpack-related-posts":[{"id":46920,"url":"https:\/\/www.wallendorff.com\/belogue\/2020\/10\/23\/paris-meran-22-aout-2020\/","url_meta":{"origin":131,"position":0},"title":"Paris \u2013 Meran, 22 ao\u00fbt 2020.","author":"dpc","date":"23 octobre 2020","format":false,"excerpt":"1\u00a0035\u00a0km et 5 pays en une journ\u00e9e. Deux trains, un bus et une voiture. Des paysages qui d\u00e9filent pendant 12 h, qui te forcent \u00e0 poser ton ordinateur, ton livre ou ta saucisse pour regarder par la fen\u00eatre, plut\u00f4t, et te faire un joli torticoli.Comme d\u2019habitude, tu n\u2019arriveras pas \u00e0\u2026","rel":"","context":"Dans &quot;DPC&quot;","block_context":{"text":"DPC","link":"https:\/\/www.wallendorff.com\/belogue\/category\/dpc\/"},"img":{"alt_text":"","src":"https:\/\/i0.wp.com\/www.wallendorff.com\/belogue\/wp-content\/uploads\/2020\/10\/20201023-16.jpg?resize=350%2C200&ssl=1","width":350,"height":200,"srcset":"https:\/\/i0.wp.com\/www.wallendorff.com\/belogue\/wp-content\/uploads\/2020\/10\/20201023-16.jpg?resize=350%2C200&ssl=1 1x, https:\/\/i0.wp.com\/www.wallendorff.com\/belogue\/wp-content\/uploads\/2020\/10\/20201023-16.jpg?resize=525%2C300&ssl=1 1.5x, https:\/\/i0.wp.com\/www.wallendorff.com\/belogue\/wp-content\/uploads\/2020\/10\/20201023-16.jpg?resize=700%2C400&ssl=1 2x, https:\/\/i0.wp.com\/www.wallendorff.com\/belogue\/wp-content\/uploads\/2020\/10\/20201023-16.jpg?resize=1050%2C600&ssl=1 3x"},"classes":[]},{"id":22906,"url":"https:\/\/www.wallendorff.com\/belogue\/2014\/06\/06\/dix-ans-sur-les-rails\/","url_meta":{"origin":131,"position":1},"title":"Dix ans sur les rails.","author":"dpc","date":"6 juin 2014","format":false,"excerpt":"Des Corails (des Coraux\u00a0?) puis des TGV. Des courses pour arriver \u00e0 temps, des d\u00e9parts et des arriv\u00e9es, et r\u00e9guli\u00e8rement revenir arpenter les quais quand je passe dans le quartier\u00a0; le jour, pour regarder les autres partir et chercher cet instant qui s\u00e9pare le dernier voyageur qui marche tranquillement vers\u2026","rel":"","context":"Dans &quot;DPC&quot;","block_context":{"text":"DPC","link":"https:\/\/www.wallendorff.com\/belogue\/category\/dpc\/"},"img":{"alt_text":"","src":"https:\/\/i0.wp.com\/www.wallendorff.com\/belogue\/wp-content\/uploads\/2015\/04\/200507293.jpg?resize=350%2C200&ssl=1","width":350,"height":200,"srcset":"https:\/\/i0.wp.com\/www.wallendorff.com\/belogue\/wp-content\/uploads\/2015\/04\/200507293.jpg?resize=350%2C200&ssl=1 1x, https:\/\/i0.wp.com\/www.wallendorff.com\/belogue\/wp-content\/uploads\/2015\/04\/200507293.jpg?resize=525%2C300&ssl=1 1.5x, https:\/\/i0.wp.com\/www.wallendorff.com\/belogue\/wp-content\/uploads\/2015\/04\/200507293.jpg?resize=700%2C400&ssl=1 2x"},"classes":[]},{"id":150,"url":"https:\/\/www.wallendorff.com\/belogue\/2006\/05\/13\/soi-disant-partant\/","url_meta":{"origin":131,"position":2},"title":"Soi disant partant.","author":"dpc","date":"13 mai 2006","format":false,"excerpt":"Gare de l'Est, Paris, 15 avril. Hum. J'ai de folles envies de train, moi, dis donc. [Et d'avion, n'en parlons m\u00eame pas, hein.] \u00a0The Warlocks \u2013 Come Save Us","rel":"","context":"Dans &quot;DPC&quot;","block_context":{"text":"DPC","link":"https:\/\/www.wallendorff.com\/belogue\/category\/dpc\/"},"img":{"alt_text":"","src":"https:\/\/i0.wp.com\/www.wallendorff.com\/belogue\/wp-content\/uploads\/2015\/04\/200605131.jpg?resize=350%2C200&ssl=1","width":350,"height":200},"classes":[]},{"id":902,"url":"https:\/\/www.wallendorff.com\/belogue\/2007\/02\/26\/it-s-a-long-road-there-s-no-turning-back-2\/","url_meta":{"origin":131,"position":3},"title":"It&rsquo;s a long road there&rsquo;s no turning back.","author":"dpc","date":"26 f\u00e9vrier 2007","format":false,"excerpt":"Gare de l'Est, Paris, 25 f\u00e9vrier1. 608 kilom\u00e8tres, 2 Jenlain, 1 amphi, 1 cravate, 1 danse du Limousin, 116 Comment qu'c'est gros\u00a0?, 78 \u00c7a guet's m\u00f4l, 44 fuck, fuckin' et assimil\u00e9s, 6 Guinness, 3 coupes de champagne, 20 ans de promo 87, 28 Spaten-Spaten, 4 b\u00e9quilles, 17 Saint-\u00c9tienne-Allez-allez-allez, 1 parrain,\u2026","rel":"","context":"Dans &quot;DPC&quot;","block_context":{"text":"DPC","link":"https:\/\/www.wallendorff.com\/belogue\/category\/dpc\/"},"img":{"alt_text":"","src":"https:\/\/i0.wp.com\/www.wallendorff.com\/belogue\/wp-content\/uploads\/2015\/04\/200702261.jpg?resize=350%2C200&ssl=1","width":350,"height":200,"srcset":"https:\/\/i0.wp.com\/www.wallendorff.com\/belogue\/wp-content\/uploads\/2015\/04\/200702261.jpg?resize=350%2C200&ssl=1 1x, https:\/\/i0.wp.com\/www.wallendorff.com\/belogue\/wp-content\/uploads\/2015\/04\/200702261.jpg?resize=525%2C300&ssl=1 1.5x"},"classes":[]},{"id":1269,"url":"https:\/\/www.wallendorff.com\/belogue\/2008\/07\/15\/a-bon-an-tant-d-heures\/","url_meta":{"origin":131,"position":4},"title":"\u00c0 bon an, tant d&rsquo;heures.","author":"dpc","date":"15 juillet 2008","format":false,"excerpt":"Gare de l'Est, Paris, 18 juin. Et de me faire pr\u00e9f\u00e9rer l'en-train. \u00a0Isobel Campbell & Mark Lanegan \u2013 Trouble _____ 1 Je sais que \u00e7a fait redite de cette photo-ci et j'assume mes fixettes.","rel":"","context":"Dans &quot;DPC&quot;","block_context":{"text":"DPC","link":"https:\/\/www.wallendorff.com\/belogue\/category\/dpc\/"},"img":{"alt_text":"","src":"https:\/\/i0.wp.com\/www.wallendorff.com\/belogue\/wp-content\/uploads\/2015\/04\/200807151.jpg?resize=350%2C200&ssl=1","width":350,"height":200},"classes":[]},{"id":125,"url":"https:\/\/www.wallendorff.com\/belogue\/2006\/04\/15\/a-cuse-elle-coud\/","url_meta":{"origin":131,"position":5},"title":"&Agrave; Cuse, elle coud.","author":"dpc","date":"15 avril 2006","format":false,"excerpt":"Gare de l'Est, Paris, 15 avril. Saturday morning's sugar never tasted so good. Je vous en parlerais bien du machin, qu'enfin il me saute \u00e0 la gueule, que l'indiff\u00e9rence \u00e0 fait place \u00e0 l'int\u00e9r\u00eat, l'int\u00e9r\u00eat \u00e0 l'envie, et l'envie \u00e0 l'adoption. Mais l\u00e0 les 8 minutes d'instrus qui ouvrent Lights\u2026","rel":"","context":"Dans &quot;DPC&quot;","block_context":{"text":"DPC","link":"https:\/\/www.wallendorff.com\/belogue\/category\/dpc\/"},"img":{"alt_text":"","src":"https:\/\/i0.wp.com\/www.wallendorff.com\/belogue\/wp-content\/uploads\/2015\/04\/200604151.jpg?resize=350%2C200&ssl=1","width":350,"height":200,"srcset":"https:\/\/i0.wp.com\/www.wallendorff.com\/belogue\/wp-content\/uploads\/2015\/04\/200604151.jpg?resize=350%2C200&ssl=1 1x, https:\/\/i0.wp.com\/www.wallendorff.com\/belogue\/wp-content\/uploads\/2015\/04\/200604151.jpg?resize=525%2C300&ssl=1 1.5x"},"classes":[]}],"_links":{"self":[{"href":"https:\/\/www.wallendorff.com\/belogue\/wp-json\/wp\/v2\/posts\/131","targetHints":{"allow":["GET"]}}],"collection":[{"href":"https:\/\/www.wallendorff.com\/belogue\/wp-json\/wp\/v2\/posts"}],"about":[{"href":"https:\/\/www.wallendorff.com\/belogue\/wp-json\/wp\/v2\/types\/post"}],"author":[{"embeddable":true,"href":"https:\/\/www.wallendorff.com\/belogue\/wp-json\/wp\/v2\/users\/1"}],"replies":[{"embeddable":true,"href":"https:\/\/www.wallendorff.com\/belogue\/wp-json\/wp\/v2\/comments?post=131"}],"version-history":[{"count":1,"href":"https:\/\/www.wallendorff.com\/belogue\/wp-json\/wp\/v2\/posts\/131\/revisions"}],"predecessor-version":[{"id":16336,"href":"https:\/\/www.wallendorff.com\/belogue\/wp-json\/wp\/v2\/posts\/131\/revisions\/16336"}],"wp:featuredmedia":[{"embeddable":true,"href":"https:\/\/www.wallendorff.com\/belogue\/wp-json\/wp\/v2\/media\/24065"}],"wp:attachment":[{"href":"https:\/\/www.wallendorff.com\/belogue\/wp-json\/wp\/v2\/media?parent=131"}],"wp:term":[{"taxonomy":"category","embeddable":true,"href":"https:\/\/www.wallendorff.com\/belogue\/wp-json\/wp\/v2\/categories?post=131"},{"taxonomy":"post_tag","embeddable":true,"href":"https:\/\/www.wallendorff.com\/belogue\/wp-json\/wp\/v2\/tags?post=131"}],"curies":[{"name":"wp","href":"https:\/\/api.w.org\/{rel}","templated":true}]}}