{"id":13099,"date":"2011-08-12T11:10:36","date_gmt":"2011-08-12T09:10:36","guid":{"rendered":"http:\/\/www.po-l.com\/belogue\/?p=13099"},"modified":"2012-04-08T12:55:44","modified_gmt":"2012-04-08T10:55:44","slug":"des-pains-des-pins-depeints","status":"publish","type":"post","link":"https:\/\/www.wallendorff.com\/belogue\/2011\/08\/12\/des-pains-des-pins-depeints\/","title":{"rendered":"Des pains des pins d\u00e9peints."},"content":{"rendered":"\n<div id=\"photo\">\n<p><img decoding=\"async\" src=\"https:\/\/www.wallendorff.com\/belogue\/photo\/2011\/08\/20110812.jpg\" \/><br \/>\nCit&eacute; Durmar, Paris,  14 juillet.<\/p>\n<\/p><\/div>\n<div id=\"bandeson\">\n<p><img decoding=\"async\" src=\"https:\/\/www.wallendorff.com\/belogue\/photo\/pochettes\/d\/dark_mean-happy_banjo.jpg\" align=\"left\" \/>&nbsp;<a href=\"http:\/\/darkmean.com\">Dark Mean<\/a> &ndash; <em>Happy Banjo<\/em><\/p>\n<\/p><\/div>\n","protected":false},"excerpt":{"rendered":"<p>Cit&eacute; Durmar, Paris, 14 juillet. &nbsp;Dark Mean &ndash; Happy Banjo<\/p>\n","protected":false},"author":1,"featured_media":26216,"comment_status":"open","ping_status":"open","sticky":false,"template":"","format":"standard","meta":{"_acf_changed":false,"ngg_post_thumbnail":0,"jetpack_post_was_ever_published":false,"_jetpack_newsletter_access":"","_jetpack_dont_email_post_to_subs":false,"_jetpack_newsletter_tier_id":0,"_jetpack_memberships_contains_paywalled_content":false,"_jetpack_memberships_contains_paid_content":false,"footnotes":"","jetpack_publicize_message":"","jetpack_publicize_feature_enabled":true,"jetpack_social_post_already_shared":false,"jetpack_social_options":{"image_generator_settings":{"template":"highway","default_image_id":0,"font":"","enabled":false},"version":2}},"categories":[3],"tags":[10183,2571,2615,10240,2654,5144,10120,5145,10121,10098,10158],"class_list":["post-13099","post","type-post","status-publish","format-standard","has-post-thumbnail","hentry","category-dpc","tag-10183","tag-ef-16-35-mm-f28l-ii-usm","tag-eos-5d-mark-ii","tag-chaises","tag-cite-durmar","tag-dark-mean","tag-france","tag-happy-banjo","tag-ile-de-france","tag-paris","tag-ruelle"],"acf":[],"geo":{"latitude":48.8659286,"longitude":2.3823059,"description":"1-11 Cit\u00e9 Durmar, 75011 Paris, France"},"jetpack_publicize_connections":[],"jetpack_featured_media_url":"https:\/\/www.wallendorff.com\/belogue\/wp-content\/uploads\/2015\/04\/201108121.jpg","jetpack_shortlink":"https:\/\/wp.me\/p3b35P-3ph","jetpack_sharing_enabled":true,"jetpack-related-posts":[{"id":13165,"url":"https:\/\/www.wallendorff.com\/belogue\/2011\/08\/26\/des-os-redonnes\/","url_meta":{"origin":13099,"position":0},"title":"Des os, redonn\u00e9s.","author":"dpc","date":"26 ao\u00fbt 2011","format":false,"excerpt":"Station Cit\u00e9, Paris, 26 juillet. [Sleepless in Cit\u00e9 no IV.] Sifflotons l'air de rien. \u00a0Tom Vek \u2013 Close Mic'ed","rel":"","context":"Dans &quot;DPC&quot;","block_context":{"text":"DPC","link":"https:\/\/www.wallendorff.com\/belogue\/category\/dpc\/"},"img":{"alt_text":"","src":"https:\/\/i0.wp.com\/www.wallendorff.com\/belogue\/wp-content\/uploads\/2015\/04\/201108261.jpg?resize=350%2C200&ssl=1","width":350,"height":200,"srcset":"https:\/\/i0.wp.com\/www.wallendorff.com\/belogue\/wp-content\/uploads\/2015\/04\/201108261.jpg?resize=350%2C200&ssl=1 1x, https:\/\/i0.wp.com\/www.wallendorff.com\/belogue\/wp-content\/uploads\/2015\/04\/201108261.jpg?resize=525%2C300&ssl=1 1.5x"},"classes":[]},{"id":127695,"url":"https:\/\/www.wallendorff.com\/belogue\/2024\/04\/14\/suivre-la-fleche-1-3-reference\/","url_meta":{"origin":13099,"position":1},"title":"Suivre la fl\u00e8che [1\/3] : R\u00e9f\u00e9rence.","author":"dpc","date":"14 avril 2024","format":false,"excerpt":"Voil\u00e0 5 ans, la fl\u00e8che s\u2019effondrait, emportant quelques-unes de nos certitudes.Voil\u00e0 5 ans, l\u2019incendie laissait un trou b\u00e9ant \u00e0 la place de l\u2019un des plus anciens, des plus classiques point de r\u00e9f\u00e9rence du paysage parisien.Voil\u00e0 5 ans commen\u00e7ait la lente recouvrance qui devrait se terminer \u00e0 la fin de l'ann\u00e9e\u2026","rel":"","context":"Dans &quot;DPC&quot;","block_context":{"text":"DPC","link":"https:\/\/www.wallendorff.com\/belogue\/category\/dpc\/"},"img":{"alt_text":"","src":"https:\/\/i0.wp.com\/www.wallendorff.com\/belogue\/wp-content\/uploads\/2024\/04\/20240414-01.jpg?resize=350%2C200&ssl=1","width":350,"height":200,"srcset":"https:\/\/i0.wp.com\/www.wallendorff.com\/belogue\/wp-content\/uploads\/2024\/04\/20240414-01.jpg?resize=350%2C200&ssl=1 1x, https:\/\/i0.wp.com\/www.wallendorff.com\/belogue\/wp-content\/uploads\/2024\/04\/20240414-01.jpg?resize=525%2C300&ssl=1 1.5x, https:\/\/i0.wp.com\/www.wallendorff.com\/belogue\/wp-content\/uploads\/2024\/04\/20240414-01.jpg?resize=700%2C400&ssl=1 2x, https:\/\/i0.wp.com\/www.wallendorff.com\/belogue\/wp-content\/uploads\/2024\/04\/20240414-01.jpg?resize=1050%2C600&ssl=1 3x"},"classes":[]},{"id":130781,"url":"https:\/\/www.wallendorff.com\/belogue\/2024\/10\/10\/reinstallation-de-la-croix-du-chevet-de-notre-dame\/","url_meta":{"origin":13099,"position":2},"title":"R\u00e9installation de la croix du chevet de Notre-Dame","author":"dpc","date":"10 octobre 2024","format":false,"excerpt":"","rel":"","context":"Dans &quot;DPC&quot;","block_context":{"text":"DPC","link":"https:\/\/www.wallendorff.com\/belogue\/category\/dpc\/"},"img":{"alt_text":"","src":"https:\/\/i0.wp.com\/www.wallendorff.com\/belogue\/wp-content\/uploads\/2024\/10\/20241010-23.jpg?resize=350%2C200&ssl=1","width":350,"height":200,"srcset":"https:\/\/i0.wp.com\/www.wallendorff.com\/belogue\/wp-content\/uploads\/2024\/10\/20241010-23.jpg?resize=350%2C200&ssl=1 1x, https:\/\/i0.wp.com\/www.wallendorff.com\/belogue\/wp-content\/uploads\/2024\/10\/20241010-23.jpg?resize=525%2C300&ssl=1 1.5x, https:\/\/i0.wp.com\/www.wallendorff.com\/belogue\/wp-content\/uploads\/2024\/10\/20241010-23.jpg?resize=700%2C400&ssl=1 2x, https:\/\/i0.wp.com\/www.wallendorff.com\/belogue\/wp-content\/uploads\/2024\/10\/20241010-23.jpg?resize=1050%2C600&ssl=1 3x"},"classes":[]},{"id":16984,"url":"https:\/\/www.wallendorff.com\/belogue\/2012\/04\/22\/fond-de-tiroir-20\/","url_meta":{"origin":13099,"position":3},"title":"Fond de tiroir #20.","author":"dpc","date":"22 avril 2012","format":false,"excerpt":"Cit\u00e9 du Sacr\u00e9-C\u0153ur, Paris, 24 mars 2011. Blood Red Shoes \u2013 Down Here in the Dark [youtube]http:\/\/www.youtube.com\/watch?v=DnpTqNFsqiU[\/youtube]","rel":"","context":"Dans &quot;DPC&quot;","block_context":{"text":"DPC","link":"https:\/\/www.wallendorff.com\/belogue\/category\/dpc\/"},"img":{"alt_text":"","src":"https:\/\/i0.wp.com\/www.wallendorff.com\/belogue\/wp-content\/uploads\/2015\/04\/201204221.jpg?resize=350%2C200&ssl=1","width":350,"height":200,"srcset":"https:\/\/i0.wp.com\/www.wallendorff.com\/belogue\/wp-content\/uploads\/2015\/04\/201204221.jpg?resize=350%2C200&ssl=1 1x, https:\/\/i0.wp.com\/www.wallendorff.com\/belogue\/wp-content\/uploads\/2015\/04\/201204221.jpg?resize=525%2C300&ssl=1 1.5x, https:\/\/i0.wp.com\/www.wallendorff.com\/belogue\/wp-content\/uploads\/2015\/04\/201204221.jpg?resize=700%2C400&ssl=1 2x"},"classes":[]},{"id":7568,"url":"https:\/\/www.wallendorff.com\/belogue\/2010\/05\/21\/m\/","url_meta":{"origin":13099,"position":4},"title":"|M|","author":"dpc","date":"21 mai 2010","format":false,"excerpt":"M\u00e9morial des Martyrs de la D\u00e9portation, Paris, 17 avril. \u00a0Woodpigeon \u2013 Empty-Hall Sing-Along","rel":"","context":"Dans &quot;DPC&quot;","block_context":{"text":"DPC","link":"https:\/\/www.wallendorff.com\/belogue\/category\/dpc\/"},"img":{"alt_text":"","src":"https:\/\/i0.wp.com\/www.wallendorff.com\/belogue\/wp-content\/uploads\/2015\/04\/201005211.jpg?resize=350%2C200&ssl=1","width":350,"height":200},"classes":[]},{"id":9792,"url":"https:\/\/www.wallendorff.com\/belogue\/2010\/11\/14\/shooting-people-75\/","url_meta":{"origin":13099,"position":5},"title":"Shooting people #75.","author":"dpc","date":"14 novembre 2010","format":false,"excerpt":"Station Cit\u00e9, Paris, 11 novembre. [Sleepless in Cit\u00e9 no II.] dEUS \u2013 The Ideal Crash","rel":"","context":"Dans &quot;Portraits&quot;","block_context":{"text":"Portraits","link":"https:\/\/www.wallendorff.com\/belogue\/category\/portraits\/"},"img":{"alt_text":"","src":"https:\/\/i0.wp.com\/www.wallendorff.com\/belogue\/wp-content\/uploads\/2015\/04\/201011141.jpg?resize=350%2C200&ssl=1","width":350,"height":200,"srcset":"https:\/\/i0.wp.com\/www.wallendorff.com\/belogue\/wp-content\/uploads\/2015\/04\/201011141.jpg?resize=350%2C200&ssl=1 1x, https:\/\/i0.wp.com\/www.wallendorff.com\/belogue\/wp-content\/uploads\/2015\/04\/201011141.jpg?resize=525%2C300&ssl=1 1.5x, https:\/\/i0.wp.com\/www.wallendorff.com\/belogue\/wp-content\/uploads\/2015\/04\/201011141.jpg?resize=700%2C400&ssl=1 2x"},"classes":[]}],"_links":{"self":[{"href":"https:\/\/www.wallendorff.com\/belogue\/wp-json\/wp\/v2\/posts\/13099","targetHints":{"allow":["GET"]}}],"collection":[{"href":"https:\/\/www.wallendorff.com\/belogue\/wp-json\/wp\/v2\/posts"}],"about":[{"href":"https:\/\/www.wallendorff.com\/belogue\/wp-json\/wp\/v2\/types\/post"}],"author":[{"embeddable":true,"href":"https:\/\/www.wallendorff.com\/belogue\/wp-json\/wp\/v2\/users\/1"}],"replies":[{"embeddable":true,"href":"https:\/\/www.wallendorff.com\/belogue\/wp-json\/wp\/v2\/comments?post=13099"}],"version-history":[{"count":1,"href":"https:\/\/www.wallendorff.com\/belogue\/wp-json\/wp\/v2\/posts\/13099\/revisions"}],"predecessor-version":[{"id":16769,"href":"https:\/\/www.wallendorff.com\/belogue\/wp-json\/wp\/v2\/posts\/13099\/revisions\/16769"}],"wp:featuredmedia":[{"embeddable":true,"href":"https:\/\/www.wallendorff.com\/belogue\/wp-json\/wp\/v2\/media\/26216"}],"wp:attachment":[{"href":"https:\/\/www.wallendorff.com\/belogue\/wp-json\/wp\/v2\/media?parent=13099"}],"wp:term":[{"taxonomy":"category","embeddable":true,"href":"https:\/\/www.wallendorff.com\/belogue\/wp-json\/wp\/v2\/categories?post=13099"},{"taxonomy":"post_tag","embeddable":true,"href":"https:\/\/www.wallendorff.com\/belogue\/wp-json\/wp\/v2\/tags?post=13099"}],"curies":[{"name":"wp","href":"https:\/\/api.w.org\/{rel}","templated":true}]}}