{"id":13091,"date":"2011-08-11T10:23:51","date_gmt":"2011-08-11T08:23:51","guid":{"rendered":"http:\/\/www.po-l.com\/belogue\/?p=13091"},"modified":"2012-12-23T13:37:39","modified_gmt":"2012-12-23T11:37:39","slug":"man-on-the-mourn-ii","status":"publish","type":"post","link":"https:\/\/www.wallendorff.com\/belogue\/2011\/08\/11\/man-on-the-mourn-ii\/","title":{"rendered":"Man on the mourn [II]."},"content":{"rendered":"\n<div id=\"photo\">\n<p><img decoding=\"async\" src=\"https:\/\/www.wallendorff.com\/belogue\/photo\/2011\/08\/20110811.jpg\" \/><br \/>\nRue Oberkampf, Paris, 6 juillet.<\/p>\n<\/p><\/div>\n<div id=\"bandeson\">\n<p><img decoding=\"async\" src=\"https:\/\/www.wallendorff.com\/belogue\/photo\/pochettes\/v\/vedder_eddie-water_on_the_road.jpg\" align=\"left\" \/>&nbsp;<a href=\"http:\/\/www.tenclub.net\">Eddie Vedder<\/a> &ndash; <em>Girl from the North Country<\/em> (Bob Dylan cover) (live)<\/p>\n<\/p><\/div>\n","protected":false},"excerpt":{"rendered":"<p>Rue Oberkampf, Paris, 6 juillet. &nbsp;Eddie Vedder &ndash; Girl from the North Country (Bob Dylan cover) (live)<\/p>\n","protected":false},"author":1,"featured_media":26214,"comment_status":"open","ping_status":"open","sticky":false,"template":"","format":"standard","meta":{"_acf_changed":false,"ngg_post_thumbnail":0,"jetpack_post_was_ever_published":false,"_jetpack_newsletter_access":"","_jetpack_dont_email_post_to_subs":false,"_jetpack_newsletter_tier_id":0,"_jetpack_memberships_contains_paywalled_content":false,"_jetpack_memberships_contains_paid_content":false,"footnotes":"","jetpack_publicize_message":"","jetpack_publicize_feature_enabled":true,"jetpack_social_post_already_shared":false,"jetpack_social_options":{"image_generator_settings":{"template":"highway","default_image_id":0,"font":"","enabled":false},"version":2}},"categories":[3],"tags":[10183,1251,181,2615,10330,10307,10120,1778,10589,10121,10147,10098,10280,10407],"class_list":["post-13091","post","type-post","status-publish","format-standard","has-post-thumbnail","hentry","category-dpc","tag-10183","tag-bob-dylan","tag-ef-70-200-mm-f28l-usm","tag-eos-5d-mark-ii","tag-eddie-vedder","tag-fenetre","tag-france","tag-girl-from-the-north-country","tag-homme","tag-ile-de-france","tag-nuit","tag-paris","tag-rue-oberkampf","tag-silhouette"],"acf":[],"geo":{"latitude":48.8668823,"longitude":2.3816488,"description":"Paris 11 Popincourt, \u00cele-de-France, 75556 CEDEX 11, FR"},"jetpack_publicize_connections":[],"jetpack_featured_media_url":"https:\/\/www.wallendorff.com\/belogue\/wp-content\/uploads\/2015\/04\/201108111.jpg","jetpack_shortlink":"https:\/\/wp.me\/p3b35P-3p9","jetpack_sharing_enabled":true,"jetpack-related-posts":[{"id":28639,"url":"https:\/\/www.wallendorff.com\/belogue\/2015\/08\/05\/2005-2015\/","url_meta":{"origin":13091,"position":0},"title":"2005 &ndash; 2015.","author":"dpc","date":"5 ao\u00fbt 2015","format":false,"excerpt":"Every new beginning comes from some other beginning's end, qu'ils disaient. Les meubles partis, il ne reste rien, \u00e0 part quelques traces rupestres laiss\u00e9es \u00e7\u00e0 et l\u00e0 par une table ou un cadre. L'appartement d\u00e9pouill\u00e9 devient la page blanche sur laquelle un nouvel occupant \u00e9crira sa nouvelle \u00e8re. Les anciennes\u2026","rel":"","context":"Dans &quot;DPC&quot;","block_context":{"text":"DPC","link":"https:\/\/www.wallendorff.com\/belogue\/category\/dpc\/"},"img":{"alt_text":"","src":"https:\/\/i0.wp.com\/www.wallendorff.com\/belogue\/wp-content\/uploads\/2015\/08\/20150804.gif?resize=350%2C200&ssl=1","width":350,"height":200,"srcset":"https:\/\/i0.wp.com\/www.wallendorff.com\/belogue\/wp-content\/uploads\/2015\/08\/20150804.gif?resize=350%2C200&ssl=1 1x, https:\/\/i0.wp.com\/www.wallendorff.com\/belogue\/wp-content\/uploads\/2015\/08\/20150804.gif?resize=525%2C300&ssl=1 1.5x, https:\/\/i0.wp.com\/www.wallendorff.com\/belogue\/wp-content\/uploads\/2015\/08\/20150804.gif?resize=700%2C400&ssl=1 2x"},"classes":[]},{"id":17338,"url":"https:\/\/www.wallendorff.com\/belogue\/2012\/05\/19\/heurs-bleus\/","url_meta":{"origin":13091,"position":1},"title":"Heurs bleus","author":"dpc","date":"19 mai 2012","format":false,"excerpt":"Rue Lamarck, Paris, 4 avril. J'ai un truc avec les fen\u00eatres allum\u00e9es au cr\u00e9puscule. Eddie Vedder \u2013 The Canyon [youtube]http:\/\/www.youtube.com\/watch?v=BfjZ_6oSiJs[\/youtube]","rel":"","context":"Dans &quot;DPC&quot;","block_context":{"text":"DPC","link":"https:\/\/www.wallendorff.com\/belogue\/category\/dpc\/"},"img":{"alt_text":"","src":"https:\/\/i0.wp.com\/www.wallendorff.com\/belogue\/wp-content\/uploads\/2015\/04\/201205181.jpg?resize=350%2C200&ssl=1","width":350,"height":200,"srcset":"https:\/\/i0.wp.com\/www.wallendorff.com\/belogue\/wp-content\/uploads\/2015\/04\/201205181.jpg?resize=350%2C200&ssl=1 1x, https:\/\/i0.wp.com\/www.wallendorff.com\/belogue\/wp-content\/uploads\/2015\/04\/201205181.jpg?resize=525%2C300&ssl=1 1.5x"},"classes":[]},{"id":7920,"url":"https:\/\/www.wallendorff.com\/belogue\/2010\/07\/27\/man-on-the-mourn\/","url_meta":{"origin":13091,"position":2},"title":"Man on the Mourn.","author":"dpc","date":"27 juillet 2010","format":false,"excerpt":"Rue Oberkampf, Paris, 25 juin. [Les m\u00eames, oui.] \u00a0Guillemots \u2013 Redwings","rel":"","context":"Dans &quot;DPC&quot;","block_context":{"text":"DPC","link":"https:\/\/www.wallendorff.com\/belogue\/category\/dpc\/"},"img":{"alt_text":"","src":"https:\/\/i0.wp.com\/www.wallendorff.com\/belogue\/wp-content\/uploads\/2015\/04\/201007271.jpg?resize=350%2C200&ssl=1","width":350,"height":200},"classes":[]},{"id":3880,"url":"https:\/\/www.wallendorff.com\/belogue\/2009\/02\/04\/luxe-caille-water\/","url_meta":{"origin":13091,"position":3},"title":"Luxe caille water.","author":"dpc","date":"4 f\u00e9vrier 2009","format":false,"excerpt":"Place Joachim du Bellay, Paris, 10 janvier. Eddie Vedder \u2013 Tuolumne","rel":"","context":"Dans &quot;DPC&quot;","block_context":{"text":"DPC","link":"https:\/\/www.wallendorff.com\/belogue\/category\/dpc\/"},"img":{"alt_text":"","src":"https:\/\/i0.wp.com\/www.wallendorff.com\/belogue\/wp-content\/uploads\/2015\/04\/200902041.jpg?resize=350%2C200&ssl=1","width":350,"height":200},"classes":[]},{"id":9281,"url":"https:\/\/www.wallendorff.com\/belogue\/2010\/09\/19\/woodpigeon-la-fleche-dor-paris\/","url_meta":{"origin":13091,"position":4},"title":"Woodpigeon @ la Fl\u00e8che d&rsquo;Or, Paris.","author":"dpc","date":"19 septembre 2010","format":false,"excerpt":"Lonely Kiss | The Allison Yip School for Girls | Oberkampf | Knock Knock | The Saddest Music in the World | I Know a Lot of Places | ... And as the Ship Went Down, You'd Never Looked Finer Un rapide set de 40 minutes par le Mark Hamilton\u2026","rel":"","context":"Dans &quot;Alive&quot;","block_context":{"text":"Alive","link":"https:\/\/www.wallendorff.com\/belogue\/category\/alive\/"},"img":{"alt_text":"","src":"https:\/\/i0.wp.com\/www.wallendorff.com\/belogue\/wp-content\/uploads\/2015\/04\/201009191.jpg?resize=350%2C200&ssl=1","width":350,"height":200,"srcset":"https:\/\/i0.wp.com\/www.wallendorff.com\/belogue\/wp-content\/uploads\/2015\/04\/201009191.jpg?resize=350%2C200&ssl=1 1x, https:\/\/i0.wp.com\/www.wallendorff.com\/belogue\/wp-content\/uploads\/2015\/04\/201009191.jpg?resize=525%2C300&ssl=1 1.5x, https:\/\/i0.wp.com\/www.wallendorff.com\/belogue\/wp-content\/uploads\/2015\/04\/201009191.jpg?resize=700%2C400&ssl=1 2x"},"classes":[]},{"id":7668,"url":"https:\/\/www.wallendorff.com\/belogue\/2010\/06\/10\/pis-a-prismes-21\/","url_meta":{"origin":13091,"position":5},"title":"Pis \u00e0 prismes #21.","author":"dpc","date":"10 juin 2010","format":false,"excerpt":"Jardins Atlantique, Paris, 26 avril. Je sais que cela n'int\u00e9ressera personne mais JOIE PUTAIN \u00c0 part \u00e7a, rien. \u00a0Eddie Vedder \u2013 No More","rel":"","context":"Dans &quot;Pis \u00e0 prismes&quot;","block_context":{"text":"Pis \u00e0 prismes","link":"https:\/\/www.wallendorff.com\/belogue\/category\/pis-a-prismes\/"},"img":{"alt_text":"","src":"https:\/\/i0.wp.com\/www.wallendorff.com\/belogue\/wp-content\/uploads\/2015\/04\/201006101.jpg?resize=350%2C200&ssl=1","width":350,"height":200},"classes":[]}],"_links":{"self":[{"href":"https:\/\/www.wallendorff.com\/belogue\/wp-json\/wp\/v2\/posts\/13091","targetHints":{"allow":["GET"]}}],"collection":[{"href":"https:\/\/www.wallendorff.com\/belogue\/wp-json\/wp\/v2\/posts"}],"about":[{"href":"https:\/\/www.wallendorff.com\/belogue\/wp-json\/wp\/v2\/types\/post"}],"author":[{"embeddable":true,"href":"https:\/\/www.wallendorff.com\/belogue\/wp-json\/wp\/v2\/users\/1"}],"replies":[{"embeddable":true,"href":"https:\/\/www.wallendorff.com\/belogue\/wp-json\/wp\/v2\/comments?post=13091"}],"version-history":[{"count":2,"href":"https:\/\/www.wallendorff.com\/belogue\/wp-json\/wp\/v2\/posts\/13091\/revisions"}],"predecessor-version":[{"id":19837,"href":"https:\/\/www.wallendorff.com\/belogue\/wp-json\/wp\/v2\/posts\/13091\/revisions\/19837"}],"wp:featuredmedia":[{"embeddable":true,"href":"https:\/\/www.wallendorff.com\/belogue\/wp-json\/wp\/v2\/media\/26214"}],"wp:attachment":[{"href":"https:\/\/www.wallendorff.com\/belogue\/wp-json\/wp\/v2\/media?parent=13091"}],"wp:term":[{"taxonomy":"category","embeddable":true,"href":"https:\/\/www.wallendorff.com\/belogue\/wp-json\/wp\/v2\/categories?post=13091"},{"taxonomy":"post_tag","embeddable":true,"href":"https:\/\/www.wallendorff.com\/belogue\/wp-json\/wp\/v2\/tags?post=13091"}],"curies":[{"name":"wp","href":"https:\/\/api.w.org\/{rel}","templated":true}]}}