{"id":13087,"date":"2011-08-10T11:09:10","date_gmt":"2011-08-10T09:09:10","guid":{"rendered":"http:\/\/www.po-l.com\/belogue\/?p=13087"},"modified":"2013-10-04T12:20:22","modified_gmt":"2013-10-04T10:20:22","slug":"very-bad-crypte","status":"publish","type":"post","link":"https:\/\/www.wallendorff.com\/belogue\/2011\/08\/10\/very-bad-crypte\/","title":{"rendered":"Very bad crypte."},"content":{"rendered":"\n<div id=\"photo\">\n<p><img decoding=\"async\" src=\"https:\/\/www.wallendorff.com\/belogue\/photo\/2011\/08\/20110810.jpg\" \/><br \/>\nCimeti&egrave;re du P&egrave;re-Lachaise, Paris, 26 juin.<\/p>\n<\/p><\/div>\n<div id=\"bandeson\">\n<p><img decoding=\"async\" src=\"https:\/\/www.wallendorff.com\/belogue\/photo\/pochettes\/g\/gallagher_noel-the_death_of_you_and_me.jpg\" align=\"left\" \/>&nbsp;<a href=\"http:\/\/www.noelgallagher.com\">Noel Gallagher<\/a> &ndash; <em>The Good Rebel<\/em><\/p>\n<\/p><\/div>\n","protected":false},"excerpt":{"rendered":"<p>Cimeti&egrave;re du P&egrave;re-Lachaise, Paris, 26 juin. &nbsp;Noel Gallagher &ndash; The Good Rebel<\/p>\n","protected":false},"author":1,"featured_media":26213,"comment_status":"open","ping_status":"open","sticky":false,"template":"","format":"standard","meta":{"_acf_changed":false,"ngg_post_thumbnail":0,"jetpack_post_was_ever_published":false,"_jetpack_newsletter_access":"","_jetpack_dont_email_post_to_subs":false,"_jetpack_newsletter_tier_id":0,"_jetpack_memberships_contains_paywalled_content":false,"_jetpack_memberships_contains_paid_content":false,"footnotes":"","jetpack_publicize_message":"","jetpack_publicize_feature_enabled":true,"jetpack_social_post_already_shared":false,"jetpack_social_options":{"image_generator_settings":{"template":"highway","default_image_id":0,"font":"","enabled":false},"version":2}},"categories":[3],"tags":[10216,10345,2615,10207,11639,10359,10311,10120,10121,10464,10972,408,10098,170,5143],"class_list":["post-13087","post","type-post","status-publish","format-standard","has-post-thumbnail","hentry","category-dpc","tag-10216","tag-arbre","tag-eos-5d-mark-ii","tag-cimetiere","tag-cimetiere-du-pere-lachaise","tag-couple","tag-dos","tag-france","tag-ile-de-france","tag-noel-gallagher","tag-noel-gallaghers-high-flying-birds","tag-oasis","tag-paris","tag-sigma-70-300-mm-f4-56-dg-apo-macro","tag-the-good-rebel"],"acf":[],"geo":{"latitude":48.8631325,"longitude":2.393796,"description":"Avenue des Thuyas, 75020 Paris, France"},"jetpack_publicize_connections":[],"jetpack_featured_media_url":"https:\/\/www.wallendorff.com\/belogue\/wp-content\/uploads\/2015\/04\/201108102.jpg","jetpack_shortlink":"https:\/\/wp.me\/p3b35P-3p5","jetpack_sharing_enabled":true,"jetpack-related-posts":[{"id":21722,"url":"https:\/\/www.wallendorff.com\/belogue\/2013\/10\/04\/dos-aux-morts\/","url_meta":{"origin":13087,"position":0},"title":"Dos aux morts.","author":"dpc","date":"4 octobre 2013","format":false,"excerpt":"Cimeti\u00e8re du P\u00e8re-Lachaise, Paris, 16 ao\u00fbt. Walking LightlyJunip","rel":"","context":"Dans &quot;DPC&quot;","block_context":{"text":"DPC","link":"https:\/\/www.wallendorff.com\/belogue\/category\/dpc\/"},"img":{"alt_text":"","src":"https:\/\/i0.wp.com\/www.wallendorff.com\/belogue\/wp-content\/uploads\/2015\/04\/201310041.jpg?resize=350%2C200&ssl=1","width":350,"height":200},"classes":[]},{"id":3617,"url":"https:\/\/www.wallendorff.com\/belogue\/2008\/11\/25\/shooting-people-41\/","url_meta":{"origin":13087,"position":1},"title":"Shooting people #41.","author":"dpc","date":"25 novembre 2008","format":false,"excerpt":"Cimeti\u00e8re du P\u00e8re-Lachaise, Paris, 9 novembre. M83 \u2013 Graveyard Girl","rel":"","context":"Dans &quot;Portraits&quot;","block_context":{"text":"Portraits","link":"https:\/\/www.wallendorff.com\/belogue\/category\/portraits\/"},"img":{"alt_text":"","src":"https:\/\/i0.wp.com\/www.wallendorff.com\/belogue\/wp-content\/uploads\/2015\/04\/200811251.jpg?resize=350%2C200&ssl=1","width":350,"height":200},"classes":[]},{"id":3621,"url":"https:\/\/www.wallendorff.com\/belogue\/2008\/11\/26\/shooting-people-42\/","url_meta":{"origin":13087,"position":2},"title":"Shooting people #42.","author":"dpc","date":"26 novembre 2008","format":false,"excerpt":"Cimeti\u00e8re du P\u00e8re-Lachaise, Paris, 9 novembre. Cat Power \u2013 Maybe Not","rel":"","context":"Dans &quot;Portraits&quot;","block_context":{"text":"Portraits","link":"https:\/\/www.wallendorff.com\/belogue\/category\/portraits\/"},"img":{"alt_text":"","src":"https:\/\/i0.wp.com\/www.wallendorff.com\/belogue\/wp-content\/uploads\/2015\/04\/200811261.jpg?resize=350%2C200&ssl=1","width":350,"height":200,"srcset":"https:\/\/i0.wp.com\/www.wallendorff.com\/belogue\/wp-content\/uploads\/2015\/04\/200811261.jpg?resize=350%2C200&ssl=1 1x, https:\/\/i0.wp.com\/www.wallendorff.com\/belogue\/wp-content\/uploads\/2015\/04\/200811261.jpg?resize=525%2C300&ssl=1 1.5x"},"classes":[]},{"id":252,"url":"https:\/\/www.wallendorff.com\/belogue\/2005\/12\/03\/bois-croix-et-rester\/","url_meta":{"origin":13087,"position":3},"title":"Bois croix et. [rester]","author":"dpc","date":"3 d\u00e9cembre 2005","format":false,"excerpt":"Cimeti\u00e8re du P\u00e8re-Lachaise, Paris, 19 novembre. Y a des fois, le matin, c'est dur. Vivement ce soir, qu'on retourne sacrifier des chats vierges. \u00a0Damien Rice \u2013 Can't Wait for Tonight to Sacrify Virgin Cats","rel":"","context":"Dans &quot;DPC&quot;","block_context":{"text":"DPC","link":"https:\/\/www.wallendorff.com\/belogue\/category\/dpc\/"},"img":{"alt_text":"","src":"https:\/\/i0.wp.com\/www.wallendorff.com\/belogue\/wp-content\/uploads\/2015\/04\/200512031.jpg?resize=350%2C200&ssl=1","width":350,"height":200},"classes":[]},{"id":3631,"url":"https:\/\/www.wallendorff.com\/belogue\/2008\/11\/28\/jamais-dieu-sans-trois\/","url_meta":{"origin":13087,"position":4},"title":"Jamais Dieu sans trois.","author":"dpc","date":"28 novembre 2008","format":false,"excerpt":"Cimeti\u00e8re du P\u00e8re-Lachaise, Paris, 9 novembre. Caesars \u2013 Winter Song","rel":"","context":"Dans &quot;DPC&quot;","block_context":{"text":"DPC","link":"https:\/\/www.wallendorff.com\/belogue\/category\/dpc\/"},"img":{"alt_text":"","src":"https:\/\/i0.wp.com\/www.wallendorff.com\/belogue\/wp-content\/uploads\/2015\/04\/200811281.jpg?resize=350%2C200&ssl=1","width":350,"height":200},"classes":[]},{"id":7928,"url":"https:\/\/www.wallendorff.com\/belogue\/2010\/07\/29\/die-and-let-live\/","url_meta":{"origin":13087,"position":5},"title":"Die and let live.","author":"dpc","date":"29 juillet 2010","format":false,"excerpt":"P\u00e8re-Lachaise, Paris, 10 juillet. \u00a0Oasis \u2013 Falling Down (The Prodigy version)","rel":"","context":"Dans &quot;DPC&quot;","block_context":{"text":"DPC","link":"https:\/\/www.wallendorff.com\/belogue\/category\/dpc\/"},"img":{"alt_text":"","src":"https:\/\/i0.wp.com\/www.wallendorff.com\/belogue\/wp-content\/uploads\/2015\/04\/201007291.jpg?resize=350%2C200&ssl=1","width":350,"height":200,"srcset":"https:\/\/i0.wp.com\/www.wallendorff.com\/belogue\/wp-content\/uploads\/2015\/04\/201007291.jpg?resize=350%2C200&ssl=1 1x, https:\/\/i0.wp.com\/www.wallendorff.com\/belogue\/wp-content\/uploads\/2015\/04\/201007291.jpg?resize=525%2C300&ssl=1 1.5x"},"classes":[]}],"_links":{"self":[{"href":"https:\/\/www.wallendorff.com\/belogue\/wp-json\/wp\/v2\/posts\/13087","targetHints":{"allow":["GET"]}}],"collection":[{"href":"https:\/\/www.wallendorff.com\/belogue\/wp-json\/wp\/v2\/posts"}],"about":[{"href":"https:\/\/www.wallendorff.com\/belogue\/wp-json\/wp\/v2\/types\/post"}],"author":[{"embeddable":true,"href":"https:\/\/www.wallendorff.com\/belogue\/wp-json\/wp\/v2\/users\/1"}],"replies":[{"embeddable":true,"href":"https:\/\/www.wallendorff.com\/belogue\/wp-json\/wp\/v2\/comments?post=13087"}],"version-history":[{"count":3,"href":"https:\/\/www.wallendorff.com\/belogue\/wp-json\/wp\/v2\/posts\/13087\/revisions"}],"predecessor-version":[{"id":21732,"href":"https:\/\/www.wallendorff.com\/belogue\/wp-json\/wp\/v2\/posts\/13087\/revisions\/21732"}],"wp:featuredmedia":[{"embeddable":true,"href":"https:\/\/www.wallendorff.com\/belogue\/wp-json\/wp\/v2\/media\/26213"}],"wp:attachment":[{"href":"https:\/\/www.wallendorff.com\/belogue\/wp-json\/wp\/v2\/media?parent=13087"}],"wp:term":[{"taxonomy":"category","embeddable":true,"href":"https:\/\/www.wallendorff.com\/belogue\/wp-json\/wp\/v2\/categories?post=13087"},{"taxonomy":"post_tag","embeddable":true,"href":"https:\/\/www.wallendorff.com\/belogue\/wp-json\/wp\/v2\/tags?post=13087"}],"curies":[{"name":"wp","href":"https:\/\/api.w.org\/{rel}","templated":true}]}}