{"id":13062,"date":"2011-07-27T12:41:19","date_gmt":"2011-07-27T10:41:19","guid":{"rendered":"http:\/\/www.po-l.com\/belogue\/?p=13062"},"modified":"2011-12-05T10:53:23","modified_gmt":"2011-12-05T08:53:23","slug":"bord-daile-de-merle","status":"publish","type":"post","link":"https:\/\/www.wallendorff.com\/belogue\/2011\/07\/27\/bord-daile-de-merle\/","title":{"rendered":"Bord d&rsquo;aile [de merle]."},"content":{"rendered":"\n<div id=\"photo\">\n<p><img decoding=\"async\" src=\"https:\/\/www.wallendorff.com\/belogue\/photo\/2011\/07\/20110727.jpg\" \/><br \/>\nMerci, Paris, 18 juin.<\/p>\n<\/p><\/div>\n<div id=\"bandeson\">\n<p><img decoding=\"async\" src=\"https:\/\/www.wallendorff.com\/belogue\/photo\/pochettes\/h\/horrors_the-skying.jpg\" align=\"left\" \/>&nbsp;<a href=\"http:\/\/www.thehorrors.co.uk\/\">The Horrors<\/a> &ndash; <em>Still Life<\/em><\/p>\n<\/p><\/div>\n","protected":false},"excerpt":{"rendered":"<p>Merci, Paris, 18 juin. &nbsp;The Horrors &ndash; Still Life<\/p>\n","protected":false},"author":1,"featured_media":26207,"comment_status":"open","ping_status":"open","sticky":false,"template":"","format":"standard","meta":{"_acf_changed":false,"ngg_post_thumbnail":0,"jetpack_post_was_ever_published":false,"_jetpack_newsletter_access":"","_jetpack_dont_email_post_to_subs":false,"_jetpack_newsletter_tier_id":0,"_jetpack_memberships_contains_paywalled_content":false,"_jetpack_memberships_contains_paid_content":false,"footnotes":"","jetpack_publicize_message":"","jetpack_publicize_feature_enabled":true,"jetpack_social_post_already_shared":false,"jetpack_social_options":{"image_generator_settings":{"template":"highway","default_image_id":0,"font":"","enabled":false},"version":2}},"categories":[3],"tags":[10336,5107,10264,3555,2571,2615,10120,10121,10696,10924,10098,5108,10578],"class_list":["post-13062","post","type-post","status-publish","format-standard","has-post-thumbnail","hentry","category-dpc","tag-10336","tag-blanc","tag-boulevard-beaumarchais","tag-canape","tag-ef-16-35-mm-f28l-ii-usm","tag-eos-5d-mark-ii","tag-france","tag-ile-de-france","tag-magasin","tag-merci","tag-paris","tag-still-life","tag-the-horrors"],"acf":[],"geo":{"latitude":48.860733,"longitude":2.366679,"description":"109 Boulevard Beaumarchais, 75003 Paris, France"},"jetpack_publicize_connections":[],"jetpack_featured_media_url":"https:\/\/www.wallendorff.com\/belogue\/wp-content\/uploads\/2015\/04\/201107271.jpg","jetpack_shortlink":"https:\/\/wp.me\/p3b35P-3oG","jetpack_sharing_enabled":true,"jetpack-related-posts":[{"id":14717,"url":"https:\/\/www.wallendorff.com\/belogue\/2011\/12\/08\/the-horrors-le-bataclan-paris\/","url_meta":{"origin":13062,"position":0},"title":"The Horrors @ le Bataclan, Paris.","author":"dpc","date":"8 d\u00e9cembre 2011","format":false,"excerpt":"The Horrors \u2013 Who Can Say [youtube]http:\/\/www.youtube.com\/watch?v=yNjcSgU0Nrg[\/youtube]","rel":"","context":"Dans &quot;Alive&quot;","block_context":{"text":"Alive","link":"https:\/\/www.wallendorff.com\/belogue\/category\/alive\/"},"img":{"alt_text":"","src":"https:\/\/i0.wp.com\/www.wallendorff.com\/belogue\/wp-content\/uploads\/2015\/04\/201112081.jpg?resize=350%2C200&ssl=1","width":350,"height":200,"srcset":"https:\/\/i0.wp.com\/www.wallendorff.com\/belogue\/wp-content\/uploads\/2015\/04\/201112081.jpg?resize=350%2C200&ssl=1 1x, https:\/\/i0.wp.com\/www.wallendorff.com\/belogue\/wp-content\/uploads\/2015\/04\/201112081.jpg?resize=525%2C300&ssl=1 1.5x, https:\/\/i0.wp.com\/www.wallendorff.com\/belogue\/wp-content\/uploads\/2015\/04\/201112081.jpg?resize=700%2C400&ssl=1 2x"},"classes":[]},{"id":22795,"url":"https:\/\/www.wallendorff.com\/belogue\/2014\/05\/19\/the-horrors-la-gaite-lyrique-paris-15-mai\/","url_meta":{"origin":13062,"position":1},"title":"The Horrors @ la Ga\u00eet\u00e9-Lyrique, Paris, 15 mai.","author":"dpc","date":"19 mai 2014","format":false,"excerpt":"Sea Within a Sea | Who Can Say | Scarlet Fields | In and Out of Sight | Endless Blue | I See You | Mirror's Image | Falling Star | So Now You Know | Still Life || Moving Further Away So Now You Know The Horrors \u00a0","rel":"","context":"Dans &quot;Alive&quot;","block_context":{"text":"Alive","link":"https:\/\/www.wallendorff.com\/belogue\/category\/alive\/"},"img":{"alt_text":"","src":"https:\/\/i0.wp.com\/www.wallendorff.com\/belogue\/wp-content\/uploads\/2015\/04\/201405191.jpg?resize=350%2C200&ssl=1","width":350,"height":200,"srcset":"https:\/\/i0.wp.com\/www.wallendorff.com\/belogue\/wp-content\/uploads\/2015\/04\/201405191.jpg?resize=350%2C200&ssl=1 1x, https:\/\/i0.wp.com\/www.wallendorff.com\/belogue\/wp-content\/uploads\/2015\/04\/201405191.jpg?resize=525%2C300&ssl=1 1.5x, https:\/\/i0.wp.com\/www.wallendorff.com\/belogue\/wp-content\/uploads\/2015\/04\/201405191.jpg?resize=700%2C400&ssl=1 2x"},"classes":[]},{"id":1162,"url":"https:\/\/www.wallendorff.com\/belogue\/2008\/02\/14\/sains-lamantins\/","url_meta":{"origin":13062,"position":2},"title":"Sains lamantins.","author":"dpc","date":"14 f\u00e9vrier 2008","format":false,"excerpt":"La rue, Paris, 8 janvier. Vu que c'est la journ\u00e9e de l'amour mercantile universel, j'en profite pour encenser la multitude de mes fans qui se sont cotis\u00e9s pour m'offrir cette fresque \u00e0 ma gloire sur le rideau de la boulangerie. Si, vraiment, je suis touch\u00e9 et quand je passe devant\u2026","rel":"","context":"Dans &quot;DPC&quot;","block_context":{"text":"DPC","link":"https:\/\/www.wallendorff.com\/belogue\/category\/dpc\/"},"img":{"alt_text":"","src":"https:\/\/i0.wp.com\/www.wallendorff.com\/belogue\/wp-content\/uploads\/2015\/04\/200802141.jpg?resize=350%2C200&ssl=1","width":350,"height":200},"classes":[]},{"id":4966,"url":"https:\/\/www.wallendorff.com\/belogue\/2009\/10\/31\/si-trouilles-sites-roux-ici-trouillent\/","url_meta":{"origin":13062,"position":3},"title":"Si t&rsquo;rouilles, sites roux ici trouillent.","author":"dpc","date":"31 octobre 2009","format":false,"excerpt":"Boulevard Voltaire, Paris, 22 mai. C'\u00e9tait un message de l'Association Fran\u00e7aise Cucurbitac\u00e9e. \u00a0The Horrors \u2013 Do You Remember?","rel":"","context":"Dans &quot;DPC&quot;","block_context":{"text":"DPC","link":"https:\/\/www.wallendorff.com\/belogue\/category\/dpc\/"},"img":{"alt_text":"","src":"https:\/\/i0.wp.com\/www.wallendorff.com\/belogue\/wp-content\/uploads\/2015\/04\/200910311.jpg?resize=350%2C200&ssl=1","width":350,"height":200},"classes":[]},{"id":22708,"url":"https:\/\/www.wallendorff.com\/belogue\/2014\/04\/14\/marche-eut-pile-amis\/","url_meta":{"origin":13062,"position":4},"title":"Marche eut pile amis.","author":"dpc","date":"14 avril 2014","format":false,"excerpt":"Rue \u00c9tienne-Dolet, Paris, 16 mars. So Now You Know The Horrors","rel":"","context":"Dans &quot;DPC&quot;","block_context":{"text":"DPC","link":"https:\/\/www.wallendorff.com\/belogue\/category\/dpc\/"},"img":{"alt_text":"","src":"https:\/\/i0.wp.com\/www.wallendorff.com\/belogue\/wp-content\/uploads\/2015\/04\/201404141.jpg?resize=350%2C200&ssl=1","width":350,"height":200,"srcset":"https:\/\/i0.wp.com\/www.wallendorff.com\/belogue\/wp-content\/uploads\/2015\/04\/201404141.jpg?resize=350%2C200&ssl=1 1x, https:\/\/i0.wp.com\/www.wallendorff.com\/belogue\/wp-content\/uploads\/2015\/04\/201404141.jpg?resize=525%2C300&ssl=1 1.5x, https:\/\/i0.wp.com\/www.wallendorff.com\/belogue\/wp-content\/uploads\/2015\/04\/201404141.jpg?resize=700%2C400&ssl=1 2x"},"classes":[]},{"id":5237,"url":"https:\/\/www.wallendorff.com\/belogue\/2009\/12\/04\/dont-give-up-stand-tall-this-is-your-hour\/","url_meta":{"origin":13062,"position":5},"title":"Don&rsquo;t give up, stand tall, this is your hour.","author":"dpc","date":"4 d\u00e9cembre 2009","format":false,"excerpt":"Agence centrale de la Soci\u00e9t\u00e9 G\u00e9n\u00e9rale, Paris, 20 septembre. \u00a0The Horrors \u2013 Three Decades [C'est tout pas droit c'est tout tordu C'est tout d'guingois c'est biscornu Le soir ma foi J'n'en dormais plus.] [Vais peut-\u00eatre soumettre cet \u00e9l\u00e9gant et \u00e9clair\u00e9 quatrain \u00e0 B\u00e9nabar, moi.]","rel":"","context":"Dans &quot;DPC&quot;","block_context":{"text":"DPC","link":"https:\/\/www.wallendorff.com\/belogue\/category\/dpc\/"},"img":{"alt_text":"","src":"https:\/\/i0.wp.com\/www.wallendorff.com\/belogue\/wp-content\/uploads\/2015\/04\/200912041.jpg?resize=350%2C200&ssl=1","width":350,"height":200},"classes":[]}],"_links":{"self":[{"href":"https:\/\/www.wallendorff.com\/belogue\/wp-json\/wp\/v2\/posts\/13062","targetHints":{"allow":["GET"]}}],"collection":[{"href":"https:\/\/www.wallendorff.com\/belogue\/wp-json\/wp\/v2\/posts"}],"about":[{"href":"https:\/\/www.wallendorff.com\/belogue\/wp-json\/wp\/v2\/types\/post"}],"author":[{"embeddable":true,"href":"https:\/\/www.wallendorff.com\/belogue\/wp-json\/wp\/v2\/users\/1"}],"replies":[{"embeddable":true,"href":"https:\/\/www.wallendorff.com\/belogue\/wp-json\/wp\/v2\/comments?post=13062"}],"version-history":[{"count":1,"href":"https:\/\/www.wallendorff.com\/belogue\/wp-json\/wp\/v2\/posts\/13062\/revisions"}],"predecessor-version":[{"id":14681,"href":"https:\/\/www.wallendorff.com\/belogue\/wp-json\/wp\/v2\/posts\/13062\/revisions\/14681"}],"wp:featuredmedia":[{"embeddable":true,"href":"https:\/\/www.wallendorff.com\/belogue\/wp-json\/wp\/v2\/media\/26207"}],"wp:attachment":[{"href":"https:\/\/www.wallendorff.com\/belogue\/wp-json\/wp\/v2\/media?parent=13062"}],"wp:term":[{"taxonomy":"category","embeddable":true,"href":"https:\/\/www.wallendorff.com\/belogue\/wp-json\/wp\/v2\/categories?post=13062"},{"taxonomy":"post_tag","embeddable":true,"href":"https:\/\/www.wallendorff.com\/belogue\/wp-json\/wp\/v2\/tags?post=13062"}],"curies":[{"name":"wp","href":"https:\/\/api.w.org\/{rel}","templated":true}]}}