{"id":13056,"date":"2011-07-26T11:49:57","date_gmt":"2011-07-26T09:49:57","guid":{"rendered":"http:\/\/www.po-l.com\/belogue\/?p=13056"},"modified":"2011-12-05T10:55:28","modified_gmt":"2011-12-05T08:55:28","slug":"shooting-people-87","status":"publish","type":"post","link":"https:\/\/www.wallendorff.com\/belogue\/2011\/07\/26\/shooting-people-87\/","title":{"rendered":"Shooting people #87."},"content":{"rendered":"\n<div id=\"photo\">\n<p><img decoding=\"async\" src=\"https:\/\/www.wallendorff.com\/belogue\/photo\/2011\/07\/20110726.jpg\" \/><br \/>\nPont des Arts, Paris, 15 juin.<\/p>\n<\/p><\/div>\n<div id=\"bandeson\">\n<p><img decoding=\"async\" src=\"https:\/\/www.wallendorff.com\/belogue\/photo\/pochettes\/e\/editors-you_dont_know_love.jpg\" align=\"left\" \/>&nbsp;<a href=\"http:\/\/www.editorsofficial.co.uk\">Editors<\/a> &ndash; <em>These Streets Are Still Home to Me<\/em> (version 2)        <\/p>\n<\/p><\/div>\n","protected":false},"excerpt":{"rendered":"<p>Pont des Arts, Paris, 15 juin. &nbsp;Editors &ndash; These Streets Are Still Home to Me (version 2)<\/p>\n","protected":false},"author":1,"featured_media":26206,"comment_status":"open","ping_status":"open","sticky":false,"template":"","format":"standard","meta":{"_acf_changed":false,"ngg_post_thumbnail":0,"jetpack_post_was_ever_published":false,"_jetpack_newsletter_access":"","_jetpack_dont_email_post_to_subs":false,"_jetpack_newsletter_tier_id":0,"_jetpack_memberships_contains_paywalled_content":false,"_jetpack_memberships_contains_paid_content":false,"footnotes":"","jetpack_publicize_message":"","jetpack_publicize_feature_enabled":true,"jetpack_social_post_already_shared":false,"jetpack_social_options":{"image_generator_settings":{"template":"highway","default_image_id":0,"font":"","enabled":false},"version":2}},"categories":[8],"tags":[10182,10250,1438,2615,10337,10340,10640,10120,10121,10323,10147,10098,10368,10673,10286,5105],"class_list":["post-13056","post","type-post","status-publish","format-standard","has-post-thumbnail","hentry","category-portraits","tag-10182","tag-10250","tag-ef-50-mm-f14-usm","tag-eos-5d-mark-ii","tag-editors","tag-fille","tag-fleuve","tag-france","tag-ile-de-france","tag-livres","tag-nuit","tag-paris","tag-pont-des-arts","tag-riviere","tag-seine","tag-these-streets-are-still-home-to-me"],"acf":[],"geo":{"latitude":48.8585587,"longitude":2.337604,"description":"Pont des Arts, 75001 Paris, France"},"jetpack_publicize_connections":[],"jetpack_featured_media_url":"https:\/\/www.wallendorff.com\/belogue\/wp-content\/uploads\/2015\/04\/201107261.jpg","jetpack_shortlink":"https:\/\/wp.me\/p3b35P-3oA","jetpack_sharing_enabled":true,"jetpack-related-posts":[{"id":12103,"url":"https:\/\/www.wallendorff.com\/belogue\/2011\/01\/28\/the-girl-on-the-bridge\/","url_meta":{"origin":13056,"position":0},"title":"The girl [on the bridge].","author":"dpc","date":"28 janvier 2011","format":false,"excerpt":"Pont des Arts, Paris, 22 d\u00e9cembre 2010. Yes, it is posed. It is not La fille sur le pont. There is no blond girl from who-knows-where taking pictures of the Seine with her phone. No Starbucks bag, no sneaking, no mystery, but the story of a Saturday night walk in\u2026","rel":"","context":"Dans &quot;Portraits&quot;","block_context":{"text":"Portraits","link":"https:\/\/www.wallendorff.com\/belogue\/category\/portraits\/"},"img":{"alt_text":"","src":"https:\/\/i0.wp.com\/www.wallendorff.com\/belogue\/wp-content\/uploads\/2015\/04\/201101281.jpg?resize=350%2C200&ssl=1","width":350,"height":200,"srcset":"https:\/\/i0.wp.com\/www.wallendorff.com\/belogue\/wp-content\/uploads\/2015\/04\/201101281.jpg?resize=350%2C200&ssl=1 1x, https:\/\/i0.wp.com\/www.wallendorff.com\/belogue\/wp-content\/uploads\/2015\/04\/201101281.jpg?resize=525%2C300&ssl=1 1.5x, https:\/\/i0.wp.com\/www.wallendorff.com\/belogue\/wp-content\/uploads\/2015\/04\/201101281.jpg?resize=700%2C400&ssl=1 2x"},"classes":[]},{"id":404,"url":"https:\/\/www.wallendorff.com\/belogue\/2005\/04\/16\/pont-dit-cheries\/","url_meta":{"origin":13056,"position":1},"title":"Pont dit ch&eacute;ries.","author":"dpc","date":"16 avril 2005","format":false,"excerpt":"Pont des Arts, Paris, 11 avril. \"The sun goes up and the sun goes down I drag myself into the town.\" \u00a0The Servant \u2013 Cells (acoustic)","rel":"","context":"Dans &quot;DPC&quot;","block_context":{"text":"DPC","link":"https:\/\/www.wallendorff.com\/belogue\/category\/dpc\/"},"img":{"alt_text":"","src":"https:\/\/i0.wp.com\/www.wallendorff.com\/belogue\/wp-content\/uploads\/2015\/04\/200504161.jpg?resize=350%2C200&ssl=1","width":350,"height":200},"classes":[]},{"id":12926,"url":"https:\/\/www.wallendorff.com\/belogue\/2011\/06\/23\/du-pont-la-jvois\/","url_meta":{"origin":13056,"position":2},"title":"Du pont l\u00e0 j&rsquo;vois.","author":"dpc","date":"23 juin 2011","format":false,"excerpt":"Pont des Arts, Paris, 21 mai. \u00a0Pearl Jam \u2013 Driftin'","rel":"","context":"Dans &quot;DPC&quot;","block_context":{"text":"DPC","link":"https:\/\/www.wallendorff.com\/belogue\/category\/dpc\/"},"img":{"alt_text":"","src":"https:\/\/i0.wp.com\/www.wallendorff.com\/belogue\/wp-content\/uploads\/2015\/04\/201106231.jpg?resize=350%2C200&ssl=1","width":350,"height":200},"classes":[]},{"id":16458,"url":"https:\/\/www.wallendorff.com\/belogue\/2012\/03\/20\/maux-quon-ttriple\/","url_meta":{"origin":13056,"position":3},"title":"Maux qu&rsquo;on t&rsquo;triple.","author":"dpc","date":"20 mars 2012","format":false,"excerpt":"Pont des Arts, Paris, 24 janvier. Moralit\u00e9\u00a0: Ne jamais s'aventurer sur le pont des Arts sans sa cl\u00e9-de-13-\u00e0-d\u00e9monter-les-poubelles. The Naked and Famous \u2013 No Way (Echo Mountain Recording, 02\/03\/2012)","rel":"","context":"Dans &quot;DPC&quot;","block_context":{"text":"DPC","link":"https:\/\/www.wallendorff.com\/belogue\/category\/dpc\/"},"img":{"alt_text":"","src":"https:\/\/i0.wp.com\/www.wallendorff.com\/belogue\/wp-content\/uploads\/2015\/04\/201203201.jpg?resize=350%2C200&ssl=1","width":350,"height":200,"srcset":"https:\/\/i0.wp.com\/www.wallendorff.com\/belogue\/wp-content\/uploads\/2015\/04\/201203201.jpg?resize=350%2C200&ssl=1 1x, https:\/\/i0.wp.com\/www.wallendorff.com\/belogue\/wp-content\/uploads\/2015\/04\/201203201.jpg?resize=525%2C300&ssl=1 1.5x, https:\/\/i0.wp.com\/www.wallendorff.com\/belogue\/wp-content\/uploads\/2015\/04\/201203201.jpg?resize=700%2C400&ssl=1 2x"},"classes":[]},{"id":36995,"url":"https:\/\/www.wallendorff.com\/belogue\/2018\/01\/15\/into-the-wide-130\/","url_meta":{"origin":13056,"position":4},"title":"Into the wide #130.","author":"dpc","date":"15 janvier 2018","format":false,"excerpt":"Quai Fran\u00e7ois-Mitterrand, Paris, 12 octobre 2017. Question of Faith Black Rebel Motorcycle Club","rel":"","context":"Dans &quot;Into the wide&quot;","block_context":{"text":"Into the wide","link":"https:\/\/www.wallendorff.com\/belogue\/category\/into-the-wide\/"},"img":{"alt_text":"","src":"https:\/\/i0.wp.com\/www.wallendorff.com\/belogue\/wp-content\/uploads\/2018\/01\/20180115.jpg?resize=350%2C200&ssl=1","width":350,"height":200,"srcset":"https:\/\/i0.wp.com\/www.wallendorff.com\/belogue\/wp-content\/uploads\/2018\/01\/20180115.jpg?resize=350%2C200&ssl=1 1x, https:\/\/i0.wp.com\/www.wallendorff.com\/belogue\/wp-content\/uploads\/2018\/01\/20180115.jpg?resize=525%2C300&ssl=1 1.5x, https:\/\/i0.wp.com\/www.wallendorff.com\/belogue\/wp-content\/uploads\/2018\/01\/20180115.jpg?resize=700%2C400&ssl=1 2x"},"classes":[]},{"id":20055,"url":"https:\/\/www.wallendorff.com\/belogue\/2013\/01\/09\/pis-a-prismes-31\/","url_meta":{"origin":13056,"position":5},"title":"Pis \u00e0 prismes #31.","author":"dpc","date":"9 janvier 2013","format":false,"excerpt":"Pont des Arts, Paris, 17 novembre 2012. Sympathetic Noose Black Rebel Motorcycle Club","rel":"","context":"Dans &quot;Pis \u00e0 prismes&quot;","block_context":{"text":"Pis \u00e0 prismes","link":"https:\/\/www.wallendorff.com\/belogue\/category\/pis-a-prismes\/"},"img":{"alt_text":"","src":"https:\/\/i0.wp.com\/www.wallendorff.com\/belogue\/wp-content\/uploads\/2015\/04\/201301091.jpg?resize=350%2C200&ssl=1","width":350,"height":200},"classes":[]}],"_links":{"self":[{"href":"https:\/\/www.wallendorff.com\/belogue\/wp-json\/wp\/v2\/posts\/13056","targetHints":{"allow":["GET"]}}],"collection":[{"href":"https:\/\/www.wallendorff.com\/belogue\/wp-json\/wp\/v2\/posts"}],"about":[{"href":"https:\/\/www.wallendorff.com\/belogue\/wp-json\/wp\/v2\/types\/post"}],"author":[{"embeddable":true,"href":"https:\/\/www.wallendorff.com\/belogue\/wp-json\/wp\/v2\/users\/1"}],"replies":[{"embeddable":true,"href":"https:\/\/www.wallendorff.com\/belogue\/wp-json\/wp\/v2\/comments?post=13056"}],"version-history":[{"count":1,"href":"https:\/\/www.wallendorff.com\/belogue\/wp-json\/wp\/v2\/posts\/13056\/revisions"}],"predecessor-version":[{"id":14682,"href":"https:\/\/www.wallendorff.com\/belogue\/wp-json\/wp\/v2\/posts\/13056\/revisions\/14682"}],"wp:featuredmedia":[{"embeddable":true,"href":"https:\/\/www.wallendorff.com\/belogue\/wp-json\/wp\/v2\/media\/26206"}],"wp:attachment":[{"href":"https:\/\/www.wallendorff.com\/belogue\/wp-json\/wp\/v2\/media?parent=13056"}],"wp:term":[{"taxonomy":"category","embeddable":true,"href":"https:\/\/www.wallendorff.com\/belogue\/wp-json\/wp\/v2\/categories?post=13056"},{"taxonomy":"post_tag","embeddable":true,"href":"https:\/\/www.wallendorff.com\/belogue\/wp-json\/wp\/v2\/tags?post=13056"}],"curies":[{"name":"wp","href":"https:\/\/api.w.org\/{rel}","templated":true}]}}