{"id":130417,"date":"2024-08-29T14:45:58","date_gmt":"2024-08-29T12:45:58","guid":{"rendered":"https:\/\/www.wallendorff.com\/belogue\/?p=130417"},"modified":"2024-08-29T15:13:13","modified_gmt":"2024-08-29T13:13:13","slug":"there-we-were-now-here-we-are","status":"publish","type":"post","link":"https:\/\/www.wallendorff.com\/belogue\/2024\/08\/29\/there-we-were-now-here-we-are\/","title":{"rendered":"There we were, now here we are."},"content":{"rendered":"\t\t<div data-elementor-type=\"wp-post\" data-elementor-id=\"130417\" class=\"elementor elementor-130417\" data-elementor-post-type=\"post\">\n\t\t\t\t\t\t<section class=\"elementor-section elementor-top-section elementor-element elementor-element-3fa07ccc elementor-section-boxed elementor-section-height-default elementor-section-height-default\" data-id=\"3fa07ccc\" data-element_type=\"section\" data-e-type=\"section\">\n\t\t\t\t\t\t<div class=\"elementor-container elementor-column-gap-default\">\n\t\t\t\t\t<div class=\"elementor-column elementor-col-100 elementor-top-column elementor-element elementor-element-33d74f7f\" data-id=\"33d74f7f\" data-element_type=\"column\" data-e-type=\"column\">\n\t\t\t<div class=\"elementor-widget-wrap elementor-element-populated\">\n\t\t\t\t\t\t<div class=\"elementor-element elementor-element-1c23ac00 elementor-widget elementor-widget-text-editor\" data-id=\"1c23ac00\" data-element_type=\"widget\" data-e-type=\"widget\" data-widget_type=\"text-editor.default\">\n\t\t\t\t<div class=\"elementor-widget-container\">\n\t\t\t\t\t\t\t\t\t<div id=\"photo\"><img decoding=\"async\" src=\"https:\/\/www.wallendorff.com\/belogue\/wp-content\/uploads\/2024\/08\/20240829-01.jpg\" \/><br \/>Rock en Seine, Domaine national de Saint-Cloud, 28 ao\u00fbt 2009.<\/div><p style=\"text-align: right;\">J\u2019ai photographi\u00e9 ces trois jeunes filles du premier rang du public de Rock en Seine le 28 ao\u00fbt 2009 \u00e0 21 h 59 min 41 s, juste avant le concert d\u2019Oasis, juste avant l\u2019annonce de la plus fameuse baston-\u00e0-coups-de-guitares-en- loges\u00b9 de l\u2019histoire, il y a pile 15-ans-plus-un-jour\u00b2. Elles avaient pass\u00e9 la journ\u00e9e enti\u00e8re l\u00e0, \u00e0 attendre le concert, et \u00e0 quelques minutes du d\u00e9but, elles rayonnaient.<\/p><div id=\"photo2\"><img decoding=\"async\" src=\"https:\/\/www.wallendorff.com\/belogue\/wp-content\/uploads\/2024\/08\/20240829-02.jpg\" \/><\/div><p style=\"text-align: right;\">Ci-dessus, c\u2019est la photo-pas-prise que je me rappelle le mieux de ces 20 derni\u00e8res ann\u00e9es : Les m\u00eames, quelques minutes plus tard, en larmes apr\u00e8s qu\u2019on leur ait annonc\u00e9 que 1\/ le concert est annul\u00e9 et 2\/ qu\u2019Oasis n\u2019existent plus\u00b3. Je me rappelle les avoir eues dans le cadre et ne pas avoir press\u00e9 le bouton. Pas le c\u0153ur. La sc\u00e8ne \u00e9tait trop triste. Donc pas de photo. Mais une sc\u00e8ne qui me colle au cerveau.<\/p><p style=\"text-align: right;\">Je ne sais pas o\u00f9 vous \u00eates aujourd\u2019hui, les trois jeunes filles, mais j\u2019esp\u00e8re que vous pourrez assister \u00e0 une des nouvelles dates. Les Gallagher vous doivent bien \u00e7a.<\/p><p style=\"text-align: right;\">Ce soir-l\u00e0 \u00e9tait ma premi\u00e8re occasion de photographier Oasis. J\u2019y tenais absolument, puisque c\u2019est un de mes groupes pr\u00e9f\u00e9r\u00e9s. Entre-temps j\u2019ai pu les photographier en pi\u00e8ce d\u00e9tach\u00e9es et les r\u00e9unir gr\u00e2ce \u00e0 un fort d\u00e9brouillard stratag\u00e8me\u2074 donc, entre nous, je n&rsquo;en ressens plus gu\u00e8re le besoin.<\/p><div id=\"photo2\"><img decoding=\"async\" src=\"https:\/\/www.wallendorff.com\/belogue\/wp-content\/uploads\/2024\/08\/20240829-03.jpg\" \/><\/div><p>\u00a0<\/p><p>\u00a0<\/p><p>\u00a0<\/p><p>\u00a0<\/p><p>\u00a0<\/p><p style=\"text-align: right;\">[Mais bon je dis \u00e7a je dis \u00e7a mais si jamais vous cherchez un photographe pour ces dates de 2025, Oasis, je suis dispo.]<\/p><p>\u00a0<\/p><p>\u00a0<\/p><p>\u00a0<\/p><p>_____<\/p><div id=\"bas_note\"><p>\u00b9 Une discipline qu\u2019on aurait d\u2019ailleurs d\u00fb programmer aux JO pour marquer le coup, mais passons.<\/p><p>\u00b2 Curieusement j\u2019\u00e9tais persuad\u00e9 les \u00e9v\u00e8nements s\u2019\u00e9taient d\u00e9roul\u00e9s le 29 ao\u00fbt 2009, pas le 28. Comme quoi la m\u00e9moire peut souvent jouer des tours.<\/p><p>\u00b3 Je n\u2019ai d\u2019ailleurs jamais compris pourquoi il avait absolument fallu pr\u00e9ciser tout de suite qu\u2019Oasis n\u2019existaient plus. \u00c7a tient du sadisme.<\/p><p>\u2074 Qui date de 2018 avant qu\u2019on ait l\u2019IA faites preuve d\u2019indulgence s\u2019il vous pla\u00eet.<\/p><\/div>\t\t\t\t\t\t\t\t<\/div>\n\t\t\t\t<\/div>\n\t\t\t\t\t<\/div>\n\t\t<\/div>\n\t\t\t\t\t<\/div>\n\t\t<\/section>\n\t\t\t\t<\/div>\n\t\t","protected":false},"excerpt":{"rendered":"<p>Rock en Seine, Domaine national de Saint-Cloud, 28 ao\u00fbt 2009. J\u2019ai photographi\u00e9 ces trois jeunes filles du premier rang du public de Rock en Seine le 28 ao\u00fbt 2009 \u00e0 21 h 59 min 41 s, juste avant le concert d\u2019Oasis, juste avant l\u2019annonce de la plus fameuse baston-\u00e0-coups-de-guitares-en- loges\u00b9 de l\u2019histoire, il y a&hellip;<\/p>\n","protected":false},"author":1,"featured_media":130423,"comment_status":"open","ping_status":"open","sticky":false,"template":"","format":"standard","meta":{"_acf_changed":false,"ngg_post_thumbnail":0,"jetpack_post_was_ever_published":false,"_jetpack_newsletter_access":"","_jetpack_dont_email_post_to_subs":false,"_jetpack_newsletter_tier_id":0,"_jetpack_memberships_contains_paywalled_content":false,"_jetpack_memberships_contains_paid_content":false,"footnotes":"","jetpack_publicize_message":"","jetpack_publicize_feature_enabled":true,"jetpack_social_post_already_shared":true,"jetpack_social_options":{"image_generator_settings":{"template":"highway","default_image_id":0,"font":"","enabled":false},"version":2}},"categories":[7],"tags":[10084,181,2615,10581,10120,10353,10121,408,10133,10580,10570],"class_list":["post-130417","post","type-post","status-publish","format-standard","has-post-thumbnail","hentry","category-alive","tag-alive","tag-ef-70-200-mm-f28l-usm","tag-eos-5d-mark-ii","tag-domaine-national-de-saint-cloud","tag-france","tag-hauts-de-seine","tag-ile-de-france","tag-oasis","tag-rock-en-seine","tag-rock-en-seine-2009","tag-saint-cloud"],"acf":[],"geo":{"latitude":48.8313904,"longitude":2.2213197,"description":"Parc de Saint-Cloud, 92210 Saint-Cloud, France"},"jetpack_publicize_connections":[],"jetpack_featured_media_url":"https:\/\/www.wallendorff.com\/belogue\/wp-content\/uploads\/2024\/08\/20240829-01.jpg","jetpack_shortlink":"https:\/\/wp.me\/p3b35P-xVv","jetpack_sharing_enabled":true,"jetpack-related-posts":[{"id":3375,"url":"https:\/\/www.wallendorff.com\/belogue\/2008\/09\/04\/the-raconteurs-rock-en-seine-domaine-national-de-saint-cloud-29-aout\/","url_meta":{"origin":130417,"position":0},"title":"The Raconteurs @ Rock en Seine, Domaine National de Saint-Cloud, 29 ao\u00fbt.","author":"dpc","date":"4 septembre 2008","format":false,"excerpt":"Jack White est beau. Kate Nash \u2013 I'm Not Gonna Teach Your Boyfriend How To Dance With You (Black Kids cover)","rel":"","context":"Dans &quot;Alive&quot;","block_context":{"text":"Alive","link":"https:\/\/www.wallendorff.com\/belogue\/category\/alive\/"},"img":{"alt_text":"","src":"https:\/\/i0.wp.com\/www.wallendorff.com\/belogue\/wp-content\/uploads\/2015\/04\/200809041.jpg?resize=350%2C200&ssl=1","width":350,"height":200,"srcset":"https:\/\/i0.wp.com\/www.wallendorff.com\/belogue\/wp-content\/uploads\/2015\/04\/200809041.jpg?resize=350%2C200&ssl=1 1x, https:\/\/i0.wp.com\/www.wallendorff.com\/belogue\/wp-content\/uploads\/2015\/04\/200809041.jpg?resize=525%2C300&ssl=1 1.5x, https:\/\/i0.wp.com\/www.wallendorff.com\/belogue\/wp-content\/uploads\/2015\/04\/200809041.jpg?resize=700%2C400&ssl=1 2x"},"classes":[]},{"id":53440,"url":"https:\/\/www.wallendorff.com\/belogue\/2022\/10\/31\/rock-en-seine-saint-cloud-27-aout-2022\/","url_meta":{"origin":130417,"position":1},"title":"Rock en Seine, Saint-Cloud, 27 ao\u00fbt 2022.","author":"dpc","date":"31 octobre 2022","format":false,"excerpt":"","rel":"","context":"Dans &quot;Alive&quot;","block_context":{"text":"Alive","link":"https:\/\/www.wallendorff.com\/belogue\/category\/alive\/"},"img":{"alt_text":"","src":"https:\/\/i0.wp.com\/www.wallendorff.com\/belogue\/wp-content\/uploads\/2022\/10\/20221031-20.jpg?resize=350%2C200&ssl=1","width":350,"height":200,"srcset":"https:\/\/i0.wp.com\/www.wallendorff.com\/belogue\/wp-content\/uploads\/2022\/10\/20221031-20.jpg?resize=350%2C200&ssl=1 1x, https:\/\/i0.wp.com\/www.wallendorff.com\/belogue\/wp-content\/uploads\/2022\/10\/20221031-20.jpg?resize=525%2C300&ssl=1 1.5x, https:\/\/i0.wp.com\/www.wallendorff.com\/belogue\/wp-content\/uploads\/2022\/10\/20221031-20.jpg?resize=700%2C400&ssl=1 2x, https:\/\/i0.wp.com\/www.wallendorff.com\/belogue\/wp-content\/uploads\/2022\/10\/20221031-20.jpg?resize=1050%2C600&ssl=1 3x"},"classes":[]},{"id":6137,"url":"https:\/\/www.wallendorff.com\/belogue\/2010\/01\/19\/la-vint-juste-yves-il-aimoie-rien1\/","url_meta":{"origin":130417,"position":2},"title":"L\u00e0 vint juste Yves. Il aimoit rien1.","author":"dpc","date":"19 janvier 2010","format":false,"excerpt":"Cath\u00e9drale Notre-Dame, Strasbourg, 26 d\u00e9cembre 2009. \u00a0The Greenhornes \u2013 No More Je sais, je sais, elle rappelle beaucoup celle-l\u00e0 mais c'est pas moi m'dame c'est la faute des Greenhornes. [Des Greenhornes qui, soit dit en passant, seraient bien avis\u00e9s de nous refaire un disque avant qu'on use celui-l\u00e0 jusqu'\u00e0 la\u2026","rel":"","context":"Dans &quot;DPC&quot;","block_context":{"text":"DPC","link":"https:\/\/www.wallendorff.com\/belogue\/category\/dpc\/"},"img":{"alt_text":"","src":"https:\/\/i0.wp.com\/www.wallendorff.com\/belogue\/wp-content\/uploads\/2015\/04\/201001191.jpg?resize=350%2C200&ssl=1","width":350,"height":200},"classes":[]},{"id":128543,"url":"https:\/\/www.wallendorff.com\/belogue\/2024\/06\/21\/cetait-2013\/","url_meta":{"origin":130417,"position":3},"title":"C&rsquo;\u00e9tait 2013.","author":"dpc","date":"21 juin 2024","format":false,"excerpt":"2013, perspectives. Paris, 11 janvier 2013. Black Rebel Motorcycle Club, Paris, 06 f\u00e9vrier 2013 Bloc Party @ le Z\u00e9nith, Paris, 20 f\u00e9vrier 2013 Paris, 26 f\u00e9vrier 2013. Roissy-en-France, 20 mai 2013. Haim, Paris, 02 juin 2013 Muse @ Stade de France, Saint-Denis, 21 juin 2013 Amanvillers, 23 juin 2013. Blur\u2026","rel":"","context":"Dans &quot;DPC&quot;","block_context":{"text":"DPC","link":"https:\/\/www.wallendorff.com\/belogue\/category\/dpc\/"},"img":{"alt_text":"","src":"https:\/\/i0.wp.com\/www.wallendorff.com\/belogue\/wp-content\/uploads\/2024\/06\/20240621-08.jpg?resize=350%2C200&ssl=1","width":350,"height":200,"srcset":"https:\/\/i0.wp.com\/www.wallendorff.com\/belogue\/wp-content\/uploads\/2024\/06\/20240621-08.jpg?resize=350%2C200&ssl=1 1x, https:\/\/i0.wp.com\/www.wallendorff.com\/belogue\/wp-content\/uploads\/2024\/06\/20240621-08.jpg?resize=525%2C300&ssl=1 1.5x, https:\/\/i0.wp.com\/www.wallendorff.com\/belogue\/wp-content\/uploads\/2024\/06\/20240621-08.jpg?resize=700%2C400&ssl=1 2x, https:\/\/i0.wp.com\/www.wallendorff.com\/belogue\/wp-content\/uploads\/2024\/06\/20240621-08.jpg?resize=1050%2C600&ssl=1 3x"},"classes":[]},{"id":1257,"url":"https:\/\/www.wallendorff.com\/belogue\/2008\/06\/25\/daisybox-la-boule-noire-paris\/","url_meta":{"origin":130417,"position":4},"title":"Daisybox @ la Boule Noire, Paris.","author":"dpc","date":"25 juin 2008","format":false,"excerpt":"\u00a0Max\u00efmo Park \u2013 By the Monument","rel":"","context":"Dans &quot;Alive&quot;","block_context":{"text":"Alive","link":"https:\/\/www.wallendorff.com\/belogue\/category\/alive\/"},"img":{"alt_text":"","src":"https:\/\/i0.wp.com\/www.wallendorff.com\/belogue\/wp-content\/uploads\/2015\/04\/200806251.jpg?resize=350%2C200&ssl=1","width":350,"height":200,"srcset":"https:\/\/i0.wp.com\/www.wallendorff.com\/belogue\/wp-content\/uploads\/2015\/04\/200806251.jpg?resize=350%2C200&ssl=1 1x, https:\/\/i0.wp.com\/www.wallendorff.com\/belogue\/wp-content\/uploads\/2015\/04\/200806251.jpg?resize=525%2C300&ssl=1 1.5x, https:\/\/i0.wp.com\/www.wallendorff.com\/belogue\/wp-content\/uploads\/2015\/04\/200806251.jpg?resize=700%2C400&ssl=1 2x"},"classes":[]},{"id":1243,"url":"https:\/\/www.wallendorff.com\/belogue\/2008\/06\/06\/mission-accomplie\/","url_meta":{"origin":130417,"position":5},"title":"Mission accomplie.","author":"dpc","date":"6 juin 2008","format":false,"excerpt":"Annecy, 6 juin. On va dire. \u00a0Eddie Vedder \u2013 Guaranteed (Humming vocals)","rel":"","context":"Dans &quot;DPC&quot;","block_context":{"text":"DPC","link":"https:\/\/www.wallendorff.com\/belogue\/category\/dpc\/"},"img":{"alt_text":"","src":"https:\/\/i0.wp.com\/www.wallendorff.com\/belogue\/wp-content\/uploads\/2015\/04\/200806061.jpg?resize=350%2C200&ssl=1","width":350,"height":200,"srcset":"https:\/\/i0.wp.com\/www.wallendorff.com\/belogue\/wp-content\/uploads\/2015\/04\/200806061.jpg?resize=350%2C200&ssl=1 1x, https:\/\/i0.wp.com\/www.wallendorff.com\/belogue\/wp-content\/uploads\/2015\/04\/200806061.jpg?resize=525%2C300&ssl=1 1.5x, https:\/\/i0.wp.com\/www.wallendorff.com\/belogue\/wp-content\/uploads\/2015\/04\/200806061.jpg?resize=700%2C400&ssl=1 2x"},"classes":[]}],"_links":{"self":[{"href":"https:\/\/www.wallendorff.com\/belogue\/wp-json\/wp\/v2\/posts\/130417","targetHints":{"allow":["GET"]}}],"collection":[{"href":"https:\/\/www.wallendorff.com\/belogue\/wp-json\/wp\/v2\/posts"}],"about":[{"href":"https:\/\/www.wallendorff.com\/belogue\/wp-json\/wp\/v2\/types\/post"}],"author":[{"embeddable":true,"href":"https:\/\/www.wallendorff.com\/belogue\/wp-json\/wp\/v2\/users\/1"}],"replies":[{"embeddable":true,"href":"https:\/\/www.wallendorff.com\/belogue\/wp-json\/wp\/v2\/comments?post=130417"}],"version-history":[{"count":20,"href":"https:\/\/www.wallendorff.com\/belogue\/wp-json\/wp\/v2\/posts\/130417\/revisions"}],"predecessor-version":[{"id":130440,"href":"https:\/\/www.wallendorff.com\/belogue\/wp-json\/wp\/v2\/posts\/130417\/revisions\/130440"}],"wp:featuredmedia":[{"embeddable":true,"href":"https:\/\/www.wallendorff.com\/belogue\/wp-json\/wp\/v2\/media\/130423"}],"wp:attachment":[{"href":"https:\/\/www.wallendorff.com\/belogue\/wp-json\/wp\/v2\/media?parent=130417"}],"wp:term":[{"taxonomy":"category","embeddable":true,"href":"https:\/\/www.wallendorff.com\/belogue\/wp-json\/wp\/v2\/categories?post=130417"},{"taxonomy":"post_tag","embeddable":true,"href":"https:\/\/www.wallendorff.com\/belogue\/wp-json\/wp\/v2\/tags?post=130417"}],"curies":[{"name":"wp","href":"https:\/\/api.w.org\/{rel}","templated":true}]}}