{"id":13041,"date":"2011-07-21T12:32:10","date_gmt":"2011-07-21T10:32:10","guid":{"rendered":"http:\/\/www.po-l.com\/belogue\/?p=13041"},"modified":"2012-04-04T09:44:36","modified_gmt":"2012-04-04T07:44:36","slug":"coude-a-retz","status":"publish","type":"post","link":"https:\/\/www.wallendorff.com\/belogue\/2011\/07\/21\/coude-a-retz\/","title":{"rendered":"Coude \u00e0 Retz."},"content":{"rendered":"\n<div id=\"photo\">\n<p><img decoding=\"async\" src=\"https:\/\/www.wallendorff.com\/belogue\/photo\/2011\/07\/20110721.jpg\" \/><br \/>\nParis, 12 juin.<\/p>\n<\/p><\/div>\n<div id=\"bandeson\">\n<p><img decoding=\"async\" src=\"https:\/\/www.wallendorff.com\/belogue\/photo\/pochettes\/d\/death_cab_for_cutie-codes_and_keys.jpg\" align=\"left\" \/>&nbsp;<a href=\"http:\/\/www.deathcabforcutie.com\/\">Death Cab for Cutie<\/a> &ndash; <em>St. Peter&rsquo;s Cathedral<\/em><\/p>\n<\/p><\/div>\n","protected":false},"excerpt":{"rendered":"<p>Paris, 12 juin. &nbsp;Death Cab for Cutie &ndash; St. Peter&rsquo;s Cathedral<\/p>\n","protected":false},"author":1,"featured_media":26202,"comment_status":"open","ping_status":"open","sticky":false,"template":"","format":"standard","meta":{"_acf_changed":false,"ngg_post_thumbnail":0,"jetpack_post_was_ever_published":false,"_jetpack_newsletter_access":"","_jetpack_dont_email_post_to_subs":false,"_jetpack_newsletter_tier_id":0,"_jetpack_memberships_contains_paywalled_content":false,"_jetpack_memberships_contains_paid_content":false,"footnotes":"","jetpack_publicize_message":"","jetpack_publicize_feature_enabled":true,"jetpack_social_post_already_shared":false,"jetpack_social_options":{"image_generator_settings":{"template":"highway","default_image_id":0,"font":"","enabled":false},"version":2}},"categories":[3],"tags":[10336,2571,2615,215,10120,10668,5099,10828,10121,10098,10416,5100,1587,5101],"class_list":["post-13041","post","type-post","status-publish","format-standard","has-post-thumbnail","hentry","category-dpc","tag-10336","tag-ef-16-35-mm-f28l-ii-usm","tag-eos-5d-mark-ii","tag-death-cab-for-cutie","tag-france","tag-graffiti","tag-hotel-de-retz","tag-hotel-particulier","tag-ile-de-france","tag-paris","tag-passage","tag-passage-de-retz","tag-rue-charlot","tag-st-peters-cathedral"],"acf":[],"geo":{"latitude":48.8614845,"longitude":2.3603649,"description":"9 Rue Charlot, 75003 Paris, France"},"jetpack_publicize_connections":[],"jetpack_featured_media_url":"https:\/\/www.wallendorff.com\/belogue\/wp-content\/uploads\/2015\/04\/201107211.jpg","jetpack_shortlink":"https:\/\/wp.me\/p3b35P-3ol","jetpack_sharing_enabled":true,"jetpack-related-posts":[{"id":5034,"url":"https:\/\/www.wallendorff.com\/belogue\/2009\/11\/15\/cryptique\/","url_meta":{"origin":13041,"position":0},"title":"Cryptique.","author":"dpc","date":"15 novembre 2009","format":false,"excerpt":"Coll\u00e8ge des Bernardins, Paris, 25 juillet. \u00a0Death Cab for Cutie \u2013 Meet Me on the Equinox","rel":"","context":"Dans &quot;DPC&quot;","block_context":{"text":"DPC","link":"https:\/\/www.wallendorff.com\/belogue\/category\/dpc\/"},"img":{"alt_text":"","src":"https:\/\/i0.wp.com\/www.wallendorff.com\/belogue\/wp-content\/uploads\/2015\/04\/200911151.jpg?resize=350%2C200&ssl=1","width":350,"height":200},"classes":[]},{"id":11585,"url":"https:\/\/www.wallendorff.com\/belogue\/2011\/01\/13\/parc-mont-seau\/","url_meta":{"origin":13041,"position":1},"title":"Parc mont-seau.","author":"dpc","date":"13 janvier 2011","format":false,"excerpt":"Rue du Mont-Cenis, Paris, 20 novembre 2010. \u00ab\u00a0Mont-seau\u00a0\u00bb parce qu'au milieu du square il y a un ch\u00e2teau d'eau et que \u00e7a sonne comme Monceau. D'o\u00f9 dr\u00f4le, d'o\u00f9 lol mdr rophlmao poney poney. Enfin normalement. Hum. \u00a0Amanda Palmer \u2013 I Will Follow You into the Dark (Death Cab for Cutie\u2026","rel":"","context":"Dans &quot;DPC&quot;","block_context":{"text":"DPC","link":"https:\/\/www.wallendorff.com\/belogue\/category\/dpc\/"},"img":{"alt_text":"","src":"https:\/\/i0.wp.com\/www.wallendorff.com\/belogue\/wp-content\/uploads\/2015\/04\/201101131.jpg?resize=350%2C200&ssl=1","width":350,"height":200},"classes":[]},{"id":1402,"url":"https:\/\/www.wallendorff.com\/belogue\/2008\/07\/14\/there-is-a-light-that-never-goes-out-2\/","url_meta":{"origin":13041,"position":2},"title":"There Is a Light That Never Goes Out.","author":"dpc","date":"14 juillet 2008","format":false,"excerpt":"Paris, 13 juillet. \u00a0 Death Cab for Cutie \u2013 There Is a Light That Never Goes Out (The Smiths cover, Radio 104.5 session)","rel":"","context":"Dans &quot;DPC&quot;","block_context":{"text":"DPC","link":"https:\/\/www.wallendorff.com\/belogue\/category\/dpc\/"},"img":{"alt_text":"","src":"https:\/\/i0.wp.com\/www.wallendorff.com\/belogue\/wp-content\/uploads\/2015\/04\/200807141.jpg?resize=350%2C200&ssl=1","width":350,"height":200,"srcset":"https:\/\/i0.wp.com\/www.wallendorff.com\/belogue\/wp-content\/uploads\/2015\/04\/200807141.jpg?resize=350%2C200&ssl=1 1x, https:\/\/i0.wp.com\/www.wallendorff.com\/belogue\/wp-content\/uploads\/2015\/04\/200807141.jpg?resize=525%2C300&ssl=1 1.5x, https:\/\/i0.wp.com\/www.wallendorff.com\/belogue\/wp-content\/uploads\/2015\/04\/200807141.jpg?resize=700%2C400&ssl=1 2x"},"classes":[]},{"id":7326,"url":"https:\/\/www.wallendorff.com\/belogue\/2010\/04\/01\/christ-maison-cedant-rieur-paix-nuls-tiennent-mes-pas-depie-ressent-dmanne\/","url_meta":{"origin":13041,"position":3},"title":"Christ, maison, c\u00e9dant, rieur, paix nuls tiennent, mes pas d&rsquo;\u00e9pi\u00e9, Ressent d&rsquo;manne1.","author":"dpc","date":"1 avril 2010","format":false,"excerpt":"Anth\u00e9e, 13 mars. Puisque qu'on passe par ses terres, j'en profite pour faire un peu de r\u00e9clame pour l'Hugues van Rymenam qui depuis 1996, c'est \u00e0 dire bien avant l'invention du blog, du photoblog et des Jonas Brothers, r\u00f4de en Ardenne belge et fran\u00e7aise et poste tous les jours une\u2026","rel":"","context":"Dans &quot;DPC&quot;","block_context":{"text":"DPC","link":"https:\/\/www.wallendorff.com\/belogue\/category\/dpc\/"},"img":{"alt_text":"","src":"https:\/\/i0.wp.com\/www.wallendorff.com\/belogue\/wp-content\/uploads\/2015\/04\/201004011.jpg?resize=350%2C200&ssl=1","width":350,"height":200},"classes":[]},{"id":12207,"url":"https:\/\/www.wallendorff.com\/belogue\/2011\/02\/07\/etage-ma-halle\/","url_meta":{"origin":13041,"position":4},"title":"\u00c9tage [ma halle].","author":"dpc","date":"7 f\u00e9vrier 2011","format":false,"excerpt":"Cit\u00e9 l'Argentine, Paris, 8 janvier. C'est tellement plus beau, les gens de dos. \u00a0Kasabian \u2013 Secret Alphabets","rel":"","context":"Dans &quot;DPC&quot;","block_context":{"text":"DPC","link":"https:\/\/www.wallendorff.com\/belogue\/category\/dpc\/"},"img":{"alt_text":"","src":"https:\/\/i0.wp.com\/www.wallendorff.com\/belogue\/wp-content\/uploads\/2015\/04\/201102071.jpg?resize=350%2C200&ssl=1","width":350,"height":200},"classes":[]},{"id":5139,"url":"https:\/\/www.wallendorff.com\/belogue\/2009\/11\/22\/riz-noce-rose\/","url_meta":{"origin":13041,"position":5},"title":"Riz n\u00f4\u00e7\u00e9 r\u00f4se.","author":"dpc","date":"22 novembre 2009","format":false,"excerpt":"Passage Lhomme, Paris, 1er ao\u00fbt. \u00a0Sad Day for Puppets \u2013 Last Night Sans conteste le titre le plus pourri de l'histoire, mais on a le droit c'est dimanche, hein.","rel":"","context":"Dans &quot;DPC&quot;","block_context":{"text":"DPC","link":"https:\/\/www.wallendorff.com\/belogue\/category\/dpc\/"},"img":{"alt_text":"","src":"https:\/\/i0.wp.com\/www.wallendorff.com\/belogue\/wp-content\/uploads\/2015\/04\/200911221.jpg?resize=350%2C200&ssl=1","width":350,"height":200},"classes":[]}],"_links":{"self":[{"href":"https:\/\/www.wallendorff.com\/belogue\/wp-json\/wp\/v2\/posts\/13041","targetHints":{"allow":["GET"]}}],"collection":[{"href":"https:\/\/www.wallendorff.com\/belogue\/wp-json\/wp\/v2\/posts"}],"about":[{"href":"https:\/\/www.wallendorff.com\/belogue\/wp-json\/wp\/v2\/types\/post"}],"author":[{"embeddable":true,"href":"https:\/\/www.wallendorff.com\/belogue\/wp-json\/wp\/v2\/users\/1"}],"replies":[{"embeddable":true,"href":"https:\/\/www.wallendorff.com\/belogue\/wp-json\/wp\/v2\/comments?post=13041"}],"version-history":[{"count":1,"href":"https:\/\/www.wallendorff.com\/belogue\/wp-json\/wp\/v2\/posts\/13041\/revisions"}],"predecessor-version":[{"id":16675,"href":"https:\/\/www.wallendorff.com\/belogue\/wp-json\/wp\/v2\/posts\/13041\/revisions\/16675"}],"wp:featuredmedia":[{"embeddable":true,"href":"https:\/\/www.wallendorff.com\/belogue\/wp-json\/wp\/v2\/media\/26202"}],"wp:attachment":[{"href":"https:\/\/www.wallendorff.com\/belogue\/wp-json\/wp\/v2\/media?parent=13041"}],"wp:term":[{"taxonomy":"category","embeddable":true,"href":"https:\/\/www.wallendorff.com\/belogue\/wp-json\/wp\/v2\/categories?post=13041"},{"taxonomy":"post_tag","embeddable":true,"href":"https:\/\/www.wallendorff.com\/belogue\/wp-json\/wp\/v2\/tags?post=13041"}],"curies":[{"name":"wp","href":"https:\/\/api.w.org\/{rel}","templated":true}]}}