{"id":13002,"date":"2011-07-12T10:16:57","date_gmt":"2011-07-12T08:16:57","guid":{"rendered":"http:\/\/www.po-l.com\/belogue\/?p=13002"},"modified":"2011-12-23T12:10:10","modified_gmt":"2011-12-23T10:10:10","slug":"previously-unreleased-881","status":"publish","type":"post","link":"https:\/\/www.wallendorff.com\/belogue\/2011\/07\/12\/previously-unreleased-881\/","title":{"rendered":"Previously unreleased #88<sup>1<\/sup>."},"content":{"rendered":"\n<div id=\"photo\">\n<p><img decoding=\"async\" src=\"https:\/\/www.wallendorff.com\/belogue\/photo\/2011\/07\/20110712.jpg\" \/><br \/>\nIron Maiden, Palais Omnisports de Paris-Bercy, 28 juin.<\/p>\n<\/p><\/div>\n<p style=\"text-align:right\">Le 28 juin 2011 restera dans les m&eacute;moires comme &laquo;&nbsp;le jour o&ugrave; Janick Gers a failli m&rsquo;enfoncer sa Stratocast&egrave;re dans le 16-35&nbsp;&raquo;.<\/p>\n<div id=\"bandeson\">\n<p><img decoding=\"async\" src=\"https:\/\/www.wallendorff.com\/belogue\/photo\/pochettes\/m\/muse-uno.jpg\" align=\"left\" \/>&nbsp;<a href=\"http:\/\/www.muse.mu\">Muse<\/a> &ndash; <em>Agitated<\/em><\/p>\n<\/p><\/div>\n<div id=\"bas_note\">\n<p>_____ <\/p>\n<p>1. Tradition trop super from chez <a href=\"http:\/\/julietterobert.com\/blog\/\">Juliette Robert<\/a>.<\/p>\n<\/div>\n","protected":false},"excerpt":{"rendered":"<p>Iron Maiden, Palais Omnisports de Paris-Bercy, 28 juin. Le 28 juin 2011 restera dans les m&eacute;moires comme &laquo;&nbsp;le jour o&ugrave; Janick Gers a failli m&rsquo;enfoncer sa Stratocast&egrave;re dans le 16-35&nbsp;&raquo;. &nbsp;Muse &ndash; Agitated _____ 1. Tradition trop super from chez Juliette Robert.<\/p>\n","protected":false},"author":1,"featured_media":26195,"comment_status":"open","ping_status":"open","sticky":false,"template":"","format":"standard","meta":{"_acf_changed":false,"ngg_post_thumbnail":0,"jetpack_post_was_ever_published":false,"_jetpack_newsletter_access":"","_jetpack_dont_email_post_to_subs":false,"_jetpack_newsletter_tier_id":0,"_jetpack_memberships_contains_paywalled_content":false,"_jetpack_memberships_contains_paid_content":false,"footnotes":"","jetpack_publicize_message":"","jetpack_publicize_feature_enabled":true,"jetpack_social_post_already_shared":false,"jetpack_social_options":{"image_generator_settings":{"template":"highway","default_image_id":0,"font":"","enabled":false},"version":2}},"categories":[5],"tags":[10840,10271,5089,10084,2571,2615,10120,10192,10121,10209,5088,10090,10409,10098],"class_list":["post-13002","post","type-post","status-publish","format-standard","has-post-thumbnail","hentry","category-previously-unreleased","tag-10840","tag-10271","tag-agitated","tag-alive","tag-ef-16-35-mm-f28l-ii-usm","tag-eos-5d-mark-ii","tag-france","tag-guitare","tag-ile-de-france","tag-iron-maiden","tag-janick-gers","tag-muse","tag-palais-omnisports-de-paris-bercy","tag-paris"],"acf":[],"geo":{"latitude":48.8384476,"longitude":2.3781002,"description":null},"jetpack_publicize_connections":[],"jetpack_featured_media_url":"https:\/\/www.wallendorff.com\/belogue\/wp-content\/uploads\/2015\/04\/201107121.jpg","jetpack_shortlink":"https:\/\/wp.me\/p3b35P-3nI","jetpack_sharing_enabled":true,"jetpack-related-posts":[{"id":12944,"url":"https:\/\/www.wallendorff.com\/belogue\/2011\/06\/29\/iron-maiden-rise-to-remain-palais-omnisports-de-paris-bercy\/","url_meta":{"origin":13002,"position":0},"title":"Iron Maiden + Rise to Remain @ Palais omnisports de Paris-Bercy.","author":"dpc","date":"29 juin 2011","format":false,"excerpt":"[Doctor, Doctor (UFO)] | Satellite 15... The Final Frontier | El Dorado | 2 Minutes to Midnight | The Talisman | Coming Home | Dance of Death | The Trooper | The Wicker Man | Blood Brothers | When the Wild Wind Blows | The Evil That Men Do |\u2026","rel":"","context":"Dans &quot;Alive&quot;","block_context":{"text":"Alive","link":"https:\/\/www.wallendorff.com\/belogue\/category\/alive\/"},"img":{"alt_text":"","src":"https:\/\/i0.wp.com\/www.wallendorff.com\/belogue\/wp-content\/uploads\/2015\/04\/201106291.jpg?resize=350%2C200&ssl=1","width":350,"height":200,"srcset":"https:\/\/i0.wp.com\/www.wallendorff.com\/belogue\/wp-content\/uploads\/2015\/04\/201106291.jpg?resize=350%2C200&ssl=1 1x, https:\/\/i0.wp.com\/www.wallendorff.com\/belogue\/wp-content\/uploads\/2015\/04\/201106291.jpg?resize=525%2C300&ssl=1 1.5x, https:\/\/i0.wp.com\/www.wallendorff.com\/belogue\/wp-content\/uploads\/2015\/04\/201106291.jpg?resize=700%2C400&ssl=1 2x"},"classes":[]},{"id":128329,"url":"https:\/\/www.wallendorff.com\/belogue\/2024\/06\/14\/cetait-2006\/","url_meta":{"origin":13002,"position":1},"title":"C&rsquo;\u00e9tait 2006.","author":"dpc","date":"14 juin 2024","format":false,"excerpt":"62 concerts en 2006. \u00c7a explique la nature de la galerie de l'ann\u00e9e. Arctic Monkeys @ le Trabendo, Paris, 24 f\u00e9vrier 2006 Londres, 3 mars 2006 Londres, 28 avril 2006 Arctic Monkeys @ le Bataclan, Paris, 2 mai 2006 Dresden Dolls @ le Bataclan, Paris, 18 mai 2006 Asyl @\u2026","rel":"","context":"Dans &quot;DPC&quot;","block_context":{"text":"DPC","link":"https:\/\/www.wallendorff.com\/belogue\/category\/dpc\/"},"img":{"alt_text":"","src":"https:\/\/i0.wp.com\/www.wallendorff.com\/belogue\/wp-content\/uploads\/2024\/06\/20240614-19.jpg?resize=350%2C200&ssl=1","width":350,"height":200,"srcset":"https:\/\/i0.wp.com\/www.wallendorff.com\/belogue\/wp-content\/uploads\/2024\/06\/20240614-19.jpg?resize=350%2C200&ssl=1 1x, https:\/\/i0.wp.com\/www.wallendorff.com\/belogue\/wp-content\/uploads\/2024\/06\/20240614-19.jpg?resize=525%2C300&ssl=1 1.5x, https:\/\/i0.wp.com\/www.wallendorff.com\/belogue\/wp-content\/uploads\/2024\/06\/20240614-19.jpg?resize=700%2C400&ssl=1 2x, https:\/\/i0.wp.com\/www.wallendorff.com\/belogue\/wp-content\/uploads\/2024\/06\/20240614-19.jpg?resize=1050%2C600&ssl=1 3x"},"classes":[]},{"id":4122,"url":"https:\/\/www.wallendorff.com\/belogue\/2009\/04\/07\/precis-dans-dlarret-public\/","url_meta":{"origin":13002,"position":2},"title":"Pr\u00e9cis dans d&rsquo;l&rsquo;arr\u00eat public.","author":"dpc","date":"7 avril 2009","format":false,"excerpt":"Puisqu'on prive ma ligne de station R\u00e9publique pour les deux mois \u00e0 venir, consolons-nous avec cet inestimable document d'images en mouvement qui voit une rame s'arr\u00eater dans la dite station et laisser ses passagers aller prendre la pour rejoindre les bas de quais de Gare de l'Est ou la pour\u2026","rel":"","context":"Dans &quot;DPC&quot;","block_context":{"text":"DPC","link":"https:\/\/www.wallendorff.com\/belogue\/category\/dpc\/"},"img":{"alt_text":"","src":"","width":0,"height":0},"classes":[]},{"id":19335,"url":"https:\/\/www.wallendorff.com\/belogue\/2012\/10\/19\/muse-the-joy-formidable-palais-omnisports-de-paris-bercy\/","url_meta":{"origin":13002,"position":3},"title":"Muse + The Joy Formidable @ Palais omnisports de Paris-Bercy.","author":"dpc","date":"19 octobre 2012","format":false,"excerpt":"The 2nd Law: Unsustainable | Supremacy | Map of the Problematique | Supermassive Black Hole | Resistance | Panic Station | Animals \/ Monty Jam | Explorers | Falling Down | Host | Time Is Running Out | Liquid State | Madness | Follow Me | Undisclosed Desires | Plug\u2026","rel":"","context":"Dans &quot;Alive&quot;","block_context":{"text":"Alive","link":"https:\/\/www.wallendorff.com\/belogue\/category\/alive\/"},"img":{"alt_text":"","src":"https:\/\/i0.wp.com\/www.wallendorff.com\/belogue\/wp-content\/uploads\/2015\/04\/201210191.jpg?resize=350%2C200&ssl=1","width":350,"height":200,"srcset":"https:\/\/i0.wp.com\/www.wallendorff.com\/belogue\/wp-content\/uploads\/2015\/04\/201210191.jpg?resize=350%2C200&ssl=1 1x, https:\/\/i0.wp.com\/www.wallendorff.com\/belogue\/wp-content\/uploads\/2015\/04\/201210191.jpg?resize=525%2C300&ssl=1 1.5x, https:\/\/i0.wp.com\/www.wallendorff.com\/belogue\/wp-content\/uploads\/2015\/04\/201210191.jpg?resize=700%2C400&ssl=1 2x"},"classes":[]},{"id":4127,"url":"https:\/\/www.wallendorff.com\/belogue\/2009\/04\/08\/shooting-people-50\/","url_meta":{"origin":13002,"position":4},"title":"Shooting people #50&frac12;.","author":"dpc","date":"8 avril 2009","format":false,"excerpt":"Place Dalida, Paris, 2 mars. Josh Ritter \u2013 Chelsea Hotel #2 (Leonard Cohen cover) (live) Encul\u00e9\u00e9\u00e9\u00e9\u00e9\u00e9\u00e9\u00e9\u00e9\u00e9s.","rel":"","context":"Dans &quot;Portraits&quot;","block_context":{"text":"Portraits","link":"https:\/\/www.wallendorff.com\/belogue\/category\/portraits\/"},"img":{"alt_text":"","src":"https:\/\/i0.wp.com\/www.wallendorff.com\/belogue\/wp-content\/uploads\/2015\/04\/200904081.jpg?resize=350%2C200&ssl=1","width":350,"height":200},"classes":[]},{"id":4136,"url":"https:\/\/www.wallendorff.com\/belogue\/2009\/04\/13\/handsome-furs-dag-for-dag-la-maroquinerie-paris-11-avril\/","url_meta":{"origin":13002,"position":5},"title":"Handsome Furs + Dag f\u00f6r Dag @ la Maroquinerie, Paris, 11 avril.","author":"dpc","date":"13 avril 2009","format":false,"excerpt":"\u00a0 Blood Red Shoes \u2013 It's Getting Boring by the Sea Dag f\u00f6r Dag Handsome Furs","rel":"","context":"Dans &quot;Alive&quot;","block_context":{"text":"Alive","link":"https:\/\/www.wallendorff.com\/belogue\/category\/alive\/"},"img":{"alt_text":"","src":"https:\/\/i0.wp.com\/www.wallendorff.com\/belogue\/wp-content\/uploads\/2015\/04\/200904131.jpg?resize=350%2C200&ssl=1","width":350,"height":200,"srcset":"https:\/\/i0.wp.com\/www.wallendorff.com\/belogue\/wp-content\/uploads\/2015\/04\/200904131.jpg?resize=350%2C200&ssl=1 1x, https:\/\/i0.wp.com\/www.wallendorff.com\/belogue\/wp-content\/uploads\/2015\/04\/200904131.jpg?resize=525%2C300&ssl=1 1.5x, https:\/\/i0.wp.com\/www.wallendorff.com\/belogue\/wp-content\/uploads\/2015\/04\/200904131.jpg?resize=700%2C400&ssl=1 2x"},"classes":[]}],"_links":{"self":[{"href":"https:\/\/www.wallendorff.com\/belogue\/wp-json\/wp\/v2\/posts\/13002","targetHints":{"allow":["GET"]}}],"collection":[{"href":"https:\/\/www.wallendorff.com\/belogue\/wp-json\/wp\/v2\/posts"}],"about":[{"href":"https:\/\/www.wallendorff.com\/belogue\/wp-json\/wp\/v2\/types\/post"}],"author":[{"embeddable":true,"href":"https:\/\/www.wallendorff.com\/belogue\/wp-json\/wp\/v2\/users\/1"}],"replies":[{"embeddable":true,"href":"https:\/\/www.wallendorff.com\/belogue\/wp-json\/wp\/v2\/comments?post=13002"}],"version-history":[{"count":1,"href":"https:\/\/www.wallendorff.com\/belogue\/wp-json\/wp\/v2\/posts\/13002\/revisions"}],"predecessor-version":[{"id":14987,"href":"https:\/\/www.wallendorff.com\/belogue\/wp-json\/wp\/v2\/posts\/13002\/revisions\/14987"}],"wp:featuredmedia":[{"embeddable":true,"href":"https:\/\/www.wallendorff.com\/belogue\/wp-json\/wp\/v2\/media\/26195"}],"wp:attachment":[{"href":"https:\/\/www.wallendorff.com\/belogue\/wp-json\/wp\/v2\/media?parent=13002"}],"wp:term":[{"taxonomy":"category","embeddable":true,"href":"https:\/\/www.wallendorff.com\/belogue\/wp-json\/wp\/v2\/categories?post=13002"},{"taxonomy":"post_tag","embeddable":true,"href":"https:\/\/www.wallendorff.com\/belogue\/wp-json\/wp\/v2\/tags?post=13002"}],"curies":[{"name":"wp","href":"https:\/\/api.w.org\/{rel}","templated":true}]}}