{"id":12967,"date":"2011-07-05T13:05:15","date_gmt":"2011-07-05T11:05:15","guid":{"rendered":"http:\/\/www.po-l.com\/belogue\/?p=12967"},"modified":"2018-05-23T08:20:18","modified_gmt":"2018-05-23T06:20:18","slug":"main-square-festival-jour-1","status":"publish","type":"post","link":"https:\/\/www.wallendorff.com\/belogue\/2011\/07\/05\/main-square-festival-jour-1\/","title":{"rendered":"Main Square Festival 2011, jour 1."},"content":{"rendered":"\n<div id=\"photo\">\n<p><img decoding=\"async\" src=\"https:\/\/www.wallendorff.com\/belogue\/photo\/2011\/07\/20110705.jpg\" \/><\/p>\n<\/p><\/div>\n<p>Un bracelet bleu, du soleil, de la poussi&egrave;re, un biscuit mou mou, des bi&egrave;res qui volent, des gens en latex, une couille, des sandouiches &agrave; la viande, une culotte, des barbes, des Anglais, des chapeaux Ricard<sup>&reg;<\/sup> et une \u00e9chancrure. La suite demain.<\/p>\n<div id=\"bandeson\">\n<p><img decoding=\"async\" src=\"https:\/\/www.wallendorff.com\/belogue\/photo\/pochettes\/s\/shaka_ponk-the_geeks_and_the_jerkin_socks.jpg\" align=\"left\" \/>&nbsp;<a href=\"http:\/\/www.shakaponk.com\/\">Shaka Ponk<\/a> &ndash; <em>Reset After All<\/em><\/p>\n<\/p><\/div>\n<h1>Warpaint, Green Room, 16h25<\/h1>ngg_shortcode_0_placeholder<h1>Shaka Ponk, Grande sc&egrave;ne, 17h40<\/h1>ngg_shortcode_1_placeholder<h1>Limp Bizkit, Grande sc&egrave;ne, 19h10<\/h1>ngg_shortcode_2_placeholder<h1>Queens of the Stone Age, Grande sc&egrave;ne, 20h45<\/h1>ngg_shortcode_3_placeholder<h1>Selah Sue, Green Room, 20h50<\/h1>ngg_shortcode_4_placeholder<h1>Eels, Green Room, 22h30<\/h1>ngg_shortcode_5_placeholder<h1>Beady Eye, Green Room, 00h25<\/h1>ngg_shortcode_6_placeholder<h1>The Chemical Brothers, Grande sc&egrave;ne, 01h05<\/h1>ngg_shortcode_7_placeholder","protected":false},"excerpt":{"rendered":"<p>Un bracelet bleu, du soleil, de la poussi&egrave;re, un biscuit mou mou, des bi&egrave;res qui volent, des gens en latex, une couille, des sandouiches &agrave; la viande, une culotte, des barbes, des Anglais, des chapeaux Ricard&reg; et une \u00e9chancrure. La suite demain. &nbsp;Shaka Ponk &ndash; Reset After All Warpaint, Green Room, 16h25 Shaka Ponk, Grande&hellip;<\/p>\n","protected":false},"author":1,"featured_media":26189,"comment_status":"open","ping_status":"open","sticky":false,"template":"","format":"standard","meta":{"_acf_changed":false,"ngg_post_thumbnail":0,"jetpack_post_was_ever_published":false,"_jetpack_newsletter_access":"","_jetpack_dont_email_post_to_subs":false,"_jetpack_newsletter_tier_id":0,"_jetpack_memberships_contains_paywalled_content":false,"_jetpack_memberships_contains_paid_content":false,"footnotes":"","jetpack_publicize_message":"","jetpack_publicize_feature_enabled":true,"jetpack_social_post_already_shared":false,"jetpack_social_options":{"image_generator_settings":{"template":"highway","default_image_id":0,"font":"","enabled":false},"version":2}},"categories":[7],"tags":[10490,10869,2571,196,181,187,2615,10786,10136,10120,10685,10911,10489,10908,10492,408,10491,10292,5037,10912,10910,5036,10909],"class_list":["post-12967","post","type-post","status-publish","format-standard","has-post-thumbnail","hentry","category-alive","tag-arras","tag-beady-eye","tag-ef-16-35-mm-f28l-ii-usm","tag-ef-28-70-mm-f28l-usm","tag-ef-70-200-mm-f28l-usm","tag-eos-1d-mark-ii","tag-eos-5d-mark-ii","tag-eels","tag-festival","tag-france","tag-liam-gallagher","tag-limp-bizkit","tag-main-square-festival","tag-main-square-festival-2011","tag-nord-pas-de-calais","tag-oasis","tag-pas-de-calais","tag-queens-of-the-stone-age","tag-reset-after-all","tag-selah-sue","tag-shaka-ponk","tag-the-chemical-brothers","tag-warpaint"],"acf":[],"geo":{"latitude":50.2830086,"longitude":2.7600901,"description":"62000 Arras, France"},"jetpack_publicize_connections":[],"jetpack_featured_media_url":"https:\/\/www.wallendorff.com\/belogue\/wp-content\/uploads\/2015\/04\/201107051.jpg","jetpack_shortlink":"https:\/\/wp.me\/p3b35P-3n9","jetpack_sharing_enabled":true,"jetpack-related-posts":[{"id":18080,"url":"https:\/\/www.wallendorff.com\/belogue\/2012\/07\/05\/main-square-festival-2012-jour-3\/","url_meta":{"origin":12967,"position":0},"title":"Main Square Festival 2012, jour 3.","author":"dpc","date":"5 juillet 2012","format":false,"excerpt":"Retrouver son parking magique. Faire un auto-portrait avec la foule. Attendre le quatri\u00e8me titre d'Incubus. Monter le fichaille sur Rhubarbe juste au cas o\u00f9 le Frah descendrait dans la foule comme l'ann\u00e9e derni\u00e8re. Se trouver pile \u00e0 c\u00f4t\u00e9 du Frah lorsque qu'il d\u00e9cide de descendre dans la foule comme l'ann\u00e9e\u2026","rel":"","context":"Dans &quot;Alive&quot;","block_context":{"text":"Alive","link":"https:\/\/www.wallendorff.com\/belogue\/category\/alive\/"},"img":{"alt_text":"","src":"https:\/\/i0.wp.com\/www.wallendorff.com\/belogue\/wp-content\/uploads\/2015\/04\/201207051.jpg?resize=350%2C200&ssl=1","width":350,"height":200,"srcset":"https:\/\/i0.wp.com\/www.wallendorff.com\/belogue\/wp-content\/uploads\/2015\/04\/201207051.jpg?resize=350%2C200&ssl=1 1x, https:\/\/i0.wp.com\/www.wallendorff.com\/belogue\/wp-content\/uploads\/2015\/04\/201207051.jpg?resize=525%2C300&ssl=1 1.5x, https:\/\/i0.wp.com\/www.wallendorff.com\/belogue\/wp-content\/uploads\/2015\/04\/201207051.jpg?resize=700%2C400&ssl=1 2x"},"classes":[]},{"id":18027,"url":"https:\/\/www.wallendorff.com\/belogue\/2012\/07\/03\/main-square-festival-2012-jour-1\/","url_meta":{"origin":12967,"position":1},"title":"Main Square Festival 2012, jour 1.","author":"dpc","date":"3 juillet 2012","format":false,"excerpt":"Retrouver son parking magique. Choper du Ricard\u00ae. Choper des petits fours. Tenter les frites bio. Croiser un guitariste. Vexer les Brigitte. Chanter joyeux anniversaire \u00e0 un roadie de 65 ans. Trouver des airs de Dracula \u00e0 Tom Smith. Manquer de se retrouver derri\u00e8re le bar de la Green Room. Boire\u2026","rel":"","context":"Dans &quot;Alive&quot;","block_context":{"text":"Alive","link":"https:\/\/www.wallendorff.com\/belogue\/category\/alive\/"},"img":{"alt_text":"","src":"https:\/\/i0.wp.com\/www.wallendorff.com\/belogue\/wp-content\/uploads\/2015\/04\/201207031.jpg?resize=350%2C200&ssl=1","width":350,"height":200,"srcset":"https:\/\/i0.wp.com\/www.wallendorff.com\/belogue\/wp-content\/uploads\/2015\/04\/201207031.jpg?resize=350%2C200&ssl=1 1x, https:\/\/i0.wp.com\/www.wallendorff.com\/belogue\/wp-content\/uploads\/2015\/04\/201207031.jpg?resize=525%2C300&ssl=1 1.5x, https:\/\/i0.wp.com\/www.wallendorff.com\/belogue\/wp-content\/uploads\/2015\/04\/201207031.jpg?resize=700%2C400&ssl=1 2x"},"classes":[]},{"id":18107,"url":"https:\/\/www.wallendorff.com\/belogue\/2012\/07\/06\/main-square-festival-2012-hors-scenes\/","url_meta":{"origin":12967,"position":2},"title":"Main Square Festival 2012, hors-sc\u00e8ne[s].","author":"dpc","date":"6 juillet 2012","format":false,"excerpt":"Pfiou, voil\u00e0 c'est tout. Et \u00e0 part \u00e7a, rien. \u00c0 l'ann\u00e9e prochaine, ma foi. Le premier jour (Kasabian, Editors, Garbage) est par ici. Le deuxi\u00e8me jour (Pearl Jam, Florence and the Machine, Skip the Use) est par l\u00e0. Le troisi\u00e8me jour (Shaka Ponk, Incubus, The Mars Volta) est par l\u00e0.\u2026","rel":"","context":"Dans &quot;Alive&quot;","block_context":{"text":"Alive","link":"https:\/\/www.wallendorff.com\/belogue\/category\/alive\/"},"img":{"alt_text":"","src":"https:\/\/i0.wp.com\/www.wallendorff.com\/belogue\/wp-content\/uploads\/2015\/04\/201207061.jpg?resize=350%2C200&ssl=1","width":350,"height":200,"srcset":"https:\/\/i0.wp.com\/www.wallendorff.com\/belogue\/wp-content\/uploads\/2015\/04\/201207061.jpg?resize=350%2C200&ssl=1 1x, https:\/\/i0.wp.com\/www.wallendorff.com\/belogue\/wp-content\/uploads\/2015\/04\/201207061.jpg?resize=525%2C300&ssl=1 1.5x, https:\/\/i0.wp.com\/www.wallendorff.com\/belogue\/wp-content\/uploads\/2015\/04\/201207061.jpg?resize=700%2C400&ssl=1 2x"},"classes":[]},{"id":5732,"url":"https:\/\/www.wallendorff.com\/belogue\/2010\/01\/04\/pape-happa-pas-pas\/","url_meta":{"origin":12967,"position":3},"title":"Pape happa pas pas.","author":"dpc","date":"4 janvier 2010","format":false,"excerpt":"Rue des R\u00e9collets, Paris, 7 novembre 2009. \u00a0Herman D\u00fcne \u2013 My Home is Nowhere Without You","rel":"","context":"Dans &quot;DPC&quot;","block_context":{"text":"DPC","link":"https:\/\/www.wallendorff.com\/belogue\/category\/dpc\/"},"img":{"alt_text":"","src":"https:\/\/i0.wp.com\/www.wallendorff.com\/belogue\/wp-content\/uploads\/2015\/04\/201001041.jpg?resize=350%2C200&ssl=1","width":350,"height":200},"classes":[]},{"id":125458,"url":"https:\/\/www.wallendorff.com\/belogue\/2023\/07\/21\/paleo-festival-2023-nyon-jour-3\/","url_meta":{"origin":12967,"position":4},"title":"Pal\u00e9o Festival 2023, Nyon, jour 3.","author":"dpc","date":"21 juillet 2023","format":false,"excerpt":"Ambiance, Pal\u00e9o Festival Nyon 2023 Ambiance, Pal\u00e9o Festival Nyon 2023 Ambiance, Pal\u00e9o Festival Nyon 2023 Ambiance, Pal\u00e9o Festival Nyon 2023 Ambiance, Pal\u00e9o Festival Nyon 2023 Ambiance, Pal\u00e9o Festival Nyon 2023 Ambiance, Pal\u00e9o Festival Nyon 2023 Owelle, Pal\u00e9o Festival Nyon 2023 Ambiance, Pal\u00e9o Festival Nyon 2023 Ambiance, Pal\u00e9o Festival Nyon 2023\u2026","rel":"","context":"Dans &quot;Alive&quot;","block_context":{"text":"Alive","link":"https:\/\/www.wallendorff.com\/belogue\/category\/alive\/"},"img":{"alt_text":"","src":"https:\/\/i0.wp.com\/www.wallendorff.com\/belogue\/wp-content\/uploads\/2023\/07\/20230721-37.jpg?resize=350%2C200&ssl=1","width":350,"height":200,"srcset":"https:\/\/i0.wp.com\/www.wallendorff.com\/belogue\/wp-content\/uploads\/2023\/07\/20230721-37.jpg?resize=350%2C200&ssl=1 1x, https:\/\/i0.wp.com\/www.wallendorff.com\/belogue\/wp-content\/uploads\/2023\/07\/20230721-37.jpg?resize=525%2C300&ssl=1 1.5x, https:\/\/i0.wp.com\/www.wallendorff.com\/belogue\/wp-content\/uploads\/2023\/07\/20230721-37.jpg?resize=700%2C400&ssl=1 2x, https:\/\/i0.wp.com\/www.wallendorff.com\/belogue\/wp-content\/uploads\/2023\/07\/20230721-37.jpg?resize=1050%2C600&ssl=1 3x"},"classes":[]},{"id":23248,"url":"https:\/\/www.wallendorff.com\/belogue\/2014\/08\/04\/paleo-festival-nyon-24-25-juillet\/","url_meta":{"origin":12967,"position":5},"title":"Pal\u00e9o Festival, Nyon, 24-25 juillet.","author":"dpc","date":"4 ao\u00fbt 2014","format":false,"excerpt":"Jeudi sans bracelet, l'occasion d'all\u00e9ger le sac et de changer de style de photo (\u00e0 suivre, plus tard). Vendredi plus \u00e9nerv\u00e9. Il fait lourd, Skip the Use jouent sous la pluie, je me retrouve \u00e0 signer des autographes dans la fosse (une grande premi\u00e8re. Voir la photo no 37), Shaka\u2026","rel":"","context":"Dans &quot;Alive&quot;","block_context":{"text":"Alive","link":"https:\/\/www.wallendorff.com\/belogue\/category\/alive\/"},"img":{"alt_text":"","src":"https:\/\/i0.wp.com\/www.wallendorff.com\/belogue\/wp-content\/uploads\/2015\/04\/201408041.jpg?resize=350%2C200&ssl=1","width":350,"height":200,"srcset":"https:\/\/i0.wp.com\/www.wallendorff.com\/belogue\/wp-content\/uploads\/2015\/04\/201408041.jpg?resize=350%2C200&ssl=1 1x, https:\/\/i0.wp.com\/www.wallendorff.com\/belogue\/wp-content\/uploads\/2015\/04\/201408041.jpg?resize=525%2C300&ssl=1 1.5x, https:\/\/i0.wp.com\/www.wallendorff.com\/belogue\/wp-content\/uploads\/2015\/04\/201408041.jpg?resize=700%2C400&ssl=1 2x"},"classes":[]}],"_links":{"self":[{"href":"https:\/\/www.wallendorff.com\/belogue\/wp-json\/wp\/v2\/posts\/12967","targetHints":{"allow":["GET"]}}],"collection":[{"href":"https:\/\/www.wallendorff.com\/belogue\/wp-json\/wp\/v2\/posts"}],"about":[{"href":"https:\/\/www.wallendorff.com\/belogue\/wp-json\/wp\/v2\/types\/post"}],"author":[{"embeddable":true,"href":"https:\/\/www.wallendorff.com\/belogue\/wp-json\/wp\/v2\/users\/1"}],"replies":[{"embeddable":true,"href":"https:\/\/www.wallendorff.com\/belogue\/wp-json\/wp\/v2\/comments?post=12967"}],"version-history":[{"count":3,"href":"https:\/\/www.wallendorff.com\/belogue\/wp-json\/wp\/v2\/posts\/12967\/revisions"}],"predecessor-version":[{"id":37749,"href":"https:\/\/www.wallendorff.com\/belogue\/wp-json\/wp\/v2\/posts\/12967\/revisions\/37749"}],"wp:featuredmedia":[{"embeddable":true,"href":"https:\/\/www.wallendorff.com\/belogue\/wp-json\/wp\/v2\/media\/26189"}],"wp:attachment":[{"href":"https:\/\/www.wallendorff.com\/belogue\/wp-json\/wp\/v2\/media?parent=12967"}],"wp:term":[{"taxonomy":"category","embeddable":true,"href":"https:\/\/www.wallendorff.com\/belogue\/wp-json\/wp\/v2\/categories?post=12967"},{"taxonomy":"post_tag","embeddable":true,"href":"https:\/\/www.wallendorff.com\/belogue\/wp-json\/wp\/v2\/tags?post=12967"}],"curies":[{"name":"wp","href":"https:\/\/api.w.org\/{rel}","templated":true}]}}