{"id":12926,"date":"2011-06-23T10:57:22","date_gmt":"2011-06-23T08:57:22","guid":{"rendered":"http:\/\/www.po-l.com\/belogue\/?p=12926"},"modified":"2012-03-23T10:44:33","modified_gmt":"2012-03-23T08:44:33","slug":"du-pont-la-jvois","status":"publish","type":"post","link":"https:\/\/www.wallendorff.com\/belogue\/2011\/06\/23\/du-pont-la-jvois\/","title":{"rendered":"Du pont l\u00e0 j&rsquo;vois."},"content":{"rendered":"\n<div id=\"photo\">\n<p><img decoding=\"async\" src=\"https:\/\/www.wallendorff.com\/belogue\/photo\/2011\/06\/20110623.jpg\" \/><br \/>\nPont des Arts, Paris, 21 mai.<\/p>\n<\/p><\/div>\n<div id=\"bandeson\">\n<p><img decoding=\"async\" src=\"https:\/\/www.wallendorff.com\/belogue\/photo\/pochettes\/p\/pearl_jam-holiday_99.jpg\" align=\"left\" \/>&nbsp;<a href=\"http:\/\/www.tenclub.net\">Pearl Jam<\/a> &ndash; <em>Driftin&rsquo;<\/em><\/p>\n<\/p><\/div>\n","protected":false},"excerpt":{"rendered":"<p>Pont des Arts, Paris, 21 mai. &nbsp;Pearl Jam &ndash; Driftin&rsquo;<\/p>\n","protected":false},"author":1,"featured_media":25990,"comment_status":"open","ping_status":"open","sticky":false,"template":"","format":"standard","meta":{"_acf_changed":false,"ngg_post_thumbnail":0,"jetpack_post_was_ever_published":false,"_jetpack_newsletter_access":"","_jetpack_dont_email_post_to_subs":false,"_jetpack_newsletter_tier_id":0,"_jetpack_memberships_contains_paywalled_content":false,"_jetpack_memberships_contains_paid_content":false,"footnotes":"","jetpack_publicize_message":"","jetpack_publicize_feature_enabled":true,"jetpack_social_post_already_shared":false,"jetpack_social_options":{"image_generator_settings":{"template":"highway","default_image_id":0,"font":"","enabled":false},"version":2}},"categories":[3],"tags":[10182,10250,10384,2571,2615,10326,10311,4983,10484,10640,10120,10589,10121,10098,10165,10368,10286],"class_list":["post-12926","post","type-post","status-publish","format-standard","has-post-thumbnail","hentry","category-dpc","tag-10182","tag-10250","tag-bateau","tag-ef-16-35-mm-f28l-ii-usm","tag-eos-5d-mark-ii","tag-crepuscule","tag-dos","tag-driftin","tag-eau","tag-fleuve","tag-france","tag-homme","tag-ile-de-france","tag-paris","tag-pearl-jam","tag-pont-des-arts","tag-seine"],"acf":[],"geo":{"latitude":48.8585587,"longitude":2.337604,"description":"Pont des Arts, 75001 Paris, France"},"jetpack_publicize_connections":[],"jetpack_featured_media_url":"https:\/\/www.wallendorff.com\/belogue\/wp-content\/uploads\/2015\/04\/201106231.jpg","jetpack_shortlink":"https:\/\/wp.me\/p3b35P-3mu","jetpack_sharing_enabled":true,"jetpack-related-posts":[{"id":3934,"url":"https:\/\/www.wallendorff.com\/belogue\/2009\/02\/23\/all-those-tomorrows\/","url_meta":{"origin":12926,"position":0},"title":"All those tomorrows.","author":"dpc","date":"23 f\u00e9vrier 2009","format":false,"excerpt":"Passerelle Simone-de-Beauvoir, Paris, 17 janvier. \u00a0Pearl Jam \u2013 Low Light","rel":"","context":"Dans &quot;DPC&quot;","block_context":{"text":"DPC","link":"https:\/\/www.wallendorff.com\/belogue\/category\/dpc\/"},"img":{"alt_text":"","src":"https:\/\/i0.wp.com\/www.wallendorff.com\/belogue\/wp-content\/uploads\/2015\/04\/200902231.jpg?resize=350%2C200&ssl=1","width":350,"height":200},"classes":[]},{"id":22382,"url":"https:\/\/www.wallendorff.com\/belogue\/2014\/01\/13\/dark-was-the-night\/","url_meta":{"origin":12926,"position":1},"title":"Dark was the night.","author":"dpc","date":"13 janvier 2014","format":false,"excerpt":"Place du Pont-des-Roches, Metz, 26 d\u00e9cembre 2013. Thumbing My Way Pearl Jam","rel":"","context":"Dans &quot;DPC&quot;","block_context":{"text":"DPC","link":"https:\/\/www.wallendorff.com\/belogue\/category\/dpc\/"},"img":{"alt_text":"","src":"https:\/\/i0.wp.com\/www.wallendorff.com\/belogue\/wp-content\/uploads\/2015\/04\/201401131.jpg?resize=350%2C200&ssl=1","width":350,"height":200,"srcset":"https:\/\/i0.wp.com\/www.wallendorff.com\/belogue\/wp-content\/uploads\/2015\/04\/201401131.jpg?resize=350%2C200&ssl=1 1x, https:\/\/i0.wp.com\/www.wallendorff.com\/belogue\/wp-content\/uploads\/2015\/04\/201401131.jpg?resize=525%2C300&ssl=1 1.5x, https:\/\/i0.wp.com\/www.wallendorff.com\/belogue\/wp-content\/uploads\/2015\/04\/201401131.jpg?resize=700%2C400&ssl=1 2x"},"classes":[]},{"id":404,"url":"https:\/\/www.wallendorff.com\/belogue\/2005\/04\/16\/pont-dit-cheries\/","url_meta":{"origin":12926,"position":2},"title":"Pont dit ch&eacute;ries.","author":"dpc","date":"16 avril 2005","format":false,"excerpt":"Pont des Arts, Paris, 11 avril. \"The sun goes up and the sun goes down I drag myself into the town.\" \u00a0The Servant \u2013 Cells (acoustic)","rel":"","context":"Dans &quot;DPC&quot;","block_context":{"text":"DPC","link":"https:\/\/www.wallendorff.com\/belogue\/category\/dpc\/"},"img":{"alt_text":"","src":"https:\/\/i0.wp.com\/www.wallendorff.com\/belogue\/wp-content\/uploads\/2015\/04\/200504161.jpg?resize=350%2C200&ssl=1","width":350,"height":200},"classes":[]},{"id":16458,"url":"https:\/\/www.wallendorff.com\/belogue\/2012\/03\/20\/maux-quon-ttriple\/","url_meta":{"origin":12926,"position":3},"title":"Maux qu&rsquo;on t&rsquo;triple.","author":"dpc","date":"20 mars 2012","format":false,"excerpt":"Pont des Arts, Paris, 24 janvier. Moralit\u00e9\u00a0: Ne jamais s'aventurer sur le pont des Arts sans sa cl\u00e9-de-13-\u00e0-d\u00e9monter-les-poubelles. The Naked and Famous \u2013 No Way (Echo Mountain Recording, 02\/03\/2012)","rel":"","context":"Dans &quot;DPC&quot;","block_context":{"text":"DPC","link":"https:\/\/www.wallendorff.com\/belogue\/category\/dpc\/"},"img":{"alt_text":"","src":"https:\/\/i0.wp.com\/www.wallendorff.com\/belogue\/wp-content\/uploads\/2015\/04\/201203201.jpg?resize=350%2C200&ssl=1","width":350,"height":200,"srcset":"https:\/\/i0.wp.com\/www.wallendorff.com\/belogue\/wp-content\/uploads\/2015\/04\/201203201.jpg?resize=350%2C200&ssl=1 1x, https:\/\/i0.wp.com\/www.wallendorff.com\/belogue\/wp-content\/uploads\/2015\/04\/201203201.jpg?resize=525%2C300&ssl=1 1.5x, https:\/\/i0.wp.com\/www.wallendorff.com\/belogue\/wp-content\/uploads\/2015\/04\/201203201.jpg?resize=700%2C400&ssl=1 2x"},"classes":[]},{"id":13056,"url":"https:\/\/www.wallendorff.com\/belogue\/2011\/07\/26\/shooting-people-87\/","url_meta":{"origin":12926,"position":4},"title":"Shooting people #87.","author":"dpc","date":"26 juillet 2011","format":false,"excerpt":"Pont des Arts, Paris, 15 juin. \u00a0Editors \u2013 These Streets Are Still Home to Me (version 2)","rel":"","context":"Dans &quot;Portraits&quot;","block_context":{"text":"Portraits","link":"https:\/\/www.wallendorff.com\/belogue\/category\/portraits\/"},"img":{"alt_text":"","src":"https:\/\/i0.wp.com\/www.wallendorff.com\/belogue\/wp-content\/uploads\/2015\/04\/201107261.jpg?resize=350%2C200&ssl=1","width":350,"height":200,"srcset":"https:\/\/i0.wp.com\/www.wallendorff.com\/belogue\/wp-content\/uploads\/2015\/04\/201107261.jpg?resize=350%2C200&ssl=1 1x, https:\/\/i0.wp.com\/www.wallendorff.com\/belogue\/wp-content\/uploads\/2015\/04\/201107261.jpg?resize=525%2C300&ssl=1 1.5x, https:\/\/i0.wp.com\/www.wallendorff.com\/belogue\/wp-content\/uploads\/2015\/04\/201107261.jpg?resize=700%2C400&ssl=1 2x"},"classes":[]},{"id":36995,"url":"https:\/\/www.wallendorff.com\/belogue\/2018\/01\/15\/into-the-wide-130\/","url_meta":{"origin":12926,"position":5},"title":"Into the wide #130.","author":"dpc","date":"15 janvier 2018","format":false,"excerpt":"Quai Fran\u00e7ois-Mitterrand, Paris, 12 octobre 2017. Question of Faith Black Rebel Motorcycle Club","rel":"","context":"Dans &quot;Into the wide&quot;","block_context":{"text":"Into the wide","link":"https:\/\/www.wallendorff.com\/belogue\/category\/into-the-wide\/"},"img":{"alt_text":"","src":"https:\/\/i0.wp.com\/www.wallendorff.com\/belogue\/wp-content\/uploads\/2018\/01\/20180115.jpg?resize=350%2C200&ssl=1","width":350,"height":200,"srcset":"https:\/\/i0.wp.com\/www.wallendorff.com\/belogue\/wp-content\/uploads\/2018\/01\/20180115.jpg?resize=350%2C200&ssl=1 1x, https:\/\/i0.wp.com\/www.wallendorff.com\/belogue\/wp-content\/uploads\/2018\/01\/20180115.jpg?resize=525%2C300&ssl=1 1.5x, https:\/\/i0.wp.com\/www.wallendorff.com\/belogue\/wp-content\/uploads\/2018\/01\/20180115.jpg?resize=700%2C400&ssl=1 2x"},"classes":[]}],"_links":{"self":[{"href":"https:\/\/www.wallendorff.com\/belogue\/wp-json\/wp\/v2\/posts\/12926","targetHints":{"allow":["GET"]}}],"collection":[{"href":"https:\/\/www.wallendorff.com\/belogue\/wp-json\/wp\/v2\/posts"}],"about":[{"href":"https:\/\/www.wallendorff.com\/belogue\/wp-json\/wp\/v2\/types\/post"}],"author":[{"embeddable":true,"href":"https:\/\/www.wallendorff.com\/belogue\/wp-json\/wp\/v2\/users\/1"}],"replies":[{"embeddable":true,"href":"https:\/\/www.wallendorff.com\/belogue\/wp-json\/wp\/v2\/comments?post=12926"}],"version-history":[{"count":1,"href":"https:\/\/www.wallendorff.com\/belogue\/wp-json\/wp\/v2\/posts\/12926\/revisions"}],"predecessor-version":[{"id":16505,"href":"https:\/\/www.wallendorff.com\/belogue\/wp-json\/wp\/v2\/posts\/12926\/revisions\/16505"}],"wp:featuredmedia":[{"embeddable":true,"href":"https:\/\/www.wallendorff.com\/belogue\/wp-json\/wp\/v2\/media\/25990"}],"wp:attachment":[{"href":"https:\/\/www.wallendorff.com\/belogue\/wp-json\/wp\/v2\/media?parent=12926"}],"wp:term":[{"taxonomy":"category","embeddable":true,"href":"https:\/\/www.wallendorff.com\/belogue\/wp-json\/wp\/v2\/categories?post=12926"},{"taxonomy":"post_tag","embeddable":true,"href":"https:\/\/www.wallendorff.com\/belogue\/wp-json\/wp\/v2\/tags?post=12926"}],"curies":[{"name":"wp","href":"https:\/\/api.w.org\/{rel}","templated":true}]}}