{"id":129219,"date":"2024-07-09T12:44:20","date_gmt":"2024-07-09T10:44:20","guid":{"rendered":"https:\/\/www.wallendorff.com\/belogue\/?p=129219"},"modified":"2024-07-09T14:00:04","modified_gmt":"2024-07-09T12:00:04","slug":"les-eurockeennes-belfort-4-6-juillet-2024","status":"publish","type":"post","link":"https:\/\/www.wallendorff.com\/belogue\/2024\/07\/09\/les-eurockeennes-belfort-4-6-juillet-2024\/","title":{"rendered":"Les Eurock\u00e9ennes, Belfort, 4 \u2013 6 juillet 2024."},"content":{"rendered":"<div id=\"photo\">\n<img decoding=\"async\" src=\"https:\/\/www.wallendorff.com\/belogue\/wp-content\/uploads\/2024\/07\/20240709.jpg\"><\/div>\n<p style=\"text-align: right;\">Parce que je suis \u00e0 un homme de <a href=\"https:\/\/www.wallendorff.com\/belogue\/2023\/07\/04\/les-eurockeennes-belfort-29-juin-2-juillet-2023\/\">tradition<\/a>&#8211;<a href=\"https:\/\/www.wallendorff.com\/belogue\/2022\/07\/06\/les-eurockeennes-belfort-30-juin-3-juillet-2022\/\">tion<\/a>&#8211;<a href=\"https:\/\/www.wallendorff.com\/belogue\/2021\/07\/25\/les-mini-eurockeennes-belfort-20-24-juillet-2021\/\">tion<\/a>&#8211;<a href=\"https:\/\/www.wallendorff.com\/belogue\/2020\/07\/05\/les-pas-eurockeennes-belfort-4-juillet\/\">tion<\/a>&#8211;<a href=\"https:\/\/www.wallendorff.com\/belogue\/2019\/07\/09\/les-eurockeennes-belfort-4-8-juillet\/\">tion<\/a>&#8211;<a href=\"https:\/\/www.wallendorff.com\/belogue\/2018\/07\/09\/les-eurokeennes-belfort-5-8-juillet\/\">tion<\/a>&#8211;<a href=\"https:\/\/www.wallendorff.com\/belogue\/2017\/07\/10\/les-eurockeennes-belfort-6-9-juillet\/\">tion<\/a>&#8211;<a href=\"https:\/\/www.wallendorff.com\/belogue\/2016\/07\/04\/les-eurockeennes-belfort-1er-3-juillet\/\">tion<\/a>&#8211;<a href=\"https:\/\/www.wallendorff.com\/belogue\/2015\/07\/06\/les-eurockeennes-belfort-3-5-juillet\/\">tion<\/a>&#8211;<a href=\"https:\/\/www.wallendorff.com\/belogue\/2014\/07\/08\/les-eurockeennes-belfort-4-6-juillet\/\">tion<\/a>&#8211;<a href=\"https:\/\/www.wallendorff.com\/belogue\/2013\/07\/08\/les-eurockeennes-belfort-4-7-juillet\/\">tion<\/a>&#8211;<a href=\"https:\/\/www.wallendorff.com\/belogue\/2012\/07\/02\/main-square-festival-arras-29-juin-1er-juillet\/\">tion<\/a>&#8211;<a href=\"https:\/\/www.wallendorff.com\/belogue\/2011\/07\/04\/main-square-festival-arras-1er-3-juillet\/\">tion<\/a>&#8211;<a href=\"https:\/\/www.wallendorff.com\/belogue\/2010\/07\/05\/main-square-festival-arras-2-4-juillet\/\">tion<\/a>&#8211;<a href=\"https:\/\/www.wallendorff.com\/belogue\/2008\/07\/07\/main-square-festival-arras-5-6-juillet\/\">tion<\/a>.<\/p>\n<p style=\"text-align: right;\">\u00c0 l&rsquo;ann\u00e9e prochaine&nbsp;?<\/p>\n<div id=\"bandeson\">\n<img decoding=\"async\" src=\"https:\/\/www.wallendorff.com\/belogue\/photo\/pochettes\/o\/oasis-roll_with_it.jpg\" align=\"left\"><a style=\"font-weight:normal\" id=\"lienmp3\" href=\"http:\/\/www.youtube.com\/watch?v=vnbaj4UmqNE\"><em>It&rsquo;s Better People<\/em><\/a><br \/>\n<a href=\"http:\/\/www.oasisinet.com\/\">Oasis<\/a><\/div>\n","protected":false},"excerpt":{"rendered":"<p>Parce que je suis \u00e0 un homme de tradition&#8211;tion&#8211;tion&#8211;tion&#8211;tion&#8211;tion&#8211;tion&#8211;tion&#8211;tion&#8211;tion&#8211;tion&#8211;tion&#8211;tion&#8211;tion&#8211;tion. \u00c0 l&rsquo;ann\u00e9e prochaine&nbsp;? It&rsquo;s Better People Oasis<\/p>\n","protected":false},"author":1,"featured_media":129222,"comment_status":"open","ping_status":"open","sticky":false,"template":"","format":"standard","meta":{"_acf_changed":false,"ngg_post_thumbnail":0,"jetpack_post_was_ever_published":false,"_jetpack_newsletter_access":"","_jetpack_dont_email_post_to_subs":false,"_jetpack_newsletter_tier_id":0,"_jetpack_memberships_contains_paywalled_content":false,"_jetpack_memberships_contains_paid_content":false,"footnotes":"","jetpack_publicize_message":"","jetpack_publicize_feature_enabled":true,"jetpack_social_post_already_shared":true,"jetpack_social_options":{"image_generator_settings":{"template":"highway","default_image_id":0,"font":"","enabled":false},"version":2}},"categories":[7],"tags":[18360,11310,18650,10109,19521,10120,10296,7815,143,408,16389,12035],"class_list":["post-129219","post","type-post","status-publish","format-standard","has-post-thumbnail","hentry","category-alive","tag-7artisans-10-mm-f-2-8-fisheye","tag-autoportrait","tag-canon-eos-r8","tag-eurockeennes","tag-eurockeennes-2024","tag-france","tag-franche-comte","tag-its-better-people","tag-noir-et-blanc","tag-oasis","tag-presquile-du-malsaucy","tag-sermamagny"],"acf":[],"geo":{"latitude":47.6851463,"longitude":6.8091631,"description":"Chemin de Cramenuz, 90300 Sermamagny, France"},"jetpack_publicize_connections":[],"jetpack_featured_media_url":"https:\/\/www.wallendorff.com\/belogue\/wp-content\/uploads\/2024\/07\/20240709.jpg","jetpack_shortlink":"https:\/\/wp.me\/p3b35P-xCb","jetpack_sharing_enabled":true,"jetpack-related-posts":[{"id":132766,"url":"https:\/\/www.wallendorff.com\/belogue\/2025\/07\/09\/les-eurockeennes-belfort-3-6-juillet-2025\/","url_meta":{"origin":129219,"position":0},"title":"Les Eurock\u00e9ennes, Belfort, 3 \u2013 6 juillet 2025.","author":"dpc","date":"9 juillet 2025","format":false,"excerpt":"Parce que je suis \u00e0 un homme de tradition - tion-tion-tion-tion-tion-tion-tion-tion-tion-tion-tion-tion-tion-tion-tion. \u00c0 l'ann\u00e9e prochaine\u00a0? It's Better People Oasis","rel":"","context":"Dans &quot;Alive&quot;","block_context":{"text":"Alive","link":"https:\/\/www.wallendorff.com\/belogue\/category\/alive\/"},"img":{"alt_text":"","src":"https:\/\/i0.wp.com\/www.wallendorff.com\/belogue\/wp-content\/uploads\/2025\/07\/20250709.jpg?resize=350%2C200&ssl=1","width":350,"height":200,"srcset":"https:\/\/i0.wp.com\/www.wallendorff.com\/belogue\/wp-content\/uploads\/2025\/07\/20250709.jpg?resize=350%2C200&ssl=1 1x, https:\/\/i0.wp.com\/www.wallendorff.com\/belogue\/wp-content\/uploads\/2025\/07\/20250709.jpg?resize=525%2C300&ssl=1 1.5x, https:\/\/i0.wp.com\/www.wallendorff.com\/belogue\/wp-content\/uploads\/2025\/07\/20250709.jpg?resize=700%2C400&ssl=1 2x, https:\/\/i0.wp.com\/www.wallendorff.com\/belogue\/wp-content\/uploads\/2025\/07\/20250709.jpg?resize=1050%2C600&ssl=1 3x"},"classes":[]},{"id":125173,"url":"https:\/\/www.wallendorff.com\/belogue\/2023\/07\/04\/les-eurockeennes-belfort-29-juin-2-juillet-2023\/","url_meta":{"origin":129219,"position":1},"title":"Les Eurock\u00e9ennes, Belfort, 29 juin \u2013 2 juillet 2023.","author":"dpc","date":"4 juillet 2023","format":false,"excerpt":"Parce que je suis \u00e0 un homme de tradition-tion-tion-tion-tion-tion-tion-tion-tion-tion-tion-tion-tion-tion. \u00c0 l'ann\u00e9e prochaine pour \u2013\u00a0esp\u00e9rons-le, en tout cas\u00a0\u2013 un retour \u00e0 la normale. It's Better People Oasis","rel":"","context":"Dans &quot;Alive&quot;","block_context":{"text":"Alive","link":"https:\/\/www.wallendorff.com\/belogue\/category\/alive\/"},"img":{"alt_text":"","src":"https:\/\/i0.wp.com\/www.wallendorff.com\/belogue\/wp-content\/uploads\/2023\/07\/20230704.jpg?resize=350%2C200&ssl=1","width":350,"height":200,"srcset":"https:\/\/i0.wp.com\/www.wallendorff.com\/belogue\/wp-content\/uploads\/2023\/07\/20230704.jpg?resize=350%2C200&ssl=1 1x, https:\/\/i0.wp.com\/www.wallendorff.com\/belogue\/wp-content\/uploads\/2023\/07\/20230704.jpg?resize=525%2C300&ssl=1 1.5x, https:\/\/i0.wp.com\/www.wallendorff.com\/belogue\/wp-content\/uploads\/2023\/07\/20230704.jpg?resize=700%2C400&ssl=1 2x, https:\/\/i0.wp.com\/www.wallendorff.com\/belogue\/wp-content\/uploads\/2023\/07\/20230704.jpg?resize=1050%2C600&ssl=1 3x"},"classes":[]},{"id":51992,"url":"https:\/\/www.wallendorff.com\/belogue\/2022\/07\/06\/les-eurockeennes-belfort-30-juin-3-juillet-2022\/","url_meta":{"origin":129219,"position":2},"title":"Les Eurock\u00e9ennes, Belfort, 30 juin \u2013 3 juillet 2022","author":"dpc","date":"6 juillet 2022","format":false,"excerpt":"Parce que je suis \u00e0 un homme de tradition-tion-tion-tion-tion-tion-tion-tion-tion-tion-tion-tion-tion. \u00c0 l'ann\u00e9e prochaine pour \u2013\u00a0esp\u00e9rons-le, en tout cas\u00a0\u2013 un retour \u00e0 la normale. It's Better People Oasis","rel":"","context":"Dans &quot;Alive&quot;","block_context":{"text":"Alive","link":"https:\/\/www.wallendorff.com\/belogue\/category\/alive\/"},"img":{"alt_text":"","src":"https:\/\/i0.wp.com\/www.wallendorff.com\/belogue\/wp-content\/uploads\/2022\/07\/20220706.jpg?resize=350%2C200&ssl=1","width":350,"height":200,"srcset":"https:\/\/i0.wp.com\/www.wallendorff.com\/belogue\/wp-content\/uploads\/2022\/07\/20220706.jpg?resize=350%2C200&ssl=1 1x, https:\/\/i0.wp.com\/www.wallendorff.com\/belogue\/wp-content\/uploads\/2022\/07\/20220706.jpg?resize=525%2C300&ssl=1 1.5x, https:\/\/i0.wp.com\/www.wallendorff.com\/belogue\/wp-content\/uploads\/2022\/07\/20220706.jpg?resize=700%2C400&ssl=1 2x, https:\/\/i0.wp.com\/www.wallendorff.com\/belogue\/wp-content\/uploads\/2022\/07\/20220706.jpg?resize=1050%2C600&ssl=1 3x"},"classes":[]},{"id":49051,"url":"https:\/\/www.wallendorff.com\/belogue\/2021\/07\/25\/les-mini-eurockeennes-belfort-20-24-juillet-2021\/","url_meta":{"origin":129219,"position":3},"title":"Les mini-Eurock\u00e9ennes, Belfort, 20 \u2013 24 juillet 2021","author":"dpc","date":"25 juillet 2021","format":false,"excerpt":"\u00c0 deux semaines et 200 m pr\u00e8s, je reste quand m\u00eame un homme de tradition-tion-tion-tion-tion-tion-tion-tion-tion-tion-tion-tion. \u00c0 l'ann\u00e9e prochaine pour \u2013\u00a0esp\u00e9rons-le, en tout cas\u00a0\u2013 un retour \u00e0 la normale. It's Better People Oasis","rel":"","context":"Dans &quot;Alive&quot;","block_context":{"text":"Alive","link":"https:\/\/www.wallendorff.com\/belogue\/category\/alive\/"},"img":{"alt_text":"","src":"https:\/\/i0.wp.com\/www.wallendorff.com\/belogue\/wp-content\/uploads\/2021\/07\/20210725.jpg?resize=350%2C200&ssl=1","width":350,"height":200,"srcset":"https:\/\/i0.wp.com\/www.wallendorff.com\/belogue\/wp-content\/uploads\/2021\/07\/20210725.jpg?resize=350%2C200&ssl=1 1x, https:\/\/i0.wp.com\/www.wallendorff.com\/belogue\/wp-content\/uploads\/2021\/07\/20210725.jpg?resize=525%2C300&ssl=1 1.5x, https:\/\/i0.wp.com\/www.wallendorff.com\/belogue\/wp-content\/uploads\/2021\/07\/20210725.jpg?resize=700%2C400&ssl=1 2x, https:\/\/i0.wp.com\/www.wallendorff.com\/belogue\/wp-content\/uploads\/2021\/07\/20210725.jpg?resize=1050%2C600&ssl=1 3x"},"classes":[]},{"id":42564,"url":"https:\/\/www.wallendorff.com\/belogue\/2019\/07\/09\/les-eurockeennes-belfort-4-8-juillet\/","url_meta":{"origin":129219,"position":4},"title":"Les Eurock\u00e9ennes, Belfort, 4 \u2013 8 juillet.","author":"dpc","date":"9 juillet 2019","format":false,"excerpt":"Parce que je suis un homme de tradition-tion-tion-tion-tion-tion-tion-tion-tion-tion. It's Better People Oasis","rel":"","context":"Dans &quot;DPC&quot;","block_context":{"text":"DPC","link":"https:\/\/www.wallendorff.com\/belogue\/category\/dpc\/"},"img":{"alt_text":"","src":"https:\/\/i0.wp.com\/www.wallendorff.com\/belogue\/wp-content\/uploads\/2019\/07\/20190709.jpg?resize=350%2C200&ssl=1","width":350,"height":200,"srcset":"https:\/\/i0.wp.com\/www.wallendorff.com\/belogue\/wp-content\/uploads\/2019\/07\/20190709.jpg?resize=350%2C200&ssl=1 1x, https:\/\/i0.wp.com\/www.wallendorff.com\/belogue\/wp-content\/uploads\/2019\/07\/20190709.jpg?resize=525%2C300&ssl=1 1.5x, https:\/\/i0.wp.com\/www.wallendorff.com\/belogue\/wp-content\/uploads\/2019\/07\/20190709.jpg?resize=700%2C400&ssl=1 2x, https:\/\/i0.wp.com\/www.wallendorff.com\/belogue\/wp-content\/uploads\/2019\/07\/20190709.jpg?resize=1050%2C600&ssl=1 3x"},"classes":[]},{"id":45939,"url":"https:\/\/www.wallendorff.com\/belogue\/2020\/07\/05\/les-pas-eurockeennes-belfort-4-juillet\/","url_meta":{"origin":129219,"position":5},"title":"Les pas-Eurock\u00e9ennes, Belfort, 4 juillet.","author":"dpc","date":"5 juillet 2020","format":false,"excerpt":"Annulation ou pas, il faut savoir rester un homme de tradition-tion-tion-tion-tion-tion-tion-tion-tion-tion-tion. [Je r\u00e9alise en publiant cette photo qu'une journ\u00e9e aux Eurock\u00e9ennes, c'est 30\u00a0000 personnes \u00e0 peu pr\u00e8s, soit en gros le nombre de personnes que ce Covid a enlev\u00e9es en France. \u00c7a donne un autre \u2013\u00a0et bien plus triste\u00a0\u2013 sens\u2026","rel":"","context":"Dans &quot;Alive&quot;","block_context":{"text":"Alive","link":"https:\/\/www.wallendorff.com\/belogue\/category\/alive\/"},"img":{"alt_text":"","src":"https:\/\/i0.wp.com\/www.wallendorff.com\/belogue\/wp-content\/uploads\/2020\/07\/20200705.jpg?resize=350%2C200&ssl=1","width":350,"height":200,"srcset":"https:\/\/i0.wp.com\/www.wallendorff.com\/belogue\/wp-content\/uploads\/2020\/07\/20200705.jpg?resize=350%2C200&ssl=1 1x, https:\/\/i0.wp.com\/www.wallendorff.com\/belogue\/wp-content\/uploads\/2020\/07\/20200705.jpg?resize=525%2C300&ssl=1 1.5x, https:\/\/i0.wp.com\/www.wallendorff.com\/belogue\/wp-content\/uploads\/2020\/07\/20200705.jpg?resize=700%2C400&ssl=1 2x, https:\/\/i0.wp.com\/www.wallendorff.com\/belogue\/wp-content\/uploads\/2020\/07\/20200705.jpg?resize=1050%2C600&ssl=1 3x"},"classes":[]}],"_links":{"self":[{"href":"https:\/\/www.wallendorff.com\/belogue\/wp-json\/wp\/v2\/posts\/129219","targetHints":{"allow":["GET"]}}],"collection":[{"href":"https:\/\/www.wallendorff.com\/belogue\/wp-json\/wp\/v2\/posts"}],"about":[{"href":"https:\/\/www.wallendorff.com\/belogue\/wp-json\/wp\/v2\/types\/post"}],"author":[{"embeddable":true,"href":"https:\/\/www.wallendorff.com\/belogue\/wp-json\/wp\/v2\/users\/1"}],"replies":[{"embeddable":true,"href":"https:\/\/www.wallendorff.com\/belogue\/wp-json\/wp\/v2\/comments?post=129219"}],"version-history":[{"count":2,"href":"https:\/\/www.wallendorff.com\/belogue\/wp-json\/wp\/v2\/posts\/129219\/revisions"}],"predecessor-version":[{"id":129221,"href":"https:\/\/www.wallendorff.com\/belogue\/wp-json\/wp\/v2\/posts\/129219\/revisions\/129221"}],"wp:featuredmedia":[{"embeddable":true,"href":"https:\/\/www.wallendorff.com\/belogue\/wp-json\/wp\/v2\/media\/129222"}],"wp:attachment":[{"href":"https:\/\/www.wallendorff.com\/belogue\/wp-json\/wp\/v2\/media?parent=129219"}],"wp:term":[{"taxonomy":"category","embeddable":true,"href":"https:\/\/www.wallendorff.com\/belogue\/wp-json\/wp\/v2\/categories?post=129219"},{"taxonomy":"post_tag","embeddable":true,"href":"https:\/\/www.wallendorff.com\/belogue\/wp-json\/wp\/v2\/tags?post=129219"}],"curies":[{"name":"wp","href":"https:\/\/api.w.org\/{rel}","templated":true}]}}