{"id":129,"date":"2006-04-19T00:00:00","date_gmt":"2006-04-19T00:00:00","guid":{"rendered":"http:\/\/www.po-l.com\/wordpress\/?p=129"},"modified":"2012-03-09T10:53:26","modified_gmt":"2012-03-09T08:53:26","slug":"sortie-l-ai-je","status":"publish","type":"post","link":"https:\/\/www.wallendorff.com\/belogue\/2006\/04\/19\/sortie-l-ai-je\/","title":{"rendered":"Sortie, l&rsquo;ai-je ?"},"content":{"rendered":"\n<div id=\"photo\">\n<p><img decoding=\"async\" src=\"http:\/\/www.po-L.com\/belogue\/photo\/2006\/04\/20060419.jpg\" \/><br \/>\n          Gare de l&rsquo;Est, Paris, 15 avril.<\/p>\n<\/p><\/div>\n<p style=\"text-align:right\">Ne pas avoir d&rsquo;id&eacute;e de bande-son,<br \/>\n        Rechercher &laquo;&nbsp;exit&nbsp;&raquo; sur son disque dur,<br \/>\n        Tomber l&agrave;-dessus,<br \/>\n        Se dire que &ccedil;a fera une tr&egrave;s bonne berceuse pour ce soir.<\/p>\n<div id=\"bandeson\">\n<p><img decoding=\"async\" src=\"https:\/\/www.wallendorff.com\/belogue\/photo\/pochettes\/r\/radiohead-ok_computer.jpg\" align=\"left\" \/>&nbsp;<a href=\"http:\/\/www.radiohead.com\/\">Radiohead<\/a> &ndash; <em>Exit Music (for a Film)<\/em><\/p>\n<\/p><\/div>\n","protected":false},"excerpt":{"rendered":"<p>Gare de l&rsquo;Est, Paris, 15 avril. Ne pas avoir d&rsquo;id&eacute;e de bande-son, Rechercher &laquo;&nbsp;exit&nbsp;&raquo; sur son disque dur, Tomber l&agrave;-dessus, Se dire que &ccedil;a fera une tr&egrave;s bonne berceuse pour ce soir. &nbsp;Radiohead &ndash; Exit Music (for a Film)<\/p>\n","protected":false},"author":1,"featured_media":24063,"comment_status":"open","ping_status":"open","sticky":false,"template":"","format":"standard","meta":{"_acf_changed":false,"ngg_post_thumbnail":0,"jetpack_post_was_ever_published":false,"_jetpack_newsletter_access":"","_jetpack_dont_email_post_to_subs":false,"_jetpack_newsletter_tier_id":0,"_jetpack_memberships_contains_paywalled_content":false,"_jetpack_memberships_contains_paid_content":false,"footnotes":"","jetpack_publicize_message":"","jetpack_publicize_feature_enabled":true,"jetpack_social_post_already_shared":false,"jetpack_social_options":{"image_generator_settings":{"template":"highway","default_image_id":0,"font":"","enabled":false},"version":2}},"categories":[3],"tags":[10267,132,1556,10120,10247,982,10121,10098,128,170,10230],"class_list":["post-129","post","type-post","status-publish","format-standard","has-post-thumbnail","hentry","category-dpc","tag-10267","tag-eos-20d","tag-exit-music-for-a-film","tag-france","tag-gare","tag-gare-de-lest","tag-ile-de-france","tag-paris","tag-radiohead","tag-sigma-70-300-mm-f4-56-dg-apo-macro","tag-vert"],"acf":[],"geo":{"latitude":48.8768845,"longitude":2.3604779,"description":null},"jetpack_publicize_connections":[],"jetpack_featured_media_url":"https:\/\/www.wallendorff.com\/belogue\/wp-content\/uploads\/2015\/04\/200604191.jpg","jetpack_shortlink":"https:\/\/wp.me\/p3b35P-25","jetpack_sharing_enabled":true,"jetpack-related-posts":[{"id":774,"url":"https:\/\/www.wallendorff.com\/belogue\/2006\/08\/28\/garde-leste\/","url_meta":{"origin":129,"position":0},"title":"Garde leste.","author":"dpc","date":"28 ao\u00fbt 2006","format":false,"excerpt":"Gare de l'Est, Paris, 27 ao\u00fbt. J'aime paaaaaaaas les matiiins. \u00a0Thom Yorke \u2013 There There (live Bridge School Benefit 2002)","rel":"","context":"Dans &quot;DPC&quot;","block_context":{"text":"DPC","link":"https:\/\/www.wallendorff.com\/belogue\/category\/dpc\/"},"img":{"alt_text":"","src":"https:\/\/i0.wp.com\/www.wallendorff.com\/belogue\/wp-content\/uploads\/2015\/04\/200608281.jpg?resize=350%2C200&ssl=1","width":350,"height":200,"srcset":"https:\/\/i0.wp.com\/www.wallendorff.com\/belogue\/wp-content\/uploads\/2015\/04\/200608281.jpg?resize=350%2C200&ssl=1 1x, https:\/\/i0.wp.com\/www.wallendorff.com\/belogue\/wp-content\/uploads\/2015\/04\/200608281.jpg?resize=525%2C300&ssl=1 1.5x"},"classes":[]},{"id":136,"url":"https:\/\/www.wallendorff.com\/belogue\/2006\/04\/26\/marche-la-ligne\/","url_meta":{"origin":129,"position":1},"title":"Marche la ligne.","author":"dpc","date":"26 avril 2006","format":false,"excerpt":"Gare de l'Est, Paris, 15 avril. Fatigu\u00e9, crev\u00e9, un sac encore vide, mais content. Und jetzt, nach London. \u00a0The White Stripes \u2013 Death Letter (Son House cover)","rel":"","context":"Dans &quot;DPC&quot;","block_context":{"text":"DPC","link":"https:\/\/www.wallendorff.com\/belogue\/category\/dpc\/"},"img":{"alt_text":"","src":"https:\/\/i0.wp.com\/www.wallendorff.com\/belogue\/wp-content\/uploads\/2015\/04\/200604261.jpg?resize=350%2C200&ssl=1","width":350,"height":200},"classes":[]},{"id":1017,"url":"https:\/\/www.wallendorff.com\/belogue\/2007\/08\/17\/monter-vite-et-haut\/","url_meta":{"origin":129,"position":2},"title":"Monter vite et haut.","author":"dpc","date":"17 ao\u00fbt 2007","format":false,"excerpt":"Gare de l'Est, Paris, 28 juillet. Il n'est rien de plus po\u00e9tique que la ti\u00e8de mollesse d'un stroopwafel chauffant patiemment au sommet de sa tasse de caf\u00e9 matinale au fond d'un bureau d\u00e9sert\u00e9, tandis qu'au loin PJ Harvey vous fait de l'\u0153il de son sourire de craie. \u00a0Wolf Parade \u2013\u2026","rel":"","context":"Dans &quot;DPC&quot;","block_context":{"text":"DPC","link":"https:\/\/www.wallendorff.com\/belogue\/category\/dpc\/"},"img":{"alt_text":"","src":"https:\/\/i0.wp.com\/www.wallendorff.com\/belogue\/wp-content\/uploads\/2015\/04\/200708171.jpg?resize=350%2C200&ssl=1","width":350,"height":200},"classes":[]},{"id":150,"url":"https:\/\/www.wallendorff.com\/belogue\/2006\/05\/13\/soi-disant-partant\/","url_meta":{"origin":129,"position":3},"title":"Soi disant partant.","author":"dpc","date":"13 mai 2006","format":false,"excerpt":"Gare de l'Est, Paris, 15 avril. Hum. J'ai de folles envies de train, moi, dis donc. [Et d'avion, n'en parlons m\u00eame pas, hein.] \u00a0The Warlocks \u2013 Come Save Us","rel":"","context":"Dans &quot;DPC&quot;","block_context":{"text":"DPC","link":"https:\/\/www.wallendorff.com\/belogue\/category\/dpc\/"},"img":{"alt_text":"","src":"https:\/\/i0.wp.com\/www.wallendorff.com\/belogue\/wp-content\/uploads\/2015\/04\/200605131.jpg?resize=350%2C200&ssl=1","width":350,"height":200},"classes":[]},{"id":7841,"url":"https:\/\/www.wallendorff.com\/belogue\/2010\/07\/13\/tout-est-lustres-quallumaient-volutes-de-the\/","url_meta":{"origin":129,"position":4},"title":"Tout est lustres qu&rsquo;allumaient volutes de th\u00e9.","author":"dpc","date":"13 juillet 2010","format":false,"excerpt":"Gare de l'Est, Paris, 6 juin. Merci la drogue. Merci. \u00a0Kasabian \u2013 Swarfiga","rel":"","context":"Dans &quot;DPC&quot;","block_context":{"text":"DPC","link":"https:\/\/www.wallendorff.com\/belogue\/category\/dpc\/"},"img":{"alt_text":"","src":"https:\/\/i0.wp.com\/www.wallendorff.com\/belogue\/wp-content\/uploads\/2015\/04\/201007131.jpg?resize=350%2C200&ssl=1","width":350,"height":200},"classes":[]},{"id":22906,"url":"https:\/\/www.wallendorff.com\/belogue\/2014\/06\/06\/dix-ans-sur-les-rails\/","url_meta":{"origin":129,"position":5},"title":"Dix ans sur les rails.","author":"dpc","date":"6 juin 2014","format":false,"excerpt":"Des Corails (des Coraux\u00a0?) puis des TGV. Des courses pour arriver \u00e0 temps, des d\u00e9parts et des arriv\u00e9es, et r\u00e9guli\u00e8rement revenir arpenter les quais quand je passe dans le quartier\u00a0; le jour, pour regarder les autres partir et chercher cet instant qui s\u00e9pare le dernier voyageur qui marche tranquillement vers\u2026","rel":"","context":"Dans &quot;DPC&quot;","block_context":{"text":"DPC","link":"https:\/\/www.wallendorff.com\/belogue\/category\/dpc\/"},"img":{"alt_text":"","src":"https:\/\/i0.wp.com\/www.wallendorff.com\/belogue\/wp-content\/uploads\/2015\/04\/200507293.jpg?resize=350%2C200&ssl=1","width":350,"height":200,"srcset":"https:\/\/i0.wp.com\/www.wallendorff.com\/belogue\/wp-content\/uploads\/2015\/04\/200507293.jpg?resize=350%2C200&ssl=1 1x, https:\/\/i0.wp.com\/www.wallendorff.com\/belogue\/wp-content\/uploads\/2015\/04\/200507293.jpg?resize=525%2C300&ssl=1 1.5x, https:\/\/i0.wp.com\/www.wallendorff.com\/belogue\/wp-content\/uploads\/2015\/04\/200507293.jpg?resize=700%2C400&ssl=1 2x"},"classes":[]}],"_links":{"self":[{"href":"https:\/\/www.wallendorff.com\/belogue\/wp-json\/wp\/v2\/posts\/129","targetHints":{"allow":["GET"]}}],"collection":[{"href":"https:\/\/www.wallendorff.com\/belogue\/wp-json\/wp\/v2\/posts"}],"about":[{"href":"https:\/\/www.wallendorff.com\/belogue\/wp-json\/wp\/v2\/types\/post"}],"author":[{"embeddable":true,"href":"https:\/\/www.wallendorff.com\/belogue\/wp-json\/wp\/v2\/users\/1"}],"replies":[{"embeddable":true,"href":"https:\/\/www.wallendorff.com\/belogue\/wp-json\/wp\/v2\/comments?post=129"}],"version-history":[{"count":1,"href":"https:\/\/www.wallendorff.com\/belogue\/wp-json\/wp\/v2\/posts\/129\/revisions"}],"predecessor-version":[{"id":16301,"href":"https:\/\/www.wallendorff.com\/belogue\/wp-json\/wp\/v2\/posts\/129\/revisions\/16301"}],"wp:featuredmedia":[{"embeddable":true,"href":"https:\/\/www.wallendorff.com\/belogue\/wp-json\/wp\/v2\/media\/24063"}],"wp:attachment":[{"href":"https:\/\/www.wallendorff.com\/belogue\/wp-json\/wp\/v2\/media?parent=129"}],"wp:term":[{"taxonomy":"category","embeddable":true,"href":"https:\/\/www.wallendorff.com\/belogue\/wp-json\/wp\/v2\/categories?post=129"},{"taxonomy":"post_tag","embeddable":true,"href":"https:\/\/www.wallendorff.com\/belogue\/wp-json\/wp\/v2\/tags?post=129"}],"curies":[{"name":"wp","href":"https:\/\/api.w.org\/{rel}","templated":true}]}}