{"id":12899,"date":"2011-06-16T11:00:27","date_gmt":"2011-06-16T09:00:27","guid":{"rendered":"http:\/\/www.po-l.com\/belogue\/?p=12899"},"modified":"2012-03-20T11:07:41","modified_gmt":"2012-03-20T09:07:41","slug":"shooting-people-with-popples-11","status":"publish","type":"post","link":"https:\/\/www.wallendorff.com\/belogue\/2011\/06\/16\/shooting-people-with-popples-11\/","title":{"rendered":"Shooting People-with-Popples #1<sup>1<\/sup>."},"content":{"rendered":"\n<div id=\"photo\">\n<p><img decoding=\"async\" src=\"https:\/\/www.wallendorff.com\/belogue\/photo\/2011\/06\/20110616.jpg\" \/><br \/>\nRue Crespin du Gast, Paris, 17 mai.<\/p>\n<\/p><\/div>\n<p style=\"text-align:right\">C&rsquo;est un rem\u00e8que de <a href=\"http:\/\/www.google.fr\/search?q=cali+amour+parfait&#038;biw=1172&#038;bih=879&#038;um=1&#038;ie=UTF-8&#038;tbm=isch&#038;source=og&#038;sa=N&#038;hl=fr&#038;tab=wi\">la pochette du premier Cali<\/a>.<\/p>\n<p style=\"text-align:right\">[On dirait pas, comme &ccedil;a, mais le chat ne s&rsquo;est pas du tout laiss&eacute; faire.]<\/p>\n<div id=\"bandeson\">\n<p><img decoding=\"async\" src=\"https:\/\/www.wallendorff.com\/belogue\/photo\/pochettes\/v\/vines_the-future_primitive.jpg\" align=\"left\" \/>&nbsp;<a href=\"http:\/\/www.thevines.com\">The Vines<\/a> &ndash; <em>Gimme Love<\/em><\/p>\n<\/p><\/div>\n<div id=\"bas_note\">\n<p>_____ <\/p>\n<p>1. Dieu que tout cela devient compliqu&eacute;.<\/p>\n<\/div>\n","protected":false},"excerpt":{"rendered":"<p>Rue Crespin du Gast, Paris, 17 mai. C&rsquo;est un rem\u00e8que de la pochette du premier Cali. [On dirait pas, comme &ccedil;a, mais le chat ne s&rsquo;est pas du tout laiss&eacute; faire.] &nbsp;The Vines &ndash; Gimme Love _____ 1. Dieu que tout cela devient compliqu&eacute;.<\/p>\n","protected":false},"author":1,"featured_media":25997,"comment_status":"open","ping_status":"open","sticky":false,"template":"","format":"standard","meta":{"_acf_changed":false,"ngg_post_thumbnail":0,"jetpack_post_was_ever_published":false,"_jetpack_newsletter_access":"","_jetpack_dont_email_post_to_subs":false,"_jetpack_newsletter_tier_id":0,"_jetpack_memberships_contains_paywalled_content":false,"_jetpack_memberships_contains_paid_content":false,"footnotes":"","jetpack_publicize_message":"","jetpack_publicize_feature_enabled":true,"jetpack_social_post_already_shared":false,"jetpack_social_options":{"image_generator_settings":{"template":"highway","default_image_id":0,"font":"","enabled":false},"version":2}},"categories":[8],"tags":[10183,10901,2571,2615,10442,4971,10120,4973,10589,10121,143,10098,10272,4969,263],"class_list":["post-12899","post","type-post","status-publish","format-standard","has-post-thumbnail","hentry","category-portraits","tag-10183","tag-cali","tag-ef-16-35-mm-f28l-ii-usm","tag-eos-5d-mark-ii","tag-chat","tag-cicatrice","tag-france","tag-gimme-love","tag-homme","tag-ile-de-france","tag-noir-et-blanc","tag-paris","tag-portrait","tag-rue-crespin-du-gast","tag-the-vines"],"acf":[],"geo":{"latitude":48.866291,"longitude":2.3818021,"description":"3 Rue Crespin du Gast, 75011 Paris, France"},"jetpack_publicize_connections":[],"jetpack_featured_media_url":"https:\/\/www.wallendorff.com\/belogue\/wp-content\/uploads\/2015\/04\/201106161.jpg","jetpack_shortlink":"https:\/\/wp.me\/p3b35P-3m3","jetpack_sharing_enabled":true,"jetpack-related-posts":[{"id":12918,"url":"https:\/\/www.wallendorff.com\/belogue\/2011\/06\/21\/shooting-people-84\/","url_meta":{"origin":12899,"position":0},"title":"Shooting people #84.","author":"dpc","date":"21 juin 2011","format":false,"excerpt":"Rue Crespin-du-Gast, Paris, 17 mai. \u00a0Oasis \u2013 Full on","rel":"","context":"Dans &quot;Portraits&quot;","block_context":{"text":"Portraits","link":"https:\/\/www.wallendorff.com\/belogue\/category\/portraits\/"},"img":{"alt_text":"","src":"https:\/\/i0.wp.com\/www.wallendorff.com\/belogue\/wp-content\/uploads\/2015\/04\/201106211.jpg?resize=350%2C200&ssl=1","width":350,"height":200},"classes":[]},{"id":12896,"url":"https:\/\/www.wallendorff.com\/belogue\/2011\/06\/20\/shiva-sregale\/","url_meta":{"origin":12899,"position":1},"title":"Shiva s&rsquo;r\u00e9gale.","author":"dpc","date":"20 juin 2011","format":false,"excerpt":"Rue Crespin du Gast, Paris, 17 mai. \u00a0I'm from Barcelona \u2013 Oversleeping (Un peu facile j'en conviens)","rel":"","context":"Dans &quot;Portraits&quot;","block_context":{"text":"Portraits","link":"https:\/\/www.wallendorff.com\/belogue\/category\/portraits\/"},"img":{"alt_text":"","src":"https:\/\/i0.wp.com\/www.wallendorff.com\/belogue\/wp-content\/uploads\/2015\/04\/201106201.jpg?resize=350%2C200&ssl=1","width":350,"height":200,"srcset":"https:\/\/i0.wp.com\/www.wallendorff.com\/belogue\/wp-content\/uploads\/2015\/04\/201106201.jpg?resize=350%2C200&ssl=1 1x, https:\/\/i0.wp.com\/www.wallendorff.com\/belogue\/wp-content\/uploads\/2015\/04\/201106201.jpg?resize=525%2C300&ssl=1 1.5x"},"classes":[]},{"id":22886,"url":"https:\/\/www.wallendorff.com\/belogue\/2014\/06\/04\/10-ans-a-la-ferme\/","url_meta":{"origin":12899,"position":2},"title":"10 ans [\u00e0 la] ferme.","author":"dpc","date":"4 juin 2014","format":false,"excerpt":"10 ans de jappement, de meuglements, de caquettements, de b\u00ealements et de piaillement. D'abord avec des toutous, puis des chats, puis tout le reste de la ferme quand na\u00eet en 2011 notre tradition de la visite annuelle au salon de la meuh-meuh (et \u00e0 l'ap\u00e9ro des producteurs de brebis). 10\u2026","rel":"","context":"Dans &quot;DPC&quot;","block_context":{"text":"DPC","link":"https:\/\/www.wallendorff.com\/belogue\/category\/dpc\/"},"img":{"alt_text":"","src":"https:\/\/i0.wp.com\/www.wallendorff.com\/belogue\/wp-content\/uploads\/2015\/04\/201204262.jpg?resize=350%2C200&ssl=1","width":350,"height":200,"srcset":"https:\/\/i0.wp.com\/www.wallendorff.com\/belogue\/wp-content\/uploads\/2015\/04\/201204262.jpg?resize=350%2C200&ssl=1 1x, https:\/\/i0.wp.com\/www.wallendorff.com\/belogue\/wp-content\/uploads\/2015\/04\/201204262.jpg?resize=525%2C300&ssl=1 1.5x, https:\/\/i0.wp.com\/www.wallendorff.com\/belogue\/wp-content\/uploads\/2015\/04\/201204262.jpg?resize=700%2C400&ssl=1 2x"},"classes":[]},{"id":129839,"url":"https:\/\/www.wallendorff.com\/belogue\/2024\/08\/05\/a-paris-a-velo-on-passe-devant-le-mcdo\/","url_meta":{"origin":12899,"position":3},"title":"\u00c0 Paris, \u00e0 v\u00e9lo [on passe devant le McDo].","author":"dpc","date":"5 ao\u00fbt 2024","format":false,"excerpt":"Bien :Je n'avais jamais chout\u00e9 de course v\u00e9locip\u00e9dique. C'\u00e9tait int\u00e9ressant \u00e0 faire.Maintenant je pourrai raconter \u00e0 tout le monde que oui oui j'ai d\u00e9j\u00e0 fait des photos aux jeux olympiques.Pas bien :J'aurais d\u00fb prendre un t\u00e9l\u00e9objectif car il y a bien des choses vues que je n'ai pu attraper.","rel":"","context":"Dans &quot;DPC&quot;","block_context":{"text":"DPC","link":"https:\/\/www.wallendorff.com\/belogue\/category\/dpc\/"},"img":{"alt_text":"","src":"https:\/\/i0.wp.com\/www.wallendorff.com\/belogue\/wp-content\/uploads\/2024\/08\/20240805-05.jpg?resize=350%2C200&ssl=1","width":350,"height":200,"srcset":"https:\/\/i0.wp.com\/www.wallendorff.com\/belogue\/wp-content\/uploads\/2024\/08\/20240805-05.jpg?resize=350%2C200&ssl=1 1x, https:\/\/i0.wp.com\/www.wallendorff.com\/belogue\/wp-content\/uploads\/2024\/08\/20240805-05.jpg?resize=525%2C300&ssl=1 1.5x, https:\/\/i0.wp.com\/www.wallendorff.com\/belogue\/wp-content\/uploads\/2024\/08\/20240805-05.jpg?resize=700%2C400&ssl=1 2x, https:\/\/i0.wp.com\/www.wallendorff.com\/belogue\/wp-content\/uploads\/2024\/08\/20240805-05.jpg?resize=1050%2C600&ssl=1 3x"},"classes":[]},{"id":20429,"url":"https:\/\/www.wallendorff.com\/belogue\/2013\/02\/13\/the-joy-formidable-la-maroquinerie-paris\/","url_meta":{"origin":12899,"position":4},"title":"The Joy Formidable @ la Maroquinerie, Paris.","author":"dpc","date":"13 f\u00e9vrier 2013","format":false,"excerpt":"Cholla | Austere | This Ladder Is Ours | The Greatest Light Is the Greatest Shade | Little Blimp | While the Flies | Cradle | Tendons | Silent Treatment | Maw Maw Song | I Don't Want to See You Like This | The Everchanging Spectrum of a Lie\u2026","rel":"","context":"Dans &quot;Alive&quot;","block_context":{"text":"Alive","link":"https:\/\/www.wallendorff.com\/belogue\/category\/alive\/"},"img":{"alt_text":"","src":"https:\/\/i0.wp.com\/www.wallendorff.com\/belogue\/wp-content\/uploads\/2015\/04\/20130213.jpg?resize=350%2C200&ssl=1","width":350,"height":200,"srcset":"https:\/\/i0.wp.com\/www.wallendorff.com\/belogue\/wp-content\/uploads\/2015\/04\/20130213.jpg?resize=350%2C200&ssl=1 1x, https:\/\/i0.wp.com\/www.wallendorff.com\/belogue\/wp-content\/uploads\/2015\/04\/20130213.jpg?resize=525%2C300&ssl=1 1.5x, https:\/\/i0.wp.com\/www.wallendorff.com\/belogue\/wp-content\/uploads\/2015\/04\/20130213.jpg?resize=700%2C400&ssl=1 2x"},"classes":[]},{"id":27426,"url":"https:\/\/www.wallendorff.com\/belogue\/2015\/05\/29\/cali-le-zenith-paris-27-mai\/","url_meta":{"origin":12899,"position":5},"title":"Cali @ le Z\u00e9nith, Paris, 27 mai.","author":"dpc","date":"29 mai 2015","format":false,"excerpt":"","rel":"","context":"Dans &quot;Alive&quot;","block_context":{"text":"Alive","link":"https:\/\/www.wallendorff.com\/belogue\/category\/alive\/"},"img":{"alt_text":"","src":"https:\/\/i0.wp.com\/www.wallendorff.com\/belogue\/wp-content\/uploads\/2015\/05\/20150529-06.jpg?resize=350%2C200&ssl=1","width":350,"height":200,"srcset":"https:\/\/i0.wp.com\/www.wallendorff.com\/belogue\/wp-content\/uploads\/2015\/05\/20150529-06.jpg?resize=350%2C200&ssl=1 1x, https:\/\/i0.wp.com\/www.wallendorff.com\/belogue\/wp-content\/uploads\/2015\/05\/20150529-06.jpg?resize=525%2C300&ssl=1 1.5x, https:\/\/i0.wp.com\/www.wallendorff.com\/belogue\/wp-content\/uploads\/2015\/05\/20150529-06.jpg?resize=700%2C400&ssl=1 2x"},"classes":[]}],"_links":{"self":[{"href":"https:\/\/www.wallendorff.com\/belogue\/wp-json\/wp\/v2\/posts\/12899","targetHints":{"allow":["GET"]}}],"collection":[{"href":"https:\/\/www.wallendorff.com\/belogue\/wp-json\/wp\/v2\/posts"}],"about":[{"href":"https:\/\/www.wallendorff.com\/belogue\/wp-json\/wp\/v2\/types\/post"}],"author":[{"embeddable":true,"href":"https:\/\/www.wallendorff.com\/belogue\/wp-json\/wp\/v2\/users\/1"}],"replies":[{"embeddable":true,"href":"https:\/\/www.wallendorff.com\/belogue\/wp-json\/wp\/v2\/comments?post=12899"}],"version-history":[{"count":1,"href":"https:\/\/www.wallendorff.com\/belogue\/wp-json\/wp\/v2\/posts\/12899\/revisions"}],"predecessor-version":[{"id":16457,"href":"https:\/\/www.wallendorff.com\/belogue\/wp-json\/wp\/v2\/posts\/12899\/revisions\/16457"}],"wp:featuredmedia":[{"embeddable":true,"href":"https:\/\/www.wallendorff.com\/belogue\/wp-json\/wp\/v2\/media\/25997"}],"wp:attachment":[{"href":"https:\/\/www.wallendorff.com\/belogue\/wp-json\/wp\/v2\/media?parent=12899"}],"wp:term":[{"taxonomy":"category","embeddable":true,"href":"https:\/\/www.wallendorff.com\/belogue\/wp-json\/wp\/v2\/categories?post=12899"},{"taxonomy":"post_tag","embeddable":true,"href":"https:\/\/www.wallendorff.com\/belogue\/wp-json\/wp\/v2\/tags?post=12899"}],"curies":[{"name":"wp","href":"https:\/\/api.w.org\/{rel}","templated":true}]}}