{"id":12887,"date":"2011-06-15T10:39:24","date_gmt":"2011-06-15T08:39:24","guid":{"rendered":"http:\/\/www.po-l.com\/belogue\/?p=12887"},"modified":"2012-03-19T14:50:53","modified_gmt":"2012-03-19T12:50:53","slug":"claque-ca-baffe","status":"publish","type":"post","link":"https:\/\/www.wallendorff.com\/belogue\/2011\/06\/15\/claque-ca-baffe\/","title":{"rendered":"Claque \u00e7a baffe."},"content":{"rendered":"\n<div id=\"photo\">\n<p><img decoding=\"async\" src=\"https:\/\/www.wallendorff.com\/belogue\/photo\/2011\/06\/20110615.jpg\" \/><br \/>\nShakespeare and Company, Paris, 9 mai.<\/p>\n<\/p><\/div>\n<p style=\"text-align:right\">[Ouuuuh que c&rsquo;est tir&eacute; par les cheveux.]<\/p>\n<div id=\"bandeson\">\n<p><img decoding=\"async\" src=\"https:\/\/www.wallendorff.com\/belogue\/photo\/pochettes\/g\/guillemots-annie_lets_not_wait2.jpg\" align=\"left\" \/>&nbsp;<a href=\"http:\/\/www.guillemots.com\">Guillemots<\/a> &ndash; <em>Take Me Out<\/em> (Franz Ferdinand cover) (BBC Radio 1 Live Lounge)<\/p>\n<\/p><\/div>\n","protected":false},"excerpt":{"rendered":"<p>Shakespeare and Company, Paris, 9 mai. [Ouuuuh que c&rsquo;est tir&eacute; par les cheveux.] &nbsp;Guillemots &ndash; Take Me Out (Franz Ferdinand cover) (BBC Radio 1 Live Lounge)<\/p>\n","protected":false},"author":1,"featured_media":26001,"comment_status":"open","ping_status":"open","sticky":false,"template":"","format":"standard","meta":{"_acf_changed":false,"ngg_post_thumbnail":0,"jetpack_post_was_ever_published":false,"_jetpack_newsletter_access":"","_jetpack_dont_email_post_to_subs":false,"_jetpack_newsletter_tier_id":0,"_jetpack_memberships_contains_paywalled_content":false,"_jetpack_memberships_contains_paid_content":false,"footnotes":"","jetpack_publicize_message":"","jetpack_publicize_feature_enabled":true,"jetpack_social_post_already_shared":false,"jetpack_social_options":{"image_generator_settings":{"template":"highway","default_image_id":0,"font":"","enabled":false},"version":2}},"categories":[3],"tags":[10239,2571,2615,10240,10120,10100,10402,10121,10706,10696,143,10098,10721,10334,674,10775],"class_list":["post-12887","post","type-post","status-publish","format-standard","has-post-thumbnail","hentry","category-dpc","tag-10239","tag-ef-16-35-mm-f28l-ii-usm","tag-eos-5d-mark-ii","tag-chaises","tag-france","tag-franz-ferdinand","tag-guillemots","tag-ile-de-france","tag-librairie","tag-magasin","tag-noir-et-blanc","tag-paris","tag-shakespeare-and-company","tag-table","tag-take-me-out","tag-terrasse"],"acf":[],"geo":{"latitude":48.8526115,"longitude":2.3469274,"description":"35-45 Rue de la B\u00fbcherie, 75005 Paris, France"},"jetpack_publicize_connections":[],"jetpack_featured_media_url":"https:\/\/www.wallendorff.com\/belogue\/wp-content\/uploads\/2015\/04\/201106151.jpg","jetpack_shortlink":"https:\/\/wp.me\/p3b35P-3lR","jetpack_sharing_enabled":true,"jetpack-related-posts":[{"id":18599,"url":"https:\/\/www.wallendorff.com\/belogue\/2012\/08\/10\/pas-dessus-mes-cent-feuilles\/","url_meta":{"origin":12887,"position":0},"title":"Pas dessus mes cent feuilles.","author":"dpc","date":"10 ao\u00fbt 2012","format":false,"excerpt":"Shakespeare & Co., Paris, 7 juin. Isobel Campbell \u2013 Walk Away (Franz Ferdinand cover)","rel":"","context":"Dans &quot;DPC&quot;","block_context":{"text":"DPC","link":"https:\/\/www.wallendorff.com\/belogue\/category\/dpc\/"},"img":{"alt_text":"","src":"https:\/\/i0.wp.com\/www.wallendorff.com\/belogue\/wp-content\/uploads\/2015\/04\/201208101.jpg?resize=350%2C200&ssl=1","width":350,"height":200,"srcset":"https:\/\/i0.wp.com\/www.wallendorff.com\/belogue\/wp-content\/uploads\/2015\/04\/201208101.jpg?resize=350%2C200&ssl=1 1x, https:\/\/i0.wp.com\/www.wallendorff.com\/belogue\/wp-content\/uploads\/2015\/04\/201208101.jpg?resize=525%2C300&ssl=1 1.5x, https:\/\/i0.wp.com\/www.wallendorff.com\/belogue\/wp-content\/uploads\/2015\/04\/201208101.jpg?resize=700%2C400&ssl=1 2x"},"classes":[]},{"id":3860,"url":"https:\/\/www.wallendorff.com\/belogue\/2009\/02\/01\/blog-note-%e2%80%95-janvier-2009\/","url_meta":{"origin":12887,"position":1},"title":"Blog-note \u2015 janvier 2009.","author":"dpc","date":"1 f\u00e9vrier 2009","format":false,"excerpt":"Albums Eagles of Death Metal \u2013 Heart on The Black Box Revelation \u2013 Set Your Head on Fire Ipod John C. Reilly \u2013 Walk Hard: the Dewey Cox Story Franz Ferdinand \u2013 Tonight: Franz Ferdinand 5 titres The Black Box Revelation \u2013 I Don't Want It Chairlift \u2013 Bruises CSS\u2026","rel":"","context":"Dans &quot;Blog-note&quot;","block_context":{"text":"Blog-note","link":"https:\/\/www.wallendorff.com\/belogue\/category\/blog-note\/"},"img":{"alt_text":"","src":"","width":0,"height":0},"classes":[]},{"id":38063,"url":"https:\/\/www.wallendorff.com\/belogue\/2018\/05\/03\/franz-ferdinand-le-zenith-paris-27-fevrier-2018\/","url_meta":{"origin":12887,"position":2},"title":"Franz Ferdinand @ le Z\u00e9nith, Paris, 27 f\u00e9vrier 2018.","author":"dpc","date":"3 mai 2018","format":false,"excerpt":"Always Ascending Franz Ferdinand","rel":"","context":"Dans &quot;Alive&quot;","block_context":{"text":"Alive","link":"https:\/\/www.wallendorff.com\/belogue\/category\/alive\/"},"img":{"alt_text":"","src":"https:\/\/i0.wp.com\/www.wallendorff.com\/belogue\/wp-content\/uploads\/2018\/05\/20180503-20.jpg?resize=350%2C200&ssl=1","width":350,"height":200,"srcset":"https:\/\/i0.wp.com\/www.wallendorff.com\/belogue\/wp-content\/uploads\/2018\/05\/20180503-20.jpg?resize=350%2C200&ssl=1 1x, https:\/\/i0.wp.com\/www.wallendorff.com\/belogue\/wp-content\/uploads\/2018\/05\/20180503-20.jpg?resize=525%2C300&ssl=1 1.5x, https:\/\/i0.wp.com\/www.wallendorff.com\/belogue\/wp-content\/uploads\/2018\/05\/20180503-20.jpg?resize=700%2C400&ssl=1 2x, https:\/\/i0.wp.com\/www.wallendorff.com\/belogue\/wp-content\/uploads\/2018\/05\/20180503-20.jpg?resize=1050%2C600&ssl=1 3x"},"classes":[]},{"id":12701,"url":"https:\/\/www.wallendorff.com\/belogue\/2011\/05\/03\/guillemots-le-cafe-de-la-danse-paris\/","url_meta":{"origin":12887,"position":3},"title":"Guillemots @ le Caf\u00e9 de la Danse, Paris.","author":"dpc","date":"3 mai 2011","format":false,"excerpt":"Ou comment une soir\u00e9e qui d\u00e9marre mollement devant une salle assise et un pied de sc\u00e8ne d\u00e9sert peut subitement d\u00e9coller \u00e0 partir de Train to Brazil. On se l\u00e8ve, on descend, on s'approche. Un Made-Up Lovesong #43 magique et un Blue Would Still Be Blue intime par un Fyfe Dangerfield\u2026","rel":"","context":"Dans &quot;Alive&quot;","block_context":{"text":"Alive","link":"https:\/\/www.wallendorff.com\/belogue\/category\/alive\/"},"img":{"alt_text":"","src":"https:\/\/i0.wp.com\/www.wallendorff.com\/belogue\/wp-content\/uploads\/2015\/04\/201105031.jpg?resize=350%2C200&ssl=1","width":350,"height":200,"srcset":"https:\/\/i0.wp.com\/www.wallendorff.com\/belogue\/wp-content\/uploads\/2015\/04\/201105031.jpg?resize=350%2C200&ssl=1 1x, https:\/\/i0.wp.com\/www.wallendorff.com\/belogue\/wp-content\/uploads\/2015\/04\/201105031.jpg?resize=525%2C300&ssl=1 1.5x, https:\/\/i0.wp.com\/www.wallendorff.com\/belogue\/wp-content\/uploads\/2015\/04\/201105031.jpg?resize=700%2C400&ssl=1 2x"},"classes":[]},{"id":5177,"url":"https:\/\/www.wallendorff.com\/belogue\/2009\/11\/27\/franz-ferdinand-the-cribs-john-and-jehn-le-zenith-paris\/","url_meta":{"origin":12887,"position":4},"title":"Franz Ferdinand + The Cribs + John and Jehn @ le Z\u00e9nith, Paris.","author":"dpc","date":"27 novembre 2009","format":false,"excerpt":"\u00a0Franz Ferdinand \u2013 Take Me Out (live Pal\u00e9o 2009) (pour rester dans l'ambiance) J'aurai donc vu Franz Ferdinand six fois. Trois fois au \u00c9tats-Unis, trois fois en France, quatre fois au complet, une fois avec un bassiste alimentairement intoxiqu\u00e9, une fois avec un guitariste \u00e9clop\u00e9, une fois avec un batteur\u2026","rel":"","context":"Dans &quot;Alive&quot;","block_context":{"text":"Alive","link":"https:\/\/www.wallendorff.com\/belogue\/category\/alive\/"},"img":{"alt_text":"","src":"https:\/\/i0.wp.com\/www.wallendorff.com\/belogue\/wp-content\/uploads\/2015\/04\/200911271.jpg?resize=350%2C200&ssl=1","width":350,"height":200,"srcset":"https:\/\/i0.wp.com\/www.wallendorff.com\/belogue\/wp-content\/uploads\/2015\/04\/200911271.jpg?resize=350%2C200&ssl=1 1x, https:\/\/i0.wp.com\/www.wallendorff.com\/belogue\/wp-content\/uploads\/2015\/04\/200911271.jpg?resize=525%2C300&ssl=1 1.5x, https:\/\/i0.wp.com\/www.wallendorff.com\/belogue\/wp-content\/uploads\/2015\/04\/200911271.jpg?resize=700%2C400&ssl=1 2x"},"classes":[]},{"id":7920,"url":"https:\/\/www.wallendorff.com\/belogue\/2010\/07\/27\/man-on-the-mourn\/","url_meta":{"origin":12887,"position":5},"title":"Man on the Mourn.","author":"dpc","date":"27 juillet 2010","format":false,"excerpt":"Rue Oberkampf, Paris, 25 juin. [Les m\u00eames, oui.] \u00a0Guillemots \u2013 Redwings","rel":"","context":"Dans &quot;DPC&quot;","block_context":{"text":"DPC","link":"https:\/\/www.wallendorff.com\/belogue\/category\/dpc\/"},"img":{"alt_text":"","src":"https:\/\/i0.wp.com\/www.wallendorff.com\/belogue\/wp-content\/uploads\/2015\/04\/201007271.jpg?resize=350%2C200&ssl=1","width":350,"height":200},"classes":[]}],"_links":{"self":[{"href":"https:\/\/www.wallendorff.com\/belogue\/wp-json\/wp\/v2\/posts\/12887","targetHints":{"allow":["GET"]}}],"collection":[{"href":"https:\/\/www.wallendorff.com\/belogue\/wp-json\/wp\/v2\/posts"}],"about":[{"href":"https:\/\/www.wallendorff.com\/belogue\/wp-json\/wp\/v2\/types\/post"}],"author":[{"embeddable":true,"href":"https:\/\/www.wallendorff.com\/belogue\/wp-json\/wp\/v2\/users\/1"}],"replies":[{"embeddable":true,"href":"https:\/\/www.wallendorff.com\/belogue\/wp-json\/wp\/v2\/comments?post=12887"}],"version-history":[{"count":1,"href":"https:\/\/www.wallendorff.com\/belogue\/wp-json\/wp\/v2\/posts\/12887\/revisions"}],"predecessor-version":[{"id":16438,"href":"https:\/\/www.wallendorff.com\/belogue\/wp-json\/wp\/v2\/posts\/12887\/revisions\/16438"}],"wp:featuredmedia":[{"embeddable":true,"href":"https:\/\/www.wallendorff.com\/belogue\/wp-json\/wp\/v2\/media\/26001"}],"wp:attachment":[{"href":"https:\/\/www.wallendorff.com\/belogue\/wp-json\/wp\/v2\/media?parent=12887"}],"wp:term":[{"taxonomy":"category","embeddable":true,"href":"https:\/\/www.wallendorff.com\/belogue\/wp-json\/wp\/v2\/categories?post=12887"},{"taxonomy":"post_tag","embeddable":true,"href":"https:\/\/www.wallendorff.com\/belogue\/wp-json\/wp\/v2\/tags?post=12887"}],"curies":[{"name":"wp","href":"https:\/\/api.w.org\/{rel}","templated":true}]}}